{"id":384963,"date":"2026-02-07T23:07:09","date_gmt":"2026-02-07T23:07:09","guid":{"rendered":"https:\/\/www.europesays.com\/es\/384963\/"},"modified":"2026-02-07T23:07:09","modified_gmt":"2026-02-07T23:07:09","slug":"rumor-filtrados-mas-detalles-del-dlc-de-the-witcher-3-que-serviria-de-puente-para-the-witcher-4","status":"publish","type":"post","link":"https:\/\/www.europesays.com\/es\/384963\/","title":{"rendered":"Rumor: Filtrados m\u00e1s detalles del DLC de The Witcher 3 que servir\u00eda de puente para The Witcher 4"},"content":{"rendered":"<p>Parece que\u00a0<a href=\"https:\/\/www.nintenderos.com\/2023\/07\/the-witcher-3-wild-hunt-recibe-la-actualizacion-4-04-con-todas-estas-novedades\/\" rel=\"nofollow noopener\" target=\"_blank\">The Witcher 3<\/a>\u00a0sigue confirmando novedades a pesar de que ya\u00a0<a href=\"https:\/\/www.nintenderos.com\/2024\/12\/the-witcher-4-asi-sera-su-adaptacion-al-espanol\/\" rel=\"nofollow noopener\" target=\"_blank\">tenemos anunciada la cuarta entrega<\/a>. Hoy nos llega informaci\u00f3n sobre\u00a0<strong>su desarrollo<\/strong>.<\/p>\n<p>Ya sab\u00e9is que hoy ha comenzado a celebrarse con una oferta que lo ha dejado\u00a0<a href=\"https:\/\/www.nintenderos.com\/2025\/05\/a-precios-minimos-historicos-asi-de-rebajadas-estan-las-ediciones-de-the-witcher-3-wild-hunt-en-la-eshop-de-nintendo-switch\/\" rel=\"nofollow noopener\" target=\"_blank\">a su precio m\u00ednimo hist\u00f3rico<\/a>. Los fans ya\u00a0<a href=\"https:\/\/www.nintenderos.com\/nintendo-switch-2\/piden-que-the-witcher-3-y-sus-nuevos-mods-en-consolas-lleguen-a-nintendo-switch-2\/\" rel=\"nofollow noopener\" target=\"_blank\">lo quieren en Switch 2<\/a>, pero ahora nos llega un rumor sin duda interesante para los fans. Sigue a\u00a0<a href=\"https:\/\/www.nintenderos.com\/nintendo-switch-2\/rumor-the-witcher-3-recibira-expansion-en-2026-como-puente-para-the-witcher-4\/\" rel=\"nofollow noopener\" target=\"_blank\">un reciente rumor que apuntaba a expansi\u00f3n en camino<\/a>, y\u00a0<a href=\"https:\/\/www.nintenderos.com\/nintendo-switch-2\/el-nuevo-dlc-de-the-witcher-3-ya-tendria-fecha-y-otros-detalles-supuestamente-filtrados\/\" rel=\"nofollow noopener\" target=\"_blank\">otro reporte<\/a>\u00a0que afirmaba que\u00a0<strong>mayo de 2026 ser\u00eda el mes se\u00f1alado para la llegada del rumoreado tercer DLC de The Witcher 3: Wild Hunt<\/strong>.<\/p>\n<p>Ahora tenemos m\u00e1s voces que apuntan en la misma direcci\u00f3n, ya que <strong>el analista polaco Chrzanowski<\/strong> ha reforzado los rumores sobre <strong>una nueva expansi\u00f3n de The Witcher 3: Wild Hunt<\/strong>, afirmando que tendr\u00eda un precio de 30 d\u00f3lares, un presupuesto de producci\u00f3n de unos 14,5 millones (sin contar marketing) y una previsi\u00f3n de ventas de hasta 11 millones de copias, adem\u00e1s de servir como puente y antesala para la campa\u00f1a de marketing de The Witcher 4.<\/p>\n<p>Otros contenidos en esta categor\u00eda:<\/p>\n<p>Como veis, esto apunta a <strong>un DLC de gran escala<\/strong> pensado no solo como contenido adicional, sino como pieza clave en la estrategia futura de CD Projekt. Habr\u00e1 que estar atentos.<\/p>\n<p>\u00bfQu\u00e9 os ha parecido? No dud\u00e9is en compartir vuestra opini\u00f3n en los comentarios.\u00a0Y ya sabes, no dudes en consultar\u00a0<a class=\"c-link c-message_attachment__title_link\" href=\"https:\/\/www.nintenderos.com\/2023\/01\/top-100-mejores-juegos-nintendo-switch\/\" target=\"_blank\" rel=\"noopener noreferrer nofollow\" data-qa=\"message_attachment_title_link\">los 110 mejores juegos de Nintendo Switch (2025)<\/a>.<\/p>\n<p><a class=\"external\" href=\"https:\/\/mynintendonews.com\/2026\/02\/07\/polish-analyst-says-rumoured-witcher-3-dlc-is-expected-to-sell-11-million-copies\/\" rel=\"nofollow noopener\" target=\"_blank\">V\u00eda<\/a>.<\/p>\n","protected":false},"excerpt":{"rendered":"Parece que\u00a0The Witcher 3\u00a0sigue confirmando novedades a pesar de que ya\u00a0tenemos anunciada la cuarta entrega. Hoy nos llega&hellip;\n","protected":false},"author":2,"featured_media":384964,"comment_status":"","ping_status":"","sticky":false,"template":"","format":"standard","meta":{"footnotes":""},"categories":[81],"tags":[119,123,124,25,24,145,117,121,122,23,118,120,72338,84121],"class_list":["post-384963","post","type-post","status-publish","format-standard","has-post-thumbnail","category-ciencia-y-tecnologia","tag-ciencia","tag-ciencia-y-tecnologia","tag-cienciaytecnologia","tag-es","tag-espana","tag-rumor","tag-science","tag-science-and-technology","tag-scienceandtechnology","tag-spain","tag-technology","tag-tecnologia","tag-the-witcher-3","tag-the-witcher-4"],"share_on_mastodon":{"url":"https:\/\/pubeurope.com\/@es\/116031864617149165","error":""},"_links":{"self":[{"href":"https:\/\/www.europesays.com\/es\/wp-json\/wp\/v2\/posts\/384963","targetHints":{"allow":["GET"]}}],"collection":[{"href":"https:\/\/www.europesays.com\/es\/wp-json\/wp\/v2\/posts"}],"about":[{"href":"https:\/\/www.europesays.com\/es\/wp-json\/wp\/v2\/types\/post"}],"author":[{"embeddable":true,"href":"https:\/\/www.europesays.com\/es\/wp-json\/wp\/v2\/users\/2"}],"replies":[{"embeddable":true,"href":"https:\/\/www.europesays.com\/es\/wp-json\/wp\/v2\/comments?post=384963"}],"version-history":[{"count":0,"href":"https:\/\/www.europesays.com\/es\/wp-json\/wp\/v2\/posts\/384963\/revisions"}],"wp:featuredmedia":[{"embeddable":true,"href":"https:\/\/www.europesays.com\/es\/wp-json\/wp\/v2\/media\/384964"}],"wp:attachment":[{"href":"https:\/\/www.europesays.com\/es\/wp-json\/wp\/v2\/media?parent=384963"}],"wp:term":[{"taxonomy":"category","embeddable":true,"href":"https:\/\/www.europesays.com\/es\/wp-json\/wp\/v2\/categories?post=384963"},{"taxonomy":"post_tag","embeddable":true,"href":"https:\/\/www.europesays.com\/es\/wp-json\/wp\/v2\/tags?post=384963"}],"curies":[{"name":"wp","href":"https:\/\/api.w.org\/{rel}","templated":true}]}}