{"id":38500,"date":"2025-08-10T16:34:08","date_gmt":"2025-08-10T16:34:08","guid":{"rendered":"https:\/\/www.europesays.com\/es\/38500\/"},"modified":"2025-08-10T16:34:08","modified_gmt":"2025-08-10T16:34:08","slug":"nuestro-largo-adios-emociones-a-flor-de-piel","status":"publish","type":"post","link":"https:\/\/www.europesays.com\/es\/38500\/","title":{"rendered":"\u201cNuestro largo adi\u00f3s\u201d: emociones a flor de piel"},"content":{"rendered":"<p class=\"rtejustify\">\n\tM\u00f3nica Rodr\u00edguez<\/p>\n<p>Escritora<\/p>\n<p class=\"rtejustify\">\n\tBriseida (Bris) y \u00c1lvaro se conocieron de ni\u00f1os, y junto con Peny, la hermana de Bris, y Andrea, el hermano de \u00c1lvaro, compartieron las mejores vacaciones de verano. Ibiza fue testigo de sus travesuras y del amor, tan m\u00e1gico como inevitable, que naci\u00f3 entre los dos.<\/p>\n<p class=\"rtejustify\">\n\tSin embargo, muy pronto, demasiado, el destino ense\u00f1\u00f3 sus malas cartas y a Bris le ense\u00f1\u00f3 que deb\u00eda centrarse en el presente. Su positividad y sus ganas de vivir le hicieron convertirse en una mujer fuerte, pero la maldad de la madre y abuela de \u00c1lvaro le rompi\u00f3 el coraz\u00f3n. Sin embargo, cuando el amor es verdadero, tiene la costumbre de buscar la manera de sobrevivir incluso en las circunstancias m\u00e1s desafortunadas.<\/p>\n<p class=\"rtejustify\">\n\tEsencia nos trae \u201cNuestro largo adi\u00f3s\u201d, la nueva novela de Megan Maxwell, en una edici\u00f3n muy cuidada con cantos pintados y una portada que atrae miradas por s\u00ed sola. Es una historia que nos recuerda que la vida es un bonito regalo que no se debe desperdiciar.<\/p>\n<p class=\"rtejustify\">\n\tLa trama gira en torno a Bris y \u00c1lvaro, los grandes protagonistas de esta historia. Se conocieron en su infancia, durante los veranos que compart\u00edan en Ibiza. Aunque su primer encuentro no fue precisamente prometedor, con el tiempo acabaron enamor\u00e1ndose profundamente. Sin embargo, no todo fue f\u00e1cil. La madre y la abuela de \u00c1lvaro no estaban de acuerdo con esa relaci\u00f3n y tomaron medidas que terminaron por separar a la pareja.<\/p>\n<p class=\"rtejustify\">\n\tA\u00f1os despu\u00e9s, el destino los vuelve a reunir. Pese al tiempo y la distancia, los sentimientos siguen intactos, y ambos deciden darse una nueva oportunidad. Pero la vida, siempre impredecible, les plantea nuevos obst\u00e1culos. Pero juntos aprender\u00e1n a valorar el presente y a vivir intensamente, como si no hubiera un ma\u00f1ana.<\/p>\n<p class=\"rtejustify\">\n\tLa narraci\u00f3n es \u00e1gil, cercana, tal y como nos tiene acostumbrados la autora. Esto permite al lector conectar con los personajes, con sus pensamientos y emociones. Alterna momentos divertidos con otros m\u00e1s rom\u00e1nticos, dando mucho ritmo a la historia. Pero tambi\u00e9n hay momentos duros, especialmente en los cap\u00edtulos finales, que resultan realmente intensos.<\/p>\n<p class=\"rtejustify\">\n\tEn cuanto a secundarios, destaco a Andrea, el hermano de \u00c1lvaro y el mejor amigo de Bris. Creo que este personaje se merece su propia historia; me ha conquistado. Menci\u00f3n especial a la familia griega: alegres, ruidosos, leales; nos regalan momentos divertidos que aligeran la carga dram\u00e1tica.<\/p>\n<p class=\"rtejustify\">\n\tAunque en ciertos momentos la trama puede resultar predecible, ello no impide disfrutar plenamente de la historia y del desarrollo de los personajes. Ambos protagonistas pasan por mucho, pero siguen queri\u00e9ndose a pesar de las dificultades. Y es que, si algo caracteriza a la autora, es su habilidad para crear historias rom\u00e1nticas \u00e9picas y memorables.<\/p>\n<p class=\"rtejustify\">\n\tLa ambientaci\u00f3n es uno de los puntos fuertes de la novela. Con escenarios tan evocadores como Ibiza y Santorini, la autora logra transportar al lector gracias a sus descripciones v\u00edvidas y detalladas, que lo hacen sentir part\u00edcipe de cada momento.<\/p>\n<p class=\"rtejustify\">\n\tY como no quiero desvelar detalles importantes de la historia que puedan estropear la lectura a alguien, lo dejo aqu\u00ed. Pero s\u00ed me gustar\u00eda destacar que esta novela es m\u00e1s intensa que otras anteriores y que la l\u00e1grima est\u00e1 casi asegurada.<\/p>\n<p class=\"rtejustify\">\n\tEn definitiva, \u201cNuestro largo adi\u00f3s\u201d es una novela que habla del amor con sus luces y sombras, de las segundas oportunidades, y del valor de vivir cada momento como si fuera el \u00faltimo.<\/p>\n","protected":false},"excerpt":{"rendered":"M\u00f3nica Rodr\u00edguez Escritora Briseida (Bris) y \u00c1lvaro se conocieron de ni\u00f1os, y junto con Peny, la hermana de&hellip;\n","protected":false},"author":2,"featured_media":38501,"comment_status":"","ping_status":"","sticky":false,"template":"","format":"standard","meta":{"footnotes":""},"categories":[172],"tags":[224,18921,146,147,25,24,18920,225,23],"class_list":{"0":"post-38500","1":"post","2":"type-post","3":"status-publish","4":"format-standard","5":"has-post-thumbnail","7":"category-libros","8":"tag-books","9":"tag-cochabamba","10":"tag-entertainment","11":"tag-entretenimiento","12":"tag-es","13":"tag-espana","14":"tag-lecturas-megan-maxwell","15":"tag-libros","16":"tag-spain"},"share_on_mastodon":{"url":"","error":""},"_links":{"self":[{"href":"https:\/\/www.europesays.com\/es\/wp-json\/wp\/v2\/posts\/38500","targetHints":{"allow":["GET"]}}],"collection":[{"href":"https:\/\/www.europesays.com\/es\/wp-json\/wp\/v2\/posts"}],"about":[{"href":"https:\/\/www.europesays.com\/es\/wp-json\/wp\/v2\/types\/post"}],"author":[{"embeddable":true,"href":"https:\/\/www.europesays.com\/es\/wp-json\/wp\/v2\/users\/2"}],"replies":[{"embeddable":true,"href":"https:\/\/www.europesays.com\/es\/wp-json\/wp\/v2\/comments?post=38500"}],"version-history":[{"count":0,"href":"https:\/\/www.europesays.com\/es\/wp-json\/wp\/v2\/posts\/38500\/revisions"}],"wp:featuredmedia":[{"embeddable":true,"href":"https:\/\/www.europesays.com\/es\/wp-json\/wp\/v2\/media\/38501"}],"wp:attachment":[{"href":"https:\/\/www.europesays.com\/es\/wp-json\/wp\/v2\/media?parent=38500"}],"wp:term":[{"taxonomy":"category","embeddable":true,"href":"https:\/\/www.europesays.com\/es\/wp-json\/wp\/v2\/categories?post=38500"},{"taxonomy":"post_tag","embeddable":true,"href":"https:\/\/www.europesays.com\/es\/wp-json\/wp\/v2\/tags?post=38500"}],"curies":[{"name":"wp","href":"https:\/\/api.w.org\/{rel}","templated":true}]}}