{"id":385521,"date":"2026-02-08T07:10:17","date_gmt":"2026-02-08T07:10:17","guid":{"rendered":"https:\/\/www.europesays.com\/es\/385521\/"},"modified":"2026-02-08T07:10:17","modified_gmt":"2026-02-08T07:10:17","slug":"jcc-pokemon-pocket-esta-teniendo-problemas-a-la-hora-de-retener-a-los-jugadores-dena-lo-ha-confirmado-y-prepara-medidas","status":"publish","type":"post","link":"https:\/\/www.europesays.com\/es\/385521\/","title":{"rendered":"JCC Pok\u00e9mon Pocket est\u00e1 teniendo problemas a la hora de retener a los jugadores: DeNA lo ha confirmado y prepara medidas"},"content":{"rendered":"<p>\u00a1Interesantes detalles de <a href=\"https:\/\/www.nintenderos.com\/2024\/10\/el-nuevo-juego-gratis-de-pokemon-supera-los-6-millones-de-preinscripciones-y-confirma-regalo\/\" rel=\"nofollow noopener\" target=\"_blank\">JCC Pok\u00e9mon Pocket<\/a>! Aqu\u00ed os traemos informaci\u00f3n interesante. Se trata efectivamente de noticias relacionadas con\u00a0<a href=\"https:\/\/www.nintenderos.com\/2024\/02\/el-presidente-de-pokemon-acaba-de-comparar-la-franquicia-con-el-shogi\/\" rel=\"nofollow noopener\" target=\"_blank\">Pok\u00e9mon\u00a0<\/a>y su\u00a0<a href=\"https:\/\/www.nintenderos.com\/2024\/01\/el-jcc-pokemon-detalla-su-siguiente-set-en-occidente-fuerzas-temporales\/\" rel=\"nofollow noopener\" target=\"_blank\">Juego de Cartas Coleccionables<\/a>.<\/p>\n<p>Tras conocer que tambi\u00e9n\u00a0<a href=\"https:\/\/www.nintenderos.com\/2025\/01\/jcc-pokemon-pocket-estrena-su-nueva-expansion-con-regalos-para-todos-y-problemas-de-carga\/\" rel=\"nofollow noopener\" target=\"_blank\">hay regalos\u00a0<\/a>as\u00ed como\u00a0<a href=\"https:\/\/www.nintenderos.com\/2025\/07\/jcc-pokemon-pocket-fecha-y-detalla-sus-proximas-novedades-en-los-intercambios-incluyendo-la-eliminacion-de-las-fichas-de-intercambio\/\" rel=\"nofollow noopener\" target=\"_blank\">ajustes en los intercambios\u00a0<\/a>en camino, ahora ya tenemos noticias\u00a0<a href=\"https:\/\/www.nintenderos.com\/2025\/12\/todas-las-cartas-del-set-fuego-carmesi-de-jcc-pokemon-pocket-incluyendo-el-video-de-la-inmersiva\/\" rel=\"nofollow noopener\" target=\"_blank\">tras el debut del set Fuego Carmes\u00ed<\/a>\u00a0y de cara a\u00a0<a href=\"https:\/\/www.nintenderos.com\/2026\/01\/todo-sobre-la-expansion-desfile-de-ensueno-de-jcc-pokemon-pocket-detalles-y-trailer-en-espanol\/\" rel=\"nofollow noopener\" target=\"_blank\">Desfile de Ensue\u00f1o<\/a>\u00a0que ahora ya est\u00e1 disponible. Ya sab\u00e9is que viene acompa\u00f1ada de numerosas cartas destacadas, incluyendo artes especiales de\u00a0Mega Mawile ex,\u00a0Mega Kangaskhan ex,\u00a0Mimikyu ex,\u00a0Gigalith ex,\u00a0Ninetales de Alola ex,\u00a0Mega Swampert ex,\u00a0Ogerpon ex\u00a0y\u00a0Blacephalon ex, adem\u00e1s de\u00a0<a href=\"https:\/\/www.nintenderos.com\/2026\/01\/jcc-pokemon-pocket-ya-puedes-ver-las-cartas-de-desfile-de-ensueno-incluyendo-las-de-arte-inmersivo\/\" rel=\"nofollow noopener\" target=\"_blank\">cartas de\u00a0arte inmersivo<\/a>\u00a0protagonizadas por\u00a0Mega Gardevoir ex\u00a0y\u00a0Meowth ex.<\/p>\n<p>Aparte de esta nueva colecci\u00f3n, ahora hemos conocido que, a\u00a0pesar del crecimiento en descargas, <strong data-start=\"153\" data-end=\"215\">parte de los jugadores veteranos est\u00e1 abandonando el juego<\/strong>. En su <strong data-start=\"225\" data-end=\"254\">informe financiero del Q3<\/strong>, DeNA reconoci\u00f3 problemas de <strong data-start=\"284\" data-end=\"320\">retenci\u00f3n de usuarios existentes<\/strong>:<\/p>\n<p>Otros contenidos en esta categor\u00eda:<\/p>\n<ul>\n<li data-start=\"322\" data-end=\"477\">\n<p data-start=\"324\" data-end=\"477\">La compa\u00f1\u00eda se\u00f1ala que la <strong data-start=\"350\" data-end=\"403\">captaci\u00f3n de nuevos jugadores sigue siendo fuerte<\/strong>, pero la base de usuarios antiguos ha disminuido respecto al lanzamiento.<\/p>\n<\/li>\n<li data-start=\"478\" data-end=\"561\">\n<p data-start=\"480\" data-end=\"561\">Esto ha afectado negativamente al n\u00famero de <strong data-start=\"524\" data-end=\"560\">usuarios activos mensuales (MAU)<\/strong>.<\/p>\n<\/li>\n<li data-start=\"562\" data-end=\"734\">\n<p data-start=\"564\" data-end=\"734\">DeNA considera prioritario <strong data-start=\"591\" data-end=\"637\">aumentar la frecuencia de inicio de sesi\u00f3n<\/strong> y <strong data-start=\"640\" data-end=\"664\">mejorar la retenci\u00f3n<\/strong>, especialmente mediante la mejora de la <strong data-start=\"705\" data-end=\"733\">experiencia de colecci\u00f3n<\/strong>.<\/p>\n<\/li>\n<li data-start=\"735\" data-end=\"863\" data-is-last-node=\"\">\n<p data-start=\"737\" data-end=\"863\" data-is-last-node=\"\">A\u00fan no se han detallado medidas concretas, pero se esperan <strong data-start=\"796\" data-end=\"836\">nuevas iniciativas y ajustes en 2026<\/strong> para mejorar la situaci\u00f3n.<\/p>\n<\/li>\n<\/ul>\n<p>\u00bfQu\u00e9 os ha parecido JCC Pok\u00e9mon Pocket hasta ahora a vosotros? No dud\u00e9is en compartir vuestra opini\u00f3n al respecto en los comentarios. \u00a1Os leemos detenidamente m\u00e1s abajo!<\/p>\n<p><a class=\"external\" href=\"https:\/\/gonintendo.com\/contents\/57459-pokemon-tcg-pocket-dev-admits-struggles-in-retaining-existing-users\" rel=\"nofollow noopener\" target=\"_blank\">Fuente<\/a>.<\/p>\n","protected":false},"excerpt":{"rendered":"\u00a1Interesantes detalles de JCC Pok\u00e9mon Pocket! Aqu\u00ed os traemos informaci\u00f3n interesante. Se trata efectivamente de noticias relacionadas con\u00a0Pok\u00e9mon\u00a0y&hellip;\n","protected":false},"author":2,"featured_media":316987,"comment_status":"","ping_status":"","sticky":false,"template":"","format":"standard","meta":{"footnotes":""},"categories":[81],"tags":[119,123,124,25,24,26956,934,117,121,122,23,118,120],"class_list":{"0":"post-385521","1":"post","2":"type-post","3":"status-publish","4":"format-standard","5":"has-post-thumbnail","7":"category-ciencia-y-tecnologia","8":"tag-ciencia","9":"tag-ciencia-y-tecnologia","10":"tag-cienciaytecnologia","11":"tag-es","12":"tag-espana","13":"tag-jcc-pokemon-pocket","14":"tag-pokemon","15":"tag-science","16":"tag-science-and-technology","17":"tag-scienceandtechnology","18":"tag-spain","19":"tag-technology","20":"tag-tecnologia"},"share_on_mastodon":{"url":"https:\/\/pubeurope.com\/@es\/116033765209864438","error":""},"_links":{"self":[{"href":"https:\/\/www.europesays.com\/es\/wp-json\/wp\/v2\/posts\/385521","targetHints":{"allow":["GET"]}}],"collection":[{"href":"https:\/\/www.europesays.com\/es\/wp-json\/wp\/v2\/posts"}],"about":[{"href":"https:\/\/www.europesays.com\/es\/wp-json\/wp\/v2\/types\/post"}],"author":[{"embeddable":true,"href":"https:\/\/www.europesays.com\/es\/wp-json\/wp\/v2\/users\/2"}],"replies":[{"embeddable":true,"href":"https:\/\/www.europesays.com\/es\/wp-json\/wp\/v2\/comments?post=385521"}],"version-history":[{"count":0,"href":"https:\/\/www.europesays.com\/es\/wp-json\/wp\/v2\/posts\/385521\/revisions"}],"wp:featuredmedia":[{"embeddable":true,"href":"https:\/\/www.europesays.com\/es\/wp-json\/wp\/v2\/media\/316987"}],"wp:attachment":[{"href":"https:\/\/www.europesays.com\/es\/wp-json\/wp\/v2\/media?parent=385521"}],"wp:term":[{"taxonomy":"category","embeddable":true,"href":"https:\/\/www.europesays.com\/es\/wp-json\/wp\/v2\/categories?post=385521"},{"taxonomy":"post_tag","embeddable":true,"href":"https:\/\/www.europesays.com\/es\/wp-json\/wp\/v2\/tags?post=385521"}],"curies":[{"name":"wp","href":"https:\/\/api.w.org\/{rel}","templated":true}]}}