{"id":385530,"date":"2026-02-08T07:22:08","date_gmt":"2026-02-08T07:22:08","guid":{"rendered":"https:\/\/www.europesays.com\/es\/385530\/"},"modified":"2026-02-08T07:22:08","modified_gmt":"2026-02-08T07:22:08","slug":"alex-abrines-el-baloncesto-era-para-mi-un-trabajo-y-llegue-a-odiarlo-baloncesto-deportes","status":"publish","type":"post","link":"https:\/\/www.europesays.com\/es\/385530\/","title":{"rendered":"\u00c1lex Abrines: \u201cEl baloncesto era para m\u00ed un trabajo y llegu\u00e9 a odiarlo\u201d | Baloncesto | Deportes"},"content":{"rendered":"<p class=\"\">Se retir\u00f3 del baloncesto profesional a los 31 a\u00f1os cuando su cabeza dijo basta. \u00c1lex Abrines dej\u00f3 la canasta el pasado verano y apenas ha vuelto a botar un bal\u00f3n. <a href=\"https:\/\/elpais.com\/deportes\/baloncesto\/2025-07-22\/alex-abrines-se-despide-del-barcelona-y-del-baloncesto-me-voy-con-el-corazon-lleno-y-la-conciencia-en-paz.html\" target=\"_blank\" rel=\"noreferrer nofollow noopener\" title=\"https:\/\/elpais.com\/deportes\/baloncesto\/2025-07-22\/alex-abrines-se-despide-del-barcelona-y-del-baloncesto-me-voy-con-el-corazon-lleno-y-la-conciencia-en-paz.html\">Atr\u00e1s qued\u00f3 una carrera exitosa <\/a>en la que gan\u00f3 tres Ligas y tres Copas con el Barcelona y un bronce europeo y otro ol\u00edmpico con la selecci\u00f3n, adem\u00e1s de la experiencia de jugar tres temporadas en la NBA con Oklahoma. Tambi\u00e9n la prueba de superar una depresi\u00f3n que le llev\u00f3 a odiar lo que tanto hab\u00eda amado. Hoy, a los 32 a\u00f1os, quien fuera un alero de excelente tiro es un pap\u00e1 que lleva a sus ni\u00f1as al colegio y ocupa sus ratos libres jugando al golf.<\/p>\n<p class=\"\"><b>Pregunta.<\/b> \u00bfC\u00f3mo es su vida ahora?<\/p>\n<p class=\"\"><b>Respuesta.<\/b> Hago vida normal de padre con mis dos hijas de cinco y tres a\u00f1os. Un poco de jubilado, entre comillas. Disfruto de lo que no pod\u00eda disfrutar antes. Tengo tiempo libre para m\u00ed y me he aficionado al golf, como mucha gente del baloncesto. Me gusta estar cuatro o cinco horas en la naturaleza, sin pensar en nada. Cada d\u00eda es diferente y cada vez que pegas a la bola es un reto nuevo. Yo era de los que dec\u00eda que era aburrido y me ha enganchado.<\/p>\n<p class=\"\"><b>P.<\/b> \u00bfY seguir ligado al baloncesto?<\/p>\n<p class=\"\"><b>R. <\/b>De momento, no. A nivel profesional no me veo, ni entrenador ni asistente. Puede que en el futuro coja alg\u00fan equipo de ni\u00f1os, pero nada serio. Echo de menos a los compa\u00f1eros, los ratos que pas\u00e1bamos juntos en los viajes, pero al baloncesto en s\u00ed no lo echo de menos. Lo disfrut\u00e9 15 a\u00f1os,<a href=\"https:\/\/elpais.com\/deportes\/baloncesto\/2025-07-22\/alex-abrines-se-despide-del-barcelona-y-del-baloncesto-me-voy-con-el-corazon-lleno-y-la-conciencia-en-paz.html\" target=\"_blank\" rel=\"noreferrer nofollow noopener\" title=\"https:\/\/elpais.com\/deportes\/baloncesto\/2025-07-22\/alex-abrines-se-despide-del-barcelona-y-del-baloncesto-me-voy-con-el-corazon-lleno-y-la-conciencia-en-paz.html\"> lleg\u00f3 el momento de cerrar la etapa <\/a>y no me echar\u00eda para atr\u00e1s.<\/p>\n<p class=\"\"><b>P.<\/b> \u00bfPor qu\u00e9 se retir\u00f3 con 31 a\u00f1os?<\/p>\n<p class=\"\"><b>R. <\/b>Fueron un par de meses de dudas. Me rondaba la idea por la cabeza y sent\u00eda que era mi momento, que no me ve\u00eda jugando mucho m\u00e1s. Pod\u00eda haber forzado, pero pensaba que a mitad de temporada pod\u00eda sentir que estaba en un sitio donde no quer\u00eda estar y ten\u00eda que aguantar seis meses as\u00ed, metido en una rutina de jugador que no deseaba. Hice caso a mi cabeza y mi coraz\u00f3n, y ning\u00fan arrepentimiento.<\/p>\n<p><img decoding=\"auto\" class=\"_re lazyload a_m-h\" height=\"276\"  width=\"414\"  src=\"https:\/\/www.europesays.com\/es\/wp-content\/uploads\/2026\/02\/26JOVPJE6VDEZHTWNBIPWBGEOA.jpeg\" loading=\"lazy\"\/>\u00c1lex Abrines, con el Barcelona ante el Unicaja en abril de 2025, en una imagen de la ACB.Marc Graupera<\/p>\n<p class=\"\"><b>P. <\/b>\u00bfHab\u00eda perdido la ilusi\u00f3n y la motivaci\u00f3n?<\/p>\n<p class=\"\"><b>R. <\/b>S\u00ed. Yo siempre he tenido ilusi\u00f3n por ganar t\u00edtulos y competir, pero los \u00faltimos a\u00f1os, como capit\u00e1n del Bar\u00e7a, no fueron bien deportivamente hablando y eso influy\u00f3 en mi decisi\u00f3n. Era joven, s\u00ed, pero no sent\u00eda la necesidad de seguir viviendo lo mismo. Por suerte, gan\u00e9 t\u00edtulos con el Bar\u00e7a y jugu\u00e9 en la NBA y en la selecci\u00f3n. Mi sue\u00f1o estaba cumplido. No hac\u00eda falta forzar nada m\u00e1s. Estaba preparado mentalmente para la retirada.<\/p>\n<p class=\"\"><b>P.<\/b> \u201cLlegu\u00e9 a odiarte. No te pod\u00eda ni ver. Me dabas miedo. Solo quer\u00eda huir de ti\u201d. <a href=\"https:\/\/elpais.com\/deportes\/2021-06-06\/alex-abrines-perdi-la-pasion-ya-no-podia-jugar.html\" target=\"_blank\" rel=\"noreferrer nofollow noopener\" title=\"https:\/\/elpais.com\/deportes\/2021-06-06\/alex-abrines-perdi-la-pasion-ya-no-podia-jugar.html\">Esto le dec\u00eda al bal\u00f3n de baloncesto cuando sufri\u00f3 una depresi\u00f3n.<\/a> \u00bfC\u00f3mo lo recuerda?<\/p>\n<p class=\"\"><b>R.<\/b> Fue una etapa jodida. Y tambi\u00e9n de aprendizaje. Pasar por ese momento me hizo disfrutar m\u00e1s los seis a\u00f1os que pas\u00e9 luego en el Barcelona y verlo todo con m\u00e1s perspectiva. No todo es baloncesto, ganar o perder. Me alegro de haber podido aprender y disfrutar del deporte como cuando era peque\u00f1o, cuando es un juego con los amigos y lo pasas bien. Quien no lo vive no lo puede entender. El baloncesto es algo l\u00fadico, pero al ser profesional era mi trabajo, no una afici\u00f3n, y yo acab\u00e9 odiando mi trabajo como le puede pasar a cualquier persona. Estaba encerrado en una rutina, se encadenaban d\u00edas malos\u2026 todos pasamos por algo parecido, m\u00e1s o menos grave o llevadero. Estaba cansado de mi trabajo, no quer\u00eda estar ah\u00ed. No lo trat\u00e9 a tiempo y se hizo bola. Me bloque\u00e9. Nunca imagin\u00e9 que pod\u00eda odiar a la pelota de baloncesto. Llevaba desde los cinco a\u00f1os jugando y me cost\u00f3 aceptarlo.<\/p>\n<p class=\"\"><b>P.<\/b> \u00bfPens\u00f3 que no volver\u00eda a jugar m\u00e1s?<\/p>\n<p class=\"\"><b>R.<\/b> S\u00ed. Yo en ese momento<a href=\"https:\/\/elpais.com\/deportes\/2021-06-06\/alex-abrines-perdi-la-pasion-ya-no-podia-jugar.html\" target=\"_blank\" rel=\"noreferrer nofollow noopener\" title=\"https:\/\/elpais.com\/deportes\/2021-06-06\/alex-abrines-perdi-la-pasion-ya-no-podia-jugar.html\"> hab\u00eda cerrado las puertas a seguir jugando al baloncesto,<\/a> pero gracias a mi familia y a mi gente se qued\u00f3 un poco abierta. Volv\u00ed y disfrut\u00e9 de nuevo.<\/p>\n<p class=\"\"><b>P.<\/b> \u00bfQu\u00e9 siente al <a href=\"https:\/\/elpais.com\/deportes\/baloncesto\/2025-10-05\/ricky-rubio-vuelve-a-jugar-donde-todo-empezo.html\" target=\"_blank\" rel=\"noreferrer nofollow noopener\" title=\"https:\/\/elpais.com\/deportes\/baloncesto\/2025-10-05\/ricky-rubio-vuelve-a-jugar-donde-todo-empezo.html\">ver jugar otra vez a Ricky Rubio<\/a>?<\/p>\n<p class=\"\"><b>R.<\/b> Me encanta verle feliz. Fui de los primeros en saber lo que le pasaba cuando estaba en la selecci\u00f3n, por lo que hab\u00eda vivido yo tambi\u00e9n. Est\u00e1 disfrutando como yo cuando volv\u00ed. Cuando \u00e9l regres\u00f3 al Bar\u00e7a no estaba preparado para lo que hab\u00eda en ese momento, le afect\u00f3 y recay\u00f3 en la enfermedad. Ahora me alegro de verle disfrutar en la Penya, su casa. <\/p>\n<p class=\"\"><b>P.<\/b> \u00bfLa \u00e9lite es m\u00e1s dura de lo que parece?<\/p>\n<p class=\"\"><b>R.<\/b> Obviamente. Llegar es dif\u00edcil, pero mantenerse arriba es mucho m\u00e1s. La gente ve lo bonito, que hacemos lo que nos gusta, ganamos dinero y tenemos fans, pero renunciamos a parte de nuestra adolescencia, la etapa joven, universitaria. Yo lo hablaba con V\u00edctor Sada, pas\u00e1bamos 180 d\u00edas al a\u00f1o fuera de casa. Eso son cosas que no se ven. Es tiempo que est\u00e1s alejado de tu familia. Y el deportista de \u00e9lite no es irrompible, somos personas normales con un don para hacer algo que se nos da bien. Al ser famosos, estamos mucho m\u00e1s expuestos a la sociedad en general, y si no est\u00e1s preparado para escuchar seg\u00fan qu\u00e9 cosas, eso te afecta.<\/p>\n<p><img decoding=\"auto\" class=\"_re lazyload a_m-h\" height=\"277\"  width=\"414\"  src=\"https:\/\/www.europesays.com\/es\/wp-content\/uploads\/2026\/02\/R27THX3DXVEIDAZJXOUQWXTLZY.jpg\" loading=\"lazy\"\/>Abrines, en el club de golf Son Quint, en Palma de Mallorca.Francisco Ubilla<\/p>\n<p class=\"\"><b>P.<\/b> \u00bfQu\u00e9 opina del conflicto entre Euroliga y NBA?<\/p>\n<p class=\"\"><b>R.<\/b> Va a ser <a href=\"https:\/\/elpais.com\/deportes\/baloncesto\/2026-01-28\/la-euroliga-cambia-de-director-general-en-medio-del-conflicto-con-la-nba-por-el-control-del-baloncesto-europeo.html\" target=\"_blank\" rel=\"noreferrer nofollow noopener\" title=\"https:\/\/elpais.com\/deportes\/baloncesto\/2026-01-28\/la-euroliga-cambia-de-director-general-en-medio-del-conflicto-con-la-nba-por-el-control-del-baloncesto-europeo.html\">dif\u00edcil la llegada de la NBA porque en Europa hay un sistema ya muy establecido<\/a> y la manera de ver el deporte es diferente. En Estados Unidos es una m\u00e1quina de hacer dinero y aqu\u00ed hay una base de aficionados, una tradici\u00f3n. Y la cultura del seguidor es diferente. Yo estuve all\u00ed tres a\u00f1os y durante la fase regular casi daba igual que perdi\u00e9ramos; la gente va al espect\u00e1culo, a pas\u00e1rselo bien.<\/p>\n<p class=\"\"><b>P.<\/b> El Bar\u00e7a se ha recuperado con Xavi Pascual. \u00bfSi no defiendes, no juegas?<\/p>\n<p class=\"\"><b>R.<\/b> Esa es la base de su estilo. En su primera etapa hab\u00eda partidos que nos met\u00edan solo 60 puntos. Hoy el baloncesto ha evolucionado, es m\u00e1s anotador y tiene mucho m\u00e1s ritmo, pero aun as\u00ed ha bajado los puntos encajados de 90 a 70 con el mismo equipo. Es su filosof\u00eda, prepara muy bien los partidos y sabe adaptarse al rival incluso a mitad del encuentro. Propone un plan y, si no sale bien, lo ajusta. Por eso es de los mejores entrenadores de Europa. <\/p>\n<p class=\"\"><b>P. <\/b>\u00bfAhora qu\u00e9 piensa cuando ve un bal\u00f3n?<\/p>\n<p class=\"\"><b>R. <\/b>Pues la verdad, he tocado dos veces el bal\u00f3n desde que me retir\u00e9, y una ha sido en un campus. Simplemente, no me siento atra\u00eddo por volver a jugar, no tengo ese gusanillo por sentirme jugador de baloncesto. Se acab\u00f3. Cumpl\u00ed mi sue\u00f1o y soy feliz.<\/p>\n","protected":false},"excerpt":{"rendered":"Se retir\u00f3 del baloncesto profesional a los 31 a\u00f1os cuando su cabeza dijo basta. \u00c1lex Abrines dej\u00f3 la&hellip;\n","protected":false},"author":2,"featured_media":385531,"comment_status":"","ping_status":"","sticky":false,"template":"","format":"standard","meta":{"footnotes":""},"categories":[269],"tags":[48850,299,298,1540,168,2378,25,24,45502,8283,1725,4080,4474,6001,23,167],"class_list":["post-385530","post","type-post","status-publish","format-standard","has-post-thumbnail","category-baloncesto","tag-alex-abrines","tag-baloncesto","tag-basketball","tag-competiciones","tag-deportes","tag-depresion","tag-es","tag-espana","tag-fc-barcelona-baloncesto","tag-jugadores-baloncesto","tag-nba","tag-ricky-rubio","tag-salud-mental","tag-seleccion-espanola-baloncesto","tag-spain","tag-sports"],"share_on_mastodon":{"url":"https:\/\/pubeurope.com\/@es\/116033810882847203","error":""},"_links":{"self":[{"href":"https:\/\/www.europesays.com\/es\/wp-json\/wp\/v2\/posts\/385530","targetHints":{"allow":["GET"]}}],"collection":[{"href":"https:\/\/www.europesays.com\/es\/wp-json\/wp\/v2\/posts"}],"about":[{"href":"https:\/\/www.europesays.com\/es\/wp-json\/wp\/v2\/types\/post"}],"author":[{"embeddable":true,"href":"https:\/\/www.europesays.com\/es\/wp-json\/wp\/v2\/users\/2"}],"replies":[{"embeddable":true,"href":"https:\/\/www.europesays.com\/es\/wp-json\/wp\/v2\/comments?post=385530"}],"version-history":[{"count":0,"href":"https:\/\/www.europesays.com\/es\/wp-json\/wp\/v2\/posts\/385530\/revisions"}],"wp:featuredmedia":[{"embeddable":true,"href":"https:\/\/www.europesays.com\/es\/wp-json\/wp\/v2\/media\/385531"}],"wp:attachment":[{"href":"https:\/\/www.europesays.com\/es\/wp-json\/wp\/v2\/media?parent=385530"}],"wp:term":[{"taxonomy":"category","embeddable":true,"href":"https:\/\/www.europesays.com\/es\/wp-json\/wp\/v2\/categories?post=385530"},{"taxonomy":"post_tag","embeddable":true,"href":"https:\/\/www.europesays.com\/es\/wp-json\/wp\/v2\/tags?post=385530"}],"curies":[{"name":"wp","href":"https:\/\/api.w.org\/{rel}","templated":true}]}}