{"id":385680,"date":"2026-02-08T09:18:09","date_gmt":"2026-02-08T09:18:09","guid":{"rendered":"https:\/\/www.europesays.com\/es\/385680\/"},"modified":"2026-02-08T09:18:09","modified_gmt":"2026-02-08T09:18:09","slug":"mojica-jugador-del-mallorca-tras-los-100-regates-de-lamine-nunca-me-supero","status":"publish","type":"post","link":"https:\/\/www.europesays.com\/es\/385680\/","title":{"rendered":"M\u00f3jica, jugador del Mallorca, tras los 100 regates de Lamine: \u00abNunca me super\u00f3\u00bb"},"content":{"rendered":"<p class=\"ft-text\">El 3-0 del Bar\u00e7a al Mallorca d<a class=\"ft-link ft-link--decoration\" href=\"https:\/\/www.sport.es\/es\/noticias\/barca\/lamine-calienta-camp-nou-obra-126559632\" rel=\"nofollow noopener\" target=\"_blank\">ej\u00f3 un marcador contundente y una frase que no tard\u00f3 en incendiar el pospartido<\/a>. Johan Andr\u00e9s Mojica, lateral del conjunto bermell\u00f3n, sac\u00f3 pecho en el cara a cara con Lamine Yamal pese a la goleada: <strong>\u201cLamine Yamal no me desbord\u00f3 en ning\u00fan momento. Yo gan\u00e9 los duelos. Ya cuando tira hacia adentro es un trabajo de equipo. Tiene estas virtuides de asistir o de disparar por lo que hay que hacer autocr\u00edtica\u201d<\/strong>.<\/p>\n<p class=\"ft-text\">El discurso del colombiano, sin embargo, choca de frente con dos realidades. La primera, la del propio partido: Lamine no necesit\u00f3 ganar cada duelo para <strong>condicionar el plan defensivo<\/strong> del Mallorca y acelerar el partido desde su banda, con acciones que obligaron a ayudas constantes y abrieron espacios para las llegadas de los de Flick. En Son Moix, de hecho, ya en el arranque se vivi\u00f3 una jugada viral con <strong>un ca\u00f1o del extremo<\/strong> precisamente en su zona.<\/p>\n<p class=\"ft-text\">Y la segunda realidad es todav\u00eda m\u00e1s contundente: <strong>el contexto estad\u00edstico<\/strong>. Porque, m\u00e1s all\u00e1 de una acci\u00f3n puntual, Lamine vive instalado en el desborde como forma de gobernar los partidos. Seg\u00fan datos publicados esta temporada, el extremo azulgrana <strong>lidera el ranking de regates completados en las cinco grandes ligas europeas con 94<\/strong>, una cifra \u201ca las puertas de la centena\u201d, y lo hace con una ventaja gigantesca sobre el resto: <strong>J\u00e9r\u00e9my Doku (Manchester City) es segundo con 62 y Mbapp\u00e9 tercero con 57<\/strong>.<\/p>\n<p class=\"ft-text\">Ah\u00ed est\u00e1 la clave del contraste: Mojica reivindica que <strong>\u201cgan\u00f3 los duelos\u201d<\/strong>, pero Lamine, incluso en tardes donde no \u201crompe\u201d siempre en el uno contra uno, sigue siendo el jugador que m\u00e1s veces <strong>consigue irse<\/strong> en toda la \u00e9lite europea. En otras palabras: aunque el lateral pueda sentirse c\u00f3modo en algunos cruces, el impacto de Yamal suele llegar igual, porque no depende de un solo regate, sino de la insistencia, la amenaza constante y la capacidad de atraer rivales.<\/p>\n<p class=\"ft-text\">Mojica cerr\u00f3 su mensaje con una frase que s\u00ed conecta con el 3-0: <strong>\u201cHay que hacer autocr\u00edtica\u201d<\/strong>. Y probablemente ah\u00ed est\u00e9 la lectura m\u00e1s honesta del pospartido.<\/p>\n","protected":false},"excerpt":{"rendered":"El 3-0 del Bar\u00e7a al Mallorca dej\u00f3 un marcador contundente y una frase que no tard\u00f3 en incendiar&hellip;\n","protected":false},"author":2,"featured_media":385681,"comment_status":"","ping_status":"","sticky":false,"template":"","format":"standard","meta":{"footnotes":""},"categories":[268],"tags":[21882,168,25,24,280,282,378,8138,2457,84216,84217,281,23,167],"class_list":["post-385680","post","type-post","status-publish","format-standard","has-post-thumbnail","category-futbol","tag-21882","tag-deportes","tag-es","tag-espana","tag-football","tag-futbol","tag-jugador","tag-lamine-yamal","tag-mallorca","tag-mojica","tag-regates","tag-soccer","tag-spain","tag-sports"],"share_on_mastodon":{"url":"https:\/\/pubeurope.com\/@es\/116034267121398797","error":""},"_links":{"self":[{"href":"https:\/\/www.europesays.com\/es\/wp-json\/wp\/v2\/posts\/385680","targetHints":{"allow":["GET"]}}],"collection":[{"href":"https:\/\/www.europesays.com\/es\/wp-json\/wp\/v2\/posts"}],"about":[{"href":"https:\/\/www.europesays.com\/es\/wp-json\/wp\/v2\/types\/post"}],"author":[{"embeddable":true,"href":"https:\/\/www.europesays.com\/es\/wp-json\/wp\/v2\/users\/2"}],"replies":[{"embeddable":true,"href":"https:\/\/www.europesays.com\/es\/wp-json\/wp\/v2\/comments?post=385680"}],"version-history":[{"count":0,"href":"https:\/\/www.europesays.com\/es\/wp-json\/wp\/v2\/posts\/385680\/revisions"}],"wp:featuredmedia":[{"embeddable":true,"href":"https:\/\/www.europesays.com\/es\/wp-json\/wp\/v2\/media\/385681"}],"wp:attachment":[{"href":"https:\/\/www.europesays.com\/es\/wp-json\/wp\/v2\/media?parent=385680"}],"wp:term":[{"taxonomy":"category","embeddable":true,"href":"https:\/\/www.europesays.com\/es\/wp-json\/wp\/v2\/categories?post=385680"},{"taxonomy":"post_tag","embeddable":true,"href":"https:\/\/www.europesays.com\/es\/wp-json\/wp\/v2\/tags?post=385680"}],"curies":[{"name":"wp","href":"https:\/\/api.w.org\/{rel}","templated":true}]}}