{"id":38572,"date":"2025-08-10T17:19:08","date_gmt":"2025-08-10T17:19:08","guid":{"rendered":"https:\/\/www.europesays.com\/es\/38572\/"},"modified":"2025-08-10T17:19:08","modified_gmt":"2025-08-10T17:19:08","slug":"emilio-rocha-expone-sinopsis-en-el-burgo-de-osma","status":"publish","type":"post","link":"https:\/\/www.europesays.com\/es\/38572\/","title":{"rendered":"Emilio Rocha expone &#8216;Sinopsis&#8217; en El Burgo de Osma"},"content":{"rendered":"<p class=\"prip\">El Centro Cultural San Agust\u00edn de El Burgo de Osma se convierte en el escenario de la nueva propuesta art\u00edstica del escultor soriano Emilio Rocha. Bajo el t\u00edtulo <strong>&#8216;Sinopsis&#8217;<\/strong>, la exposici\u00f3n presenta un recorrido por el universo creativo del artista, donde la materia y la forma dialogan para expresar emociones y reflexiones internas.<\/p>\n<p>La muestra, que forma parte de las actividades complementarias del Curso de verano de la Universidad de Santa Catalina, ha sido comisariada por el tambi\u00e9n escultor Ricardo Gonz\u00e1lez Gil. Se compone de <strong>una veintena de piezas<\/strong> que demuestran el dominio t\u00e9cnico de Rocha sobre materiales tan diversos como la piedra, la madera, el hierro o el hormig\u00f3n.<\/p>\n<p>El trabajo del artista se aleja de la representaci\u00f3n figurativa para adentrarse en un campo de exploraci\u00f3n. A trav\u00e9s de la improvisaci\u00f3n y la experimentaci\u00f3n, Rocha busca plasmar su mundo interior, dando como resultado obras que combinan <strong>geometr\u00edas vertiginosas<\/strong> con armon\u00edas y simetr\u00edas en un equilibrado conjunto.<\/p>\n<p>\u00bfQu\u00e9 propone la escultura de &#8216;Sinopsis&#8217;?<\/p>\n<p>La colecci\u00f3n se caracteriza por la ausencia de formas predefinidas, invitando al espectador a una interpretaci\u00f3n personal. En algunas creaciones, las <strong>simetr\u00edas se fusionan<\/strong> con arm\u00f3nicas verticalidades, mientras que en otras se exploran trazados de planicies de horizonte. Seg\u00fan se detalla en la presentaci\u00f3n de la muestra, el resultado son percepciones cercanas y nunca agresivas, con brillos y profundidades en una proporci\u00f3n cuidada.<\/p>\n<p>El proceso creativo de Emilio Rocha, desarrollado entre sus talleres de Soria y Pedraza, se basa en la capacidad de observaci\u00f3n de la naturaleza y en la b\u00fasqueda constante de nuevas formas de expresi\u00f3n. Su obra es un reflejo de <strong>estados de \u00e1nimo<\/strong>, sentimientos y pensamientos que se materializan a trav\u00e9s de t\u00e9cnicas no convencionales.<\/p>\n<p>Un homenaje al &#8216;\u00c1rbol de la M\u00fasica&#8217;<\/p>\n<p>Una de las piezas m\u00e1s destacadas de la exposici\u00f3n es la que el artista ha elaborado a partir de un trozo del desaparecido <strong>&#8216;\u00c1rbol de la M\u00fasica&#8217; de Soria<\/strong>. Este elemento, cargado de simbolismo para la ciudad, cobra una nueva vida en manos del escultor.<\/p>\n<p>A trav\u00e9s de su composici\u00f3n y texturas, la obra consigue, seg\u00fan los organizadores, que se \u00abescuchen\u00bb silencios, notas y sonidos. De esta manera, Rocha no solo conserva un fragmento de la memoria colectiva soriana, sino que lo transforma en un <strong>nuevo signo art\u00edstico<\/strong> que trasciende su origen.<\/p>\n<p>Informaci\u00f3n pr\u00e1ctica para la visita<\/p>\n<p>Todos los interesados en descubrir el trabajo de Emilio Rocha pueden visitar la exposici\u00f3n &#8216;Sinopsis&#8217; en el patio del Centro Cultural San Agust\u00edn. La muestra permanecer\u00e1 abierta al p\u00fablico <strong>hasta el pr\u00f3ximo 31 de agosto<\/strong>.<\/p>\n<ul>\n<li><strong>Lugar:<\/strong> Patio del Centro Cultural San Agust\u00edn, El Burgo de Osma.<\/li>\n<p>&#13;<\/p>\n<li><strong>Fechas:<\/strong> Hasta el 31 de agosto de 2025.<\/li>\n<p>&#13;<\/p>\n<li><strong>Horario:<\/strong> De 10:00 a 14:00 horas y de 16:00 a 19:00 horas.<\/li>\n<p>&#13;<\/p>\n<li><strong>Acceso:<\/strong> Gratuito.<\/li>\n<p>&#13;\n<\/ul>\n","protected":false},"excerpt":{"rendered":"El Centro Cultural San Agust\u00edn de El Burgo de Osma se convierte en el escenario de la nueva&hellip;\n","protected":false},"author":2,"featured_media":38573,"comment_status":"","ping_status":"","sticky":false,"template":"","format":"standard","meta":{"footnotes":""},"categories":[173],"tags":[229,233,231,230,232,234,146,147,25,24,2003,23],"class_list":{"0":"post-38572","1":"post","2":"type-post","3":"status-publish","4":"format-standard","5":"has-post-thumbnail","7":"category-arte-y-diseno","8":"tag-arte","9":"tag-arte-y-diseno","10":"tag-arts","11":"tag-arts-and-design","12":"tag-design","13":"tag-diseno","14":"tag-entertainment","15":"tag-entretenimiento","16":"tag-es","17":"tag-espana","18":"tag-exposicion","19":"tag-spain"},"share_on_mastodon":{"url":"","error":""},"_links":{"self":[{"href":"https:\/\/www.europesays.com\/es\/wp-json\/wp\/v2\/posts\/38572","targetHints":{"allow":["GET"]}}],"collection":[{"href":"https:\/\/www.europesays.com\/es\/wp-json\/wp\/v2\/posts"}],"about":[{"href":"https:\/\/www.europesays.com\/es\/wp-json\/wp\/v2\/types\/post"}],"author":[{"embeddable":true,"href":"https:\/\/www.europesays.com\/es\/wp-json\/wp\/v2\/users\/2"}],"replies":[{"embeddable":true,"href":"https:\/\/www.europesays.com\/es\/wp-json\/wp\/v2\/comments?post=38572"}],"version-history":[{"count":0,"href":"https:\/\/www.europesays.com\/es\/wp-json\/wp\/v2\/posts\/38572\/revisions"}],"wp:featuredmedia":[{"embeddable":true,"href":"https:\/\/www.europesays.com\/es\/wp-json\/wp\/v2\/media\/38573"}],"wp:attachment":[{"href":"https:\/\/www.europesays.com\/es\/wp-json\/wp\/v2\/media?parent=38572"}],"wp:term":[{"taxonomy":"category","embeddable":true,"href":"https:\/\/www.europesays.com\/es\/wp-json\/wp\/v2\/categories?post=38572"},{"taxonomy":"post_tag","embeddable":true,"href":"https:\/\/www.europesays.com\/es\/wp-json\/wp\/v2\/tags?post=38572"}],"curies":[{"name":"wp","href":"https:\/\/api.w.org\/{rel}","templated":true}]}}