{"id":385733,"date":"2026-02-08T09:54:09","date_gmt":"2026-02-08T09:54:09","guid":{"rendered":"https:\/\/www.europesays.com\/es\/385733\/"},"modified":"2026-02-08T09:54:09","modified_gmt":"2026-02-08T09:54:09","slug":"cronologia-del-caso-mostoles-historia-en-tres-actos-de-lo-que-arriesga-una-mujer-al-denunciar-acoso-el-pais-expres","status":"publish","type":"post","link":"https:\/\/www.europesays.com\/es\/385733\/","title":{"rendered":"Cronolog\u00eda del \u2018caso M\u00f3stoles\u2019: historia en tres actos de lo que arriesga una mujer al denunciar acoso | El PA\u00cdS Expr\u00e9s"},"content":{"rendered":"<p><img fetchpriority=\"high\" decoding=\"auto\" class=\"_re  a_m-h\" height=\"414\"  width=\"414\"  src=\"https:\/\/www.europesays.com\/es\/wp-content\/uploads\/2026\/02\/GJJB5WXHVNHMPPUFI6DNGR7GMA.jpg\" loading=\"eager\"\/>(Foto de ARCHIVO)&#13;<br \/>\nEl alcalde de M\u00f3stoles, Manuel Bautista, interviene durante un acto de campa\u00f1a del partido, en el Parque Finca Liana, a 28 de mayo de 2024, en Madrid (Espa\u00f1a). Este acto se enmarca en la campa\u00f1a electoral del Partido Popular para las elecciones al Parlamento Europeo del pr\u00f3ximo 9 de junio. Adem\u00e1s, han celebrado el primer aniversario del 28M y de la mayor\u00eda absoluta del PP de Madrid.&#13;<br \/>\n&#13;<br \/>\nA. P\u00e9rez Meca \/ Europa Press&#13;<br \/>\n28 MAYO 2024;AYUSO;ELECCIONES;PRESIDENTA;M\u00d3STOLES;&#13;<br \/>\n28\/5\/2024Foto: A. P\u00e9rez Meca (Europa Press)<\/p>\n<p class=\"\">Durante meses, una concejala del Partido Popular en M\u00f3stoles solicit\u00f3 a su partido investigar lo que consideraba un caso de acoso por parte del alcalde, Manuel Bautista. <\/p>\n<ul>\n<li>El partido no abri\u00f3 una investigaci\u00f3n efectiva y archiv\u00f3 el caso, y cuando el asunto sali\u00f3 a la luz, la respuesta fue una estrategia de desprestigio. <\/li>\n<\/ul>\n<p class=\"\"><b>1. Acoso. <\/b>En 2022, Bautista propuso a una afiliada con experiencia y formaci\u00f3n incorporarse a su proyecto pol\u00edtico.<\/p>\n<ul>\n<li>Tras situarla en un puesto destacado, comenzaron, seg\u00fan el relato de la edil, proposiciones sexuales y comentarios sexuales a terceros.<\/li>\n<li>Ella se neg\u00f3 reiteradamente. Despu\u00e9s, describe un trato hostil: aislamiento, exclusi\u00f3n y humillaciones pol\u00edticas.<\/li>\n<\/ul>\n<p class=\"\"><b>2. La petici\u00f3n de ayuda\u2026 y la respuesta del partido. <\/b><\/p>\n<ul>\n<li>La concejala acudi\u00f3 a los cauces internos y solicit\u00f3 activar el protocolo antiacoso. Dirigentes del PP le recomendaron no denunciar judicialmente y minimizaron su situaci\u00f3n. <\/li>\n<li>El comit\u00e9 nacional archiv\u00f3 el expediente sin escucharla ni a sus testigos. Pese a sus reiteradas peticiones de investigaci\u00f3n, no obtuvo respuesta y acab\u00f3 dimitiendo.<\/li>\n<\/ul>\n<p class=\"\"><b>3. La destrucci\u00f3n p\u00fablica de la denunciante. <\/b>Tras publicarse el caso, el alcalde y el PP madrile\u00f1o impulsaron una campa\u00f1a de descr\u00e9dito contra ella, difundiendo informaci\u00f3n tergiversada. <\/p>\n<ul>\n<li>Dirigentes negaron el acoso y cuestionaron su credibilidad. <\/li>\n<li>Sin embargo, las grabaciones muestran que pidi\u00f3 ayuda e investigaci\u00f3n, que nunca se produjo, y que el partido prioriz\u00f3 evitar el esc\u00e1ndalo frente a esclarecer los hechos.<\/li>\n<\/ul>\n<p class=\"\">\u00a9Foto: A. P\u00e9rez Meca (EP)<\/p>\n<p class=\"\"><a href=\"https:\/\/elpais.com\/\/espana\/2026-02-08\/historia-en-tres-actos-del-acoso-y-derribo-de-una-concejala-popular-de-mostoles.html\" target=\"_self\" rel=\"nofollow noopener\" title=\"https:\/\/elpais.com\/\/espana\/2026-02-08\/historia-en-tres-actos-del-acoso-y-derribo-de-una-concejala-popular-de-mostoles.html\">Si quieres saber m\u00e1s, puedes leer aqu\u00ed.<\/a><\/p>\n","protected":false},"excerpt":{"rendered":"(Foto de ARCHIVO)&#13; El alcalde de M\u00f3stoles, Manuel Bautista, interviene durante un acto de campa\u00f1a del partido, en&hellip;\n","protected":false},"author":2,"featured_media":385734,"comment_status":"","ping_status":"","sticky":false,"template":"","format":"standard","meta":{"footnotes":""},"categories":[8],"tags":[46039,10239,17,18,25,24,13,14,11,3515,19,20,28616,9,10,15,16,956,18514,23,12,21,22],"class_list":["post-385733","post","type-post","status-publish","format-standard","has-post-thumbnail","category-espana","tag-acoso-laboral","tag-acoso-sexual","tag-breaking-news","tag-breakingnews","tag-es","tag-espana","tag-featured-news","tag-featurednews","tag-headlines","tag-isabel-diaz-ayuso","tag-latest-news","tag-latestnews","tag-mostoles","tag-news","tag-noticias","tag-noticias-destacadas","tag-noticiasdestacadas","tag-pp","tag-pp-madrid","tag-spain","tag-titulares","tag-ultimas-noticias","tag-ultimasnoticias"],"share_on_mastodon":{"url":"https:\/\/pubeurope.com\/@es\/116034408564659106","error":""},"_links":{"self":[{"href":"https:\/\/www.europesays.com\/es\/wp-json\/wp\/v2\/posts\/385733","targetHints":{"allow":["GET"]}}],"collection":[{"href":"https:\/\/www.europesays.com\/es\/wp-json\/wp\/v2\/posts"}],"about":[{"href":"https:\/\/www.europesays.com\/es\/wp-json\/wp\/v2\/types\/post"}],"author":[{"embeddable":true,"href":"https:\/\/www.europesays.com\/es\/wp-json\/wp\/v2\/users\/2"}],"replies":[{"embeddable":true,"href":"https:\/\/www.europesays.com\/es\/wp-json\/wp\/v2\/comments?post=385733"}],"version-history":[{"count":0,"href":"https:\/\/www.europesays.com\/es\/wp-json\/wp\/v2\/posts\/385733\/revisions"}],"wp:featuredmedia":[{"embeddable":true,"href":"https:\/\/www.europesays.com\/es\/wp-json\/wp\/v2\/media\/385734"}],"wp:attachment":[{"href":"https:\/\/www.europesays.com\/es\/wp-json\/wp\/v2\/media?parent=385733"}],"wp:term":[{"taxonomy":"category","embeddable":true,"href":"https:\/\/www.europesays.com\/es\/wp-json\/wp\/v2\/categories?post=385733"},{"taxonomy":"post_tag","embeddable":true,"href":"https:\/\/www.europesays.com\/es\/wp-json\/wp\/v2\/tags?post=385733"}],"curies":[{"name":"wp","href":"https:\/\/api.w.org\/{rel}","templated":true}]}}