{"id":38590,"date":"2025-08-10T17:31:11","date_gmt":"2025-08-10T17:31:11","guid":{"rendered":"https:\/\/www.europesays.com\/es\/38590\/"},"modified":"2025-08-10T17:31:11","modified_gmt":"2025-08-10T17:31:11","slug":"activada-la-emergencia-por-noches-torridas-de-calor-info-barcelona","status":"publish","type":"post","link":"https:\/\/www.europesays.com\/es\/38590\/","title":{"rendered":"Activada la emergencia por noches t\u00f3rridas de calor | Info Barcelona"},"content":{"rendered":"<p>La activaci\u00f3n de esta fase tiene en cuenta la <strong>subida de temperaturas por la noche, entre las 24.00 y las 6.00 horas<\/strong>, y mantiene en situaci\u00f3n de emergencia el <strong><a style=\"font-size: 1rem;\" href=\"https:\/\/guia.barcelona.cat\/es\/detall\/centre-d-urgencies-i-emergencies-socials-de-barcelona_92086031399.html\" rel=\"nofollow noopener\" target=\"_blank\">Centro de Urgencias y Emergencias Sociales de Barcelona (CUESB)<\/a><\/strong> por si hay que hacer alguna intervenci\u00f3n espec\u00edfica o alg\u00fan traslado puntual de <strong>personas vulnerables<\/strong>. Adem\u00e1s, en el marco del plan Calor, el <strong>CUESB<\/strong> pone en marcha toda una serie de actuaciones:<\/p>\n<ul>\n<li>Los diferentes servicios de atenci\u00f3n a personas del Instituto Municipal de Servicios Sociales (IMSS) y los servicios de teleasistencia mantienen y ampl\u00edan el seguimiento de las personas y las familias identificadas como altamente vulnerables. Siempre que sea posible, se establecen las medidas oportunas para evitar que tengan que salir a la calle, como la entrega de ventiladores o la atenci\u00f3n personalizada a domicilio.<\/li>\n<li>El CUESB puede ampliar la oferta de pernocta en situaciones que se valoren de urgencia social.<\/li>\n<li>Ante una situaci\u00f3n de alerta por parte de cualquier ciudadano o ciudadana, se podr\u00e1n hacer prospecciones en la v\u00eda p\u00fablica o en domicilios y, si es necesario, se valorar\u00e1 la acogida en el Servicio de Estancias Breves (SEB).<\/li>\n<\/ul>\n<p>Adicionalmente, el <strong>CUESB<\/strong> env\u00eda <strong>SMS<\/strong> a las personas usuarias de los servicios sociales municipales que est\u00e1n identificadas como <strong>personas especialmente vulnerables<\/strong> para ofrecer <a href=\"https:\/\/ajuntament.barcelona.cat\/dretssocials\/es\/noticia\/delante-del-calor-cuidemonos-4_974126\" rel=\"nofollow noopener\" target=\"_blank\">recomendaciones y consejos para combatir el calor<\/a>.<\/p>\n<p><strong>Plan Calor<\/strong><\/p>\n<p>El <strong>exceso de calor y el calor sostenido<\/strong> tienen <strong>efectos negativos probados sobre la salud<\/strong> de las personas, especialmente las m\u00e1s vulnerables, como las personas mayores, los beb\u00e9s o las personas que tienen alg\u00fan tipo de enfermedad cr\u00f3nica.<\/p>\n<p>Para evitar situaciones de riesgo y, en su caso, actuar, <strong>entre el 15 de junio y el 15 de septiembre<\/strong> se activan la <strong>fase preventiva del <a href=\"https:\/\/www.barcelona.cat\/barcelona-pel-clima\/es\/acciones-concretas\/olas-de-calor\" rel=\"nofollow noopener\" target=\"_blank\">plan Calor<\/a><\/strong> y la <strong><a href=\"https:\/\/ajuntament.barcelona.cat\/premsa\/wp-content\/uploads\/2024\/06\/NP-Pla-Calor-2024_def.pdf\" rel=\"nofollow noopener\" target=\"_blank\">Red de Refugios Clim\u00e1ticos<\/a><\/strong>. Durante este periodo los distintos equipos municipales implicados en la prevenci\u00f3n y la intervenci\u00f3n mantienen todos los dispositivos a punto por si se activan alertas espec\u00edficas de calor y ponen en marcha los recursos municipales para la ciudadan\u00eda.<\/p>\n<p><a href=\"https:\/\/eldigital.barcelona.cat\/wp-content\/uploads\/2019\/06\/MOSTRA-DIPTIC-ONADA-DE-CALOR-2-2.pdf\" rel=\"nofollow noopener\" target=\"_blank\"><strong>Recomendaciones y consejos para combatir el calor<\/strong><\/a><\/p>\n<p>En <strong>casa<\/strong>, controla la temperatura:<\/p>\n<ul>\n<li>Durante el d\u00eda, baja las persianas de las ventanas donde toca el sol.<\/li>\n<li>Abre las ventanas durante la noche para refrescar el hogar.<\/li>\n<li>Permanece en las habitaciones m\u00e1s frescas.<\/li>\n<li>Utiliza alg\u00fan instrumento climatizador (ventilador, aire acondicionado, abanico\u2026), o trata de pasar como m\u00ednimo dos horas al d\u00eda en lugares climatizados, como bibliotecas o cines.<\/li>\n<li>Refr\u00e9scate a menudo duch\u00e1ndote o con toallas empapadas de agua.<\/li>\n<\/ul>\n<p>En la <strong>calle<\/strong>, evita el sol directo:<\/p>\n<ul>\n<li>Lleva gorra, sombrero o paraguas.<\/li>\n<li>Utiliza ropa ligera (de algod\u00f3n, por ejemplo), de colores claros y que no sea ajustada.<\/li>\n<li>Procura andar por la sombra, utiliza una sombrilla cuando est\u00e9s en la playa y descansa en lugares frescos de la calle o en espacios cerrados que est\u00e9n climatizados.<\/li>\n<li>Lleva agua y bebe a menudo.<\/li>\n<li>M\u00f3jate un poco la cara e incluso la ropa.<\/li>\n<li>Vigila los trayectos en coche durante las horas de m\u00e1s sol y no permanezcas en el veh\u00edculo con las ventanas cerradas.<\/li>\n<li>Limita la actividad f\u00edsica durante las horas de m\u00e1s calor.<\/li>\n<li>Evita salir de casa durante las horas de m\u00e1s calor.<\/li>\n<\/ul>\n<p>Con relaci\u00f3n a la <strong>dieta<\/strong>:<\/p>\n<ul>\n<li>Bebe agua y zumos de fruta.<\/li>\n<li>No tomes bebidas alcoh\u00f3licas.<\/li>\n<li>Evita las comidas muy calientes y las que aportan muchas calor\u00edas.<\/li>\n<\/ul>\n<p><strong>Ayuda a los dem\u00e1s<\/strong><\/p>\n<ul>\n<li>Si conoces a personas mayores o enfermas que viven solas, trata de visitarlas una vez al d\u00eda y haz que sigan los consejos mencionados.<\/li>\n<li>Si toman medicaci\u00f3n, consulta a su m\u00e9dico si hay que ajustarla o cambiarla mientras dure la ola de calor.<\/li>\n<\/ul>\n","protected":false},"excerpt":{"rendered":"La activaci\u00f3n de esta fase tiene en cuenta la subida de temperaturas por la noche, entre las 24.00&hellip;\n","protected":false},"author":2,"featured_media":38591,"comment_status":"","ping_status":"","sticky":false,"template":"","format":"standard","meta":{"footnotes":""},"categories":[5],"tags":[17,18,25,24,13,14,11,8408,19,20,9,10,15,16,23,12,21,22],"class_list":{"0":"post-38590","1":"post","2":"type-post","3":"status-publish","4":"format-standard","5":"has-post-thumbnail","7":"category-titulares","8":"tag-breaking-news","9":"tag-breakingnews","10":"tag-es","11":"tag-espana","12":"tag-featured-news","13":"tag-featurednews","14":"tag-headlines","15":"tag-info-barcelona","16":"tag-latest-news","17":"tag-latestnews","18":"tag-news","19":"tag-noticias","20":"tag-noticias-destacadas","21":"tag-noticiasdestacadas","22":"tag-spain","23":"tag-titulares","24":"tag-ultimas-noticias","25":"tag-ultimasnoticias"},"share_on_mastodon":{"url":"","error":""},"_links":{"self":[{"href":"https:\/\/www.europesays.com\/es\/wp-json\/wp\/v2\/posts\/38590","targetHints":{"allow":["GET"]}}],"collection":[{"href":"https:\/\/www.europesays.com\/es\/wp-json\/wp\/v2\/posts"}],"about":[{"href":"https:\/\/www.europesays.com\/es\/wp-json\/wp\/v2\/types\/post"}],"author":[{"embeddable":true,"href":"https:\/\/www.europesays.com\/es\/wp-json\/wp\/v2\/users\/2"}],"replies":[{"embeddable":true,"href":"https:\/\/www.europesays.com\/es\/wp-json\/wp\/v2\/comments?post=38590"}],"version-history":[{"count":0,"href":"https:\/\/www.europesays.com\/es\/wp-json\/wp\/v2\/posts\/38590\/revisions"}],"wp:featuredmedia":[{"embeddable":true,"href":"https:\/\/www.europesays.com\/es\/wp-json\/wp\/v2\/media\/38591"}],"wp:attachment":[{"href":"https:\/\/www.europesays.com\/es\/wp-json\/wp\/v2\/media?parent=38590"}],"wp:term":[{"taxonomy":"category","embeddable":true,"href":"https:\/\/www.europesays.com\/es\/wp-json\/wp\/v2\/categories?post=38590"},{"taxonomy":"post_tag","embeddable":true,"href":"https:\/\/www.europesays.com\/es\/wp-json\/wp\/v2\/tags?post=38590"}],"curies":[{"name":"wp","href":"https:\/\/api.w.org\/{rel}","templated":true}]}}