{"id":38611,"date":"2025-08-10T17:49:15","date_gmt":"2025-08-10T17:49:15","guid":{"rendered":"https:\/\/www.europesays.com\/es\/38611\/"},"modified":"2025-08-10T17:49:15","modified_gmt":"2025-08-10T17:49:15","slug":"lorena-bernal-nos-recibe-en-la-fabulosa-casa-donde-vive-con-mikel-arteta-en-londres","status":"publish","type":"post","link":"https:\/\/www.europesays.com\/es\/38611\/","title":{"rendered":"Lorena Bernal nos recibe en la fabulosa casa donde vive con Mikel Arteta en Londres"},"content":{"rendered":"<p id=\"eiWVxUUgXk\" data-wc=\"87\"><strong>Lorena Bernal<\/strong> est\u00e1 en un excelente momento profesional. La actriz y modelo <strong>acaba de publicar su primer libro\u00a0It Starts with You: How to Find Lasting Peace and Happiness\u00a0<\/strong>(Empieza por ti: c\u00f3mo encontrar paz y felicidad duraderas), que ha sido todo un \u00e9xito, y, adem\u00e1s<a class=\"hm-link\" href=\"https:\/\/www.hola.com\/actualidad\/20250730847434\/lorena-bernal-de-miss-espana-a-coach-espiritual-la-felicidad-la-paz-y-el-amor-duradero-no-dependen-del-exito-ni-de-los-bienes-materiales\/\" data-mrf-recirculation=\"article-body-link\" rel=\"nofollow noopener\" target=\"_blank\">\u00a0sorprende con una nueva faceta laboral y se reinventa como \u00abcoach\u00bb espiritual<\/a>. Naci\u00f3 en Argentina y gran parte de su vida vivi\u00f3 en Espa\u00f1a, aunque<strong>\u00a0desde hace m\u00e1s de una d\u00e9cada tiene su residencia fijada en Londres<\/strong>, donde desarrolla sus proyectos.\u00a0<\/p>\n<p>  <img src=\"https:\/\/www.europesays.com\/es\/wp-content\/uploads\/2025\/08\/d44a5818a88b-021.jpg\"   width=\"1080\" height=\"1080\" loading=\"lazy\" decoding=\"async\" alt=\"Media Image\" fetchpriority=\"auto\" class=\"image ho-image\"\/>\u00a9 Oliver Oglesby<\/p>\n<p id=\"eGUCiz4nLSN\" data-wc=\"73\">Es en la capital del T\u00e1mesis donde,<a class=\"hm-link\" href=\"https:\/\/www.hola.com\/actualidad\/20250409825282\/lorena-bernal-orgullosa-de-su-marido-mikel-arteta-tras-la-victoria-del-arsenal-sobre-el-real-madrid\/\" data-mrf-recirculation=\"article-body-link\" rel=\"nofollow noopener\" target=\"_blank\">\u00a0junto a su marido Mikel Arteta \u00a0\u2014entrenador del Arsenal\u2014 ha formado una preciosa familia, su proyecto m\u00e1s importante<\/a>. El matrimonio, que <strong>este a\u00f1o celebra su decimoquinto aniversario de boda<\/strong>, tiene <strong>tres hijos \u00a0\u2014Gabriel (16), Daniel (13) y Oliver (10)<\/strong>\u2014 igual de aficionados al f\u00fatbol que su padre. De hecho, <strong>una parte de su jard\u00edn est\u00e1 ocupada por dos porter\u00edas<\/strong> donde se pasan las horas muertas divirti\u00e9ndose.<\/p>\n<p>  <img src=\"https:\/\/www.europesays.com\/es\/wp-content\/uploads\/2025\/08\/fbba27e8bbf1-09.jpg\"   width=\"1080\" height=\"1800\" loading=\"lazy\" decoding=\"async\" alt=\"Media Image\" fetchpriority=\"auto\" class=\"image ho-image\"\/>\u00a9 Oliver Oglesby<\/p>\n<p id=\"eg-Hl0yjJ7\" data-wc=\"68\">Para Lorena s<strong>u familia es lo m\u00e1s importante de su vida<\/strong>, <strong>y as\u00ed lo ha llevado a la decoraci\u00f3n de su casa<\/strong>. Paredes repletas de entra\u00f1ables instant\u00e1neas que cuenta la historia de cada miembro de la familia, im\u00e1genes familiares que enmarcan grandes recuerdos&#8230; <strong>Los pasillos de la casa de la modelo y el entrenador, que te envuelven en un aura de tranquilidad, emanan calidez en todos los rincones.<\/strong><\/p>\n<p>Sus hijos, la inspiraci\u00f3n de la decoraci\u00f3n<\/p>\n<p id=\"egaXPgJs3w\" data-wc=\"48\">Es justo la sensaci\u00f3n que buscaba la que fuera protagonista de Luna Negra. Con una decoraci\u00f3n sencilla, <strong>protagonizada por acogedores muebles de madera y colores tierra y blancos,<\/strong> <a class=\"hm-link\" href=\"https:\/\/www.hola.com\/actualidad\/20220808214994\/lorena-bernal-vida-inglaterra\/\" data-mrf-recirculation=\"article-body-link\" rel=\"nofollow noopener\" target=\"_blank\">Lorena ha priorizado el bienestar de sus hijos antes que tener una casa que marque tendencia con las piezas decorativas.\u00a0<\/a><\/p>\n<p> <img src=\"https:\/\/www.europesays.com\/es\/wp-content\/uploads\/2025\/08\/32b4bd3708d2-05.jpg\"   width=\"1080\" height=\"1800\" loading=\"lazy\" decoding=\"async\" alt=\"Media Image\" fetchpriority=\"auto\" class=\"image ho-image\"\/>\u00a9 Oliver Oglesby<\/p>\n<p> <img src=\"https:\/\/www.europesays.com\/es\/wp-content\/uploads\/2025\/08\/3cac445db1d6-06.jpg\"   width=\"1080\" height=\"1800\" loading=\"lazy\" decoding=\"async\" alt=\"Media Image\" fetchpriority=\"auto\" class=\"image ho-image\"\/>\u00a9 Oliver Oglesby<\/p>\n<p id=\"eWAumFf00N\" data-wc=\"38\">\u00abIntento que sea <strong>lo m\u00e1s segura posible para ellos<\/strong>, porque no puedo tener jarrones caros ni muebles delicados; <strong>se mueven todo el tiempo, juegan al f\u00fatbol, \u00a0saltan..<\/strong>.\u00bb, le confesaba a Hello! en una entrevista reciente con una sonrisa.\u00a0<\/p>\n<p>  <img src=\"https:\/\/www.europesays.com\/es\/wp-content\/uploads\/2025\/08\/68fc2508ad7b-08.jpg\"   width=\"1080\" height=\"1080\" loading=\"lazy\" decoding=\"async\" alt=\"Media Image\" fetchpriority=\"auto\" class=\"image ho-image\"\/>\u00a9 Oliver Oglesby<\/p>\n<p id=\"eAoSWBxJdR\" data-wc=\"68\">\u00abNo me apego a nada material aqu\u00ed.<strong>\u00a0Me encantar\u00eda tener una casa preciosa decorada con objetos bonitos, pero tendr\u00e9 que esperar a que sean mayores\u00a0<\/strong>y tengan las suyas\u00bb, comentaba entre risas, demostrando que lo m\u00e1s importante es que<strong>\u00a0sus hijos crezcan en un sitio donde puedan desarrollar todas sus ideas sin tener que andar con pies de plomo\u00a0<\/strong>por las estancias de su lugar seguro, su casa.\u00a0<\/p>\n<p>  <img src=\"https:\/\/www.europesays.com\/es\/wp-content\/uploads\/2025\/08\/d1a1577e5c3a-01.jpg\"   width=\"1080\" height=\"1800\" loading=\"lazy\" decoding=\"async\" alt=\"Media Image\" fetchpriority=\"auto\" class=\"image ho-image\"\/>\u00a9 Oliver Oglesby<\/p>\n<p id=\"eszj0MK7td\" data-wc=\"82\">Su hogar en la capital inglesa, de <strong>fachada de ladrillo visto y una imponente puerta en un color arena protegida por dos espectaculares columnas<\/strong>, es su refugio personal del bullicio de la gran ciudad, <a class=\"hm-link\" href=\"https:\/\/www.hola.com\/actualidad\/20240314250963\/lorena-bernal-actriz-serie-the-good-doctor-nsv\/\" data-mrf-recirculation=\"article-body-link\" rel=\"nofollow noopener\" target=\"_blank\">donde actualmente busca seguir expandiendo su carrera como actriz<\/a>. All\u00ed cuentan con un <strong>incre\u00edble jard\u00edn donde sus hijos se divierten<\/strong> \u2014ya sean solo ellos o con Bue, su bulldog franc\u00e9s\u2014 y escuchar sus risas y confidencias se ha convertido la mayor dosis de felicidad de Lorena y Mikel.<\/p>\n","protected":false},"excerpt":{"rendered":"Lorena Bernal est\u00e1 en un excelente momento profesional. La actriz y modelo acaba de publicar su primer libro\u00a0It&hellip;\n","protected":false},"author":2,"featured_media":38612,"comment_status":"","ping_status":"","sticky":false,"template":"","format":"standard","meta":{"footnotes":""},"categories":[91],"tags":[3900,3738,8372,146,147,25,24,10118,23],"class_list":{"0":"post-38611","1":"post","2":"type-post","3":"status-publish","4":"format-standard","5":"has-post-thumbnail","7":"category-entretenimiento","8":"tag-hola","9":"tag-casas","10":"tag-decoracion","11":"tag-entertainment","12":"tag-entretenimiento","13":"tag-es","14":"tag-espana","15":"tag-lorena-bernal","16":"tag-spain"},"share_on_mastodon":{"url":"","error":""},"_links":{"self":[{"href":"https:\/\/www.europesays.com\/es\/wp-json\/wp\/v2\/posts\/38611","targetHints":{"allow":["GET"]}}],"collection":[{"href":"https:\/\/www.europesays.com\/es\/wp-json\/wp\/v2\/posts"}],"about":[{"href":"https:\/\/www.europesays.com\/es\/wp-json\/wp\/v2\/types\/post"}],"author":[{"embeddable":true,"href":"https:\/\/www.europesays.com\/es\/wp-json\/wp\/v2\/users\/2"}],"replies":[{"embeddable":true,"href":"https:\/\/www.europesays.com\/es\/wp-json\/wp\/v2\/comments?post=38611"}],"version-history":[{"count":0,"href":"https:\/\/www.europesays.com\/es\/wp-json\/wp\/v2\/posts\/38611\/revisions"}],"wp:featuredmedia":[{"embeddable":true,"href":"https:\/\/www.europesays.com\/es\/wp-json\/wp\/v2\/media\/38612"}],"wp:attachment":[{"href":"https:\/\/www.europesays.com\/es\/wp-json\/wp\/v2\/media?parent=38611"}],"wp:term":[{"taxonomy":"category","embeddable":true,"href":"https:\/\/www.europesays.com\/es\/wp-json\/wp\/v2\/categories?post=38611"},{"taxonomy":"post_tag","embeddable":true,"href":"https:\/\/www.europesays.com\/es\/wp-json\/wp\/v2\/tags?post=38611"}],"curies":[{"name":"wp","href":"https:\/\/api.w.org\/{rel}","templated":true}]}}