{"id":386165,"date":"2026-02-08T15:08:23","date_gmt":"2026-02-08T15:08:23","guid":{"rendered":"https:\/\/www.europesays.com\/es\/386165\/"},"modified":"2026-02-08T15:08:23","modified_gmt":"2026-02-08T15:08:23","slug":"el-dalai-lama-recibio-su-primer-grammy-a-los-90-anos","status":"publish","type":"post","link":"https:\/\/www.europesays.com\/es\/386165\/","title":{"rendered":"El Dalai Lama recibi\u00f3 su primer Grammy a los 90 a\u00f1os"},"content":{"rendered":"<p><img alt=\"El Dalai Lama obtiene su\" class=\"global-image\" decoding=\"async\" fetchpriority=\"high\" height=\"1080\" loading=\"eager\" src=\"https:\/\/www.europesays.com\/es\/wp-content\/uploads\/2026\/02\/NAC4VMTHNFAHDF45LJDMNAC3XQ.jpg\" width=\"1921\"\/>El Dalai Lama obtiene su primer Grammy a los 90 a\u00f1os por el audiolibro \u00abMeditations: The Reflections of His Holiness the Dalai Lama\u00bb, en la categor\u00eda de mejor narraci\u00f3n y storytelling (EFE)<\/p>\n<p class=\"paragraph\">El <b>Dalai Lama<\/b> recibi\u00f3 su primer <b>Grammy<\/b> a los 90 a\u00f1os, por el mejor audiolibro, narraci\u00f3n y storytelling, gracias a Meditations: The Reflections of His Holiness the Dalai Lama.<\/p>\n<p class=\"paragraph\">La grabaci\u00f3n incluye reflexiones del l\u00edder espiritual sobre la paz, la compasi\u00f3n y la interconexi\u00f3n humana, acompa\u00f1adas por la m\u00fasica del int\u00e9rprete indio <b>Amjad Ali Khan<\/b> y sus hijos.<\/p>\n<p class=\"paragraph\">En la producci\u00f3n participaron artistas como <b>Maggie Rogers<\/b>, <b>Andra Day<\/b> y <b>Rufus Wainwright<\/b>, quien subi\u00f3 al escenario de Los \u00e1ngeles para aceptar el premio en su nombre.<\/p>\n<p class=\"paragraph\">El mensaje del Dalai Lama se difundi\u00f3 en sus redes oficiales. <b>Escribi\u00f3 que recib\u00eda el premio \u201ccon gratitud y humildad\u201d<\/b> y afirm\u00f3 que no lo consideraba un m\u00e9rito individual, sino \u201cun reconocimiento a nuestra responsabilidad universal\u201d.<\/p>\n<p><img alt=\"El mensaje del l\u00edder espiritual\" class=\"global-image\" decoding=\"async\" fetchpriority=\"low\" height=\"533\" loading=\"lazy\" src=\"https:\/\/www.europesays.com\/es\/wp-content\/uploads\/2026\/02\/7MJI4RPEAVGONLPLE5VUBLDT3A.jpg\" width=\"800\"\/>El mensaje del l\u00edder espiritual tibetano tras el Grammy subraya la responsabilidad universal como clave para la paz, difundido en sus redes oficiales (REUTERS\/Anushree Fadnavis)<\/p>\n<p class=\"paragraph\">Seg\u00fan el l\u00edder tibetano, el galard\u00f3n ayudar\u00e1 a difundir su mensaje de paz y armon\u00eda, y comparti\u00f3 su convicci\u00f3n de que la responsabilidad colectiva es esencial para el bienestar de los 8 mil millones de seres humanos.<\/p>\n<p class=\"paragraph\">En la categor\u00eda tambi\u00e9n compet\u00edan figuras como el presentador y anfitri\u00f3n de la gala <b>Trevor Noah<\/b>, la jueza de la Corte Suprema de Estados Unidos <b>Ketanji Brown Jackson<\/b> y <b>Fab Morvan<\/b> de Milli Vanilli.<\/p>\n<p class=\"paragraph\">Finalmente, la academia eligi\u00f3 el trabajo del l\u00edder tibetano, que ya contaba con el Nobel de la Paz, la Medalla Presidencial de la Libertad y el Gandhi Peace Prize.<\/p>\n<p class=\"paragraph\"><b>Rufus Wainwright<\/b> valor\u00f3 la participaci\u00f3n en el proyecto y agradeci\u00f3 p\u00fablicamente la oportunidad de aceptar el Grammy por el <b>Dalai Lama<\/b>, destacando que la sabidur\u00eda del l\u00edder tibetano constituye el n\u00facleo de la obra.<\/p>\n<p class=\"paragraph\">El audiolibro contiene fragmentos de discursos y textos sobre <b>mindfulness, armon\u00eda y el bienestar colectivo<\/b>.<\/p>\n<p><img alt=\"La obra galardonada fusiona reflexiones\" class=\"global-image\" decoding=\"async\" fetchpriority=\"low\" height=\"3962\" loading=\"lazy\" src=\"https:\/\/www.europesays.com\/es\/wp-content\/uploads\/2026\/02\/LKGM3X3R4VDO5MBJ4W3DKNZXFQ.jpg\" width=\"6000\"\/>La obra galardonada fusiona reflexiones sobre paz, compasi\u00f3n e interconexi\u00f3n, acompa\u00f1adas por la m\u00fasica de Amjad Ali Khan y sus hijos (AP Foto\/Ashwini Bhatia)<\/p>\n<p class=\"paragraph\">Poco despu\u00e9s de la ceremonia, el gobierno de <b>China manifest\u00f3 su rechazo<\/b>.<\/p>\n<p class=\"paragraph\">El portavoz del Ministerio de Asuntos Exteriores, Lin Jian, sostuvo que el premio funcion\u00f3 como \u201cuna herramienta de manipulaci\u00f3n <b>pol\u00edtica antichina<\/b>\u201d.<\/p>\n<p class=\"paragraph\">Agreg\u00f3 que \u201cel decimocuarto Dalai Lama no es solo una figura religiosa, sino un exiliado pol\u00edtico dedicado a actividades separatistas bajo el disfraz de la religi\u00f3n\u201d.<\/p>\n<p class=\"paragraph\">Para las autoridades chinas, el Grammy otorga legitimidad al movimiento tibetano por la autonom\u00eda, opini\u00f3n que reiteraron en distintos medios estatales.<\/p>\n<p class=\"paragraph\">La relaci\u00f3n conflictiva entre el <b>Dalai Lama<\/b> y el gobierno chino se remonta a 1959.<\/p>\n<p><img alt=\"China rechaza el premio al\" class=\"global-image\" decoding=\"async\" fetchpriority=\"low\" height=\"1080\" loading=\"lazy\" src=\"https:\/\/www.europesays.com\/es\/wp-content\/uploads\/2026\/02\/RUQJLQRO7VGYFLUZFP2TCREQJY.jpg\" width=\"1920\"\/>China rechaza el premio al Dalai Lama y lo califica como una herramienta de manipulaci\u00f3n pol\u00edtica antichina, intensificando la hist\u00f3rica tensi\u00f3n por el T\u00edbet (Europa Press\/GOBIERNO TIBETANO EN EL EXILIO)<\/p>\n<p class=\"paragraph\">Ese a\u00f1o, el l\u00edder espiritual, considerado por millones de tibetanos como la reencarnaci\u00f3n n\u00famero 14 de una estirpe iniciada en 1391, abandon\u00f3 el T\u00edbet tras la represi\u00f3n de un levantamiento por parte de las fuerzas chinas.<\/p>\n<p class=\"paragraph\">Desde entonces, <b>vive en el exilio en la ciudad india de Dharamsala<\/b>, donde centr\u00f3 sus esfuerzos en la defensa de la identidad tibetana y la promoci\u00f3n de los derechos humanos.<\/p>\n<p class=\"paragraph\">El <b>Dalai Lama<\/b> insisti\u00f3 en la importancia de la paz, el respeto por el medio ambiente y la compasi\u00f3n como valores universales.<\/p>\n<p class=\"paragraph\">A sus 90 a\u00f1os, expres\u00f3 confianza en que a\u00fan le quedan muchos a\u00f1os de vida y que su legado seguir\u00e1 presente.<\/p>\n<p class=\"paragraph\">Sin embargo, en la comunidad tibetana existe preocupaci\u00f3n sobre el futuro tras su muerte.<\/p>\n<p><img alt=\"La disputa por la sucesi\u00f3n\" class=\"global-image\" decoding=\"async\" fetchpriority=\"low\" height=\"3202\" loading=\"lazy\" src=\"https:\/\/www.europesays.com\/es\/wp-content\/uploads\/2026\/02\/NHYFSZML4VG2RN5PPGGMFYIJ3U.jpg\" width=\"4919\"\/>La disputa por la sucesi\u00f3n del Dalai Lama enfrenta al c\u00edrculo de confianza tibetano y al gobierno chino, que busca controlar el pr\u00f3ximo nombramiento (REUTERS\/Stringer)<\/p>\n<p class=\"paragraph\">El proceso tradicional de sucesi\u00f3n, en manos de los monjes cercanos al Dalai Lama, podr\u00eda verse disputado por las autoridades chinas, interesadas en controlar el nombramiento del pr\u00f3ximo l\u00edder espiritual para afianzar su dominio sobre el T\u00edbet.<\/p>\n<p class=\"paragraph\">La disputa por la sucesi\u00f3n se mantiene como un tema central.<\/p>\n<p class=\"paragraph\">El <b>Dalai Lama<\/b> asegur\u00f3 que su sucesor ser\u00e1 identificado \u00fanicamente por su c\u00edrculo de confianza y que <b>China<\/b> no tendr\u00e1 ning\u00fan papel en ese proceso.<\/p>\n<p class=\"paragraph\">Pek\u00edn, en cambio, sostiene que el pr\u00f3ximo Dalai Lama debe nacer en el T\u00edbet y contar con el aval del <b>Partido Comunista<\/b>, lo que refuerza las diferencias entre ambas partes.<\/p>\n<p class=\"paragraph\">El Grammy resalta la figura del <b>Dalai Lama<\/b> y su mensaje de responsabilidad universal.<\/p>\n","protected":false},"excerpt":{"rendered":"El Dalai Lama obtiene su primer Grammy a los 90 a\u00f1os por el audiolibro \u00abMeditations: The Reflections of&hellip;\n","protected":false},"author":2,"featured_media":386166,"comment_status":"","ping_status":"","sticky":false,"template":"","format":"standard","meta":{"footnotes":""},"categories":[170],"tags":[4820,84296,146,147,25,24,184,185,34848,23],"class_list":["post-386165","post","type-post","status-publish","format-standard","has-post-thumbnail","category-musica","tag-asia-pacific","tag-dharamshala","tag-entertainment","tag-entretenimiento","tag-es","tag-espana","tag-music","tag-musica","tag-religion-belief","tag-spain"],"share_on_mastodon":{"url":"https:\/\/pubeurope.com\/@es\/116035643454436927","error":""},"_links":{"self":[{"href":"https:\/\/www.europesays.com\/es\/wp-json\/wp\/v2\/posts\/386165","targetHints":{"allow":["GET"]}}],"collection":[{"href":"https:\/\/www.europesays.com\/es\/wp-json\/wp\/v2\/posts"}],"about":[{"href":"https:\/\/www.europesays.com\/es\/wp-json\/wp\/v2\/types\/post"}],"author":[{"embeddable":true,"href":"https:\/\/www.europesays.com\/es\/wp-json\/wp\/v2\/users\/2"}],"replies":[{"embeddable":true,"href":"https:\/\/www.europesays.com\/es\/wp-json\/wp\/v2\/comments?post=386165"}],"version-history":[{"count":0,"href":"https:\/\/www.europesays.com\/es\/wp-json\/wp\/v2\/posts\/386165\/revisions"}],"wp:featuredmedia":[{"embeddable":true,"href":"https:\/\/www.europesays.com\/es\/wp-json\/wp\/v2\/media\/386166"}],"wp:attachment":[{"href":"https:\/\/www.europesays.com\/es\/wp-json\/wp\/v2\/media?parent=386165"}],"wp:term":[{"taxonomy":"category","embeddable":true,"href":"https:\/\/www.europesays.com\/es\/wp-json\/wp\/v2\/categories?post=386165"},{"taxonomy":"post_tag","embeddable":true,"href":"https:\/\/www.europesays.com\/es\/wp-json\/wp\/v2\/tags?post=386165"}],"curies":[{"name":"wp","href":"https:\/\/api.w.org\/{rel}","templated":true}]}}