{"id":386225,"date":"2026-02-08T15:50:09","date_gmt":"2026-02-08T15:50:09","guid":{"rendered":"https:\/\/www.europesays.com\/es\/386225\/"},"modified":"2026-02-08T15:50:09","modified_gmt":"2026-02-08T15:50:09","slug":"la-actriz-con-raices-en-aragon-que-parte-como-favorita-para-ganar-el-goya-una-actuacion-brutal","status":"publish","type":"post","link":"https:\/\/www.europesays.com\/es\/386225\/","title":{"rendered":"La actriz con ra\u00edces en Arag\u00f3n que parte como favorita para ganar el Goya: una actuaci\u00f3n brutal"},"content":{"rendered":"<p class=\"paragraph\"><a href=\"https:\/\/www.heraldo.es\/noticias\/ocio-y-cultura\/2025\/04\/15\/angela-cervantes-aun-me-estoy-recuperando-de-ver-las-secuelas-que-deja-la-violencia-sexual-1813619.html\" title=\"\u00c1ngela Cervantes: &quot;A\u00fan me estoy recuperando de ver las secuelas que deja la violencia sexual&quot;\" target=\"_blank\" rel=\"nofollow noopener\">\u00c1ngela Cervantes es una de las nominadas al Goya a Mejor Actriz gracias a su papel en &#8216;La Furia&#8217;<\/a>,<b> una pel\u00edcula dirigida por Gemma Blasco que narra la historia de una mujer que sufre una agresi\u00f3n sexual<\/b> y debe lidiar en soledad con el asco, la verg\u00fcenza y la culpa.\u00a0<\/p>\n<p class=\"paragraph\">Cervantes realiza el papel protag\u00f3nico encarnando a Alexandra <b>con una conmovedora actuaci\u00f3n individual que funciona como el alma del largometraje conectando intensamente con el espectador<\/b>. La actriz espa\u00f1ola toca muchos registros a lo largo de la cinta, desde el drama m\u00e1s exacerbado hasta el teatro cl\u00e1sico.\u00a0<\/p>\n<p class=\"paragraph\">\u00c1ngela Cervantes naci\u00f3 en Barcelona pero sus or\u00edgenes est\u00e1n en Arag\u00f3n. Ella misma lo explica en una entrevista concedida a HERALDO en 2025: \u00abLa verdad es que tengo mucha uni\u00f3n con esta tierra, tanto por parte de madre como de padre. <b>Mi abuela paterna es de Ari\u00f1o y mi abuela materna es del Mas de las Matas. <\/b>Adem\u00e1s, mis padres se conocieron en <b>La Ginebrosa<\/b>, que es el pueblo donde siempre he veraneado, desde pepue\u00f1ita, y donde ten\u00eda mi grupo de amigos, mis padres ten\u00edan su pe\u00f1a, yo la m\u00eda, mi hermano \u00c1lvaro la suya&#8230; Siempre ha sido un lugar de vacaciones en los veranos y mis mejores amigas est\u00e1n en La Ginebrosa\u00bb.\u00a0<\/p>\n<p class=\"paragraph\">\u00c1ngela Cervantes competir\u00e1 por el Goya a Mejor Actriz Protagonista con Patricia Lopez Arnaiz, por Los Domingos; Antonia Zegers, por Los tortuga; Nora Navas, por Mi amiga Eva; Susana Abaitua, por Un fantasma en la batalla. <b>La Furia, <\/b><b>adem\u00e1s de la nominaci\u00f3n de la actriz barcelonesa, ha recibido otra a Mejor Direcci\u00f3n Nobel para Gemma Blasco.\u00a0<\/b><\/p>\n<p class=\"paragraph\">La Academia de Cine anunci\u00f3 el pasado enero los nominados a la 40 edici\u00f3n de los Premios Goya, galardones que <b>se entregar\u00e1n el pr\u00f3ximo 28 de febrero en Barcelona<\/b>. La actriz Toni Acosta y el actor y productor Arturo Valls fueron los encargados de desvelar los aspirantes en las 28 categor\u00edas desde la Academia de Cine, en un acto que cont\u00f3 con la supervisi\u00f3n de la notaria Eva Fern\u00e1ndez Medina.<\/p>\n","protected":false},"excerpt":{"rendered":"\u00c1ngela Cervantes es una de las nominadas al Goya a Mejor Actriz gracias a su papel en &#8216;La&hellip;\n","protected":false},"author":2,"featured_media":386226,"comment_status":"","ping_status":"","sticky":false,"template":"","format":"standard","meta":{"footnotes":""},"categories":[174],"tags":[6456,29873,255,146,147,25,24,256,22473,2000,5551,23],"class_list":["post-386225","post","type-post","status-publish","format-standard","has-post-thumbnail","category-famosos","tag-actriz","tag-aragonesas","tag-celebrities","tag-entertainment","tag-entretenimiento","tag-es","tag-espana","tag-famosos","tag-favorita","tag-ganar","tag-raices","tag-spain"],"share_on_mastodon":{"url":"https:\/\/pubeurope.com\/@es\/116035808490100822","error":""},"_links":{"self":[{"href":"https:\/\/www.europesays.com\/es\/wp-json\/wp\/v2\/posts\/386225","targetHints":{"allow":["GET"]}}],"collection":[{"href":"https:\/\/www.europesays.com\/es\/wp-json\/wp\/v2\/posts"}],"about":[{"href":"https:\/\/www.europesays.com\/es\/wp-json\/wp\/v2\/types\/post"}],"author":[{"embeddable":true,"href":"https:\/\/www.europesays.com\/es\/wp-json\/wp\/v2\/users\/2"}],"replies":[{"embeddable":true,"href":"https:\/\/www.europesays.com\/es\/wp-json\/wp\/v2\/comments?post=386225"}],"version-history":[{"count":0,"href":"https:\/\/www.europesays.com\/es\/wp-json\/wp\/v2\/posts\/386225\/revisions"}],"wp:featuredmedia":[{"embeddable":true,"href":"https:\/\/www.europesays.com\/es\/wp-json\/wp\/v2\/media\/386226"}],"wp:attachment":[{"href":"https:\/\/www.europesays.com\/es\/wp-json\/wp\/v2\/media?parent=386225"}],"wp:term":[{"taxonomy":"category","embeddable":true,"href":"https:\/\/www.europesays.com\/es\/wp-json\/wp\/v2\/categories?post=386225"},{"taxonomy":"post_tag","embeddable":true,"href":"https:\/\/www.europesays.com\/es\/wp-json\/wp\/v2\/tags?post=386225"}],"curies":[{"name":"wp","href":"https:\/\/api.w.org\/{rel}","templated":true}]}}