{"id":386340,"date":"2026-02-08T17:12:10","date_gmt":"2026-02-08T17:12:10","guid":{"rendered":"https:\/\/www.europesays.com\/es\/386340\/"},"modified":"2026-02-08T17:12:10","modified_gmt":"2026-02-08T17:12:10","slug":"juanma-moreno-plantea-el-posible-desalojo-de-un-centenar-de-vecinos-de-ubrique-por-los-movimientos-de-tierra","status":"publish","type":"post","link":"https:\/\/www.europesays.com\/es\/386340\/","title":{"rendered":"Juanma Moreno plantea el posible desalojo de un centenar de vecinos de Ubrique por los movimientos de tierra"},"content":{"rendered":"<p style=\"\">El presidente de la Junta de Andaluc\u00eda, <strong>Juanma Moreno<\/strong>, acaba de se\u00f1alar esta noche que <strong>se est\u00e1 planteando el desalojo de un centenar de vecinos del municipio de Ubrique,<\/strong> en la provincia de C\u00e1diz. El motivo es similar al que ha obligado a  &#8230; adoptar esta medida en Grazalema, como consecuencia de los movimientos que hay en el agua subterr\u00e1nea y que provoca movimientos de tierra tras las fuertes lluvias registradas por las borrascas en los \u00faltimos d\u00edas.<\/p>\n<p class=\"voc-p\" style=\"\">\u00abEstamos centrando la atenci\u00f3n en Ubrique\u00bb, reconoce. \u00abProbablemente, vamos a tener que desalojar a un centenar de vecinos; no por la lluvia, sino por los movimientos subterr\u00e1neos que hay en el agua subterr\u00e1nea que producen movimientos de tierra.<strong> No s\u00f3lo miramos al cielo, sino al suelo, a las laderas,<\/strong> que est\u00e1n colmadas de agua, y se empiezan a provocar desprendimientos y corrimientos de tierra que pueden resultar muy peligroso\u00bb.<\/p>\n<p class=\"voc-p\" style=\"\">As\u00ed lo ha manifestado en una entrevista en Antena 3. \u00abLa prioridad es asegurar aquella zonas que puede haber peligro por inundaciones, sobre todo en la provincia de C\u00e1diz. Tambi\u00e9n hay que tener mucho cuidado en la zona del Guadalquivir, en la provincia de C\u00f3rdoba y en Sevilla. Y los pantanos, que est\u00e1n al 95% en C\u00e1diz y Sevilla y estamos vigilando su crecimiento\u00bb.<\/p>\n<p>\nDesprendimientos\n<\/p>\n<p class=\"voc-p\" style=\"\">Asimismo, el presidente auton\u00f3mico ha destacado que la prioridad actual de la Junta de Andaluc\u00eda es asegurar aquellas zonas donde pueden haber peligro y velar por la seguridad de los vecinos y afectados.<\/p>\n<p class=\"voc-p\" style=\"\">Cabe recordar que los efectivos del Consorcio de Bomberos de la provincia de C\u00e1diz est\u00e1n trabajando en <strong>Ubrique en la colocaci\u00f3n de mallas<\/strong> para controlar los posibles desprendimientos de piedras y ramas que puedan producirse y que la corriente de r\u00edo que discurre por este municipio, y que lo hace con fuerza desde hace varios d\u00edas, transcurra lo m\u00e1s limpia posible de maleza y no obstruya el alcantarillado.<\/p>\n<p class=\"voc-p\" style=\"\">As\u00ed lo ha informado el Consorcio de Bomberos, que ya ha realizado en los \u00faltimos d\u00edas otro tipo de tareas pr\u00f3ximas a este r\u00edo,<strong> como retirada de cinco grandes \u00e1rboles<\/strong> y el desbroce de toda la maleza para evitar obstrucciones del cauce.<\/p>\n<p class=\"voc-p\" style=\"\">En Ubrique se afanan durante todo el d\u00eda<strong> en achicar aguas de casas<\/strong> y otros equipamientos, as\u00ed como de encauzar el agua que corre por sus calles debido a que las abundantes lluvias que llevan cayendo en este municipio desde que esta semana, con la borrasca Leonardo, y ahora con Marta, est\u00e1 provocando que su r\u00edo baje con fuerza y que el subsuelo no pueda soportar las grandes cantidades de precipitaciones.<\/p>\n<p class=\"voc-p\" style=\"\">As\u00ed<strong> se ha estado trabajando en la trasera de la guarder\u00eda<\/strong> donde ayer se registr\u00f3 el desprendimiento del parte del muro de contenci\u00f3n del r\u00edo en su lateral, y en proteger viviendas de zonas que pudieran ser objeto de anegaci\u00f3n por agua.<\/p>\n<p class=\"voc-p\" style=\"\">Sobre las tareas realizadas por Bomberos en este municipio, se ha apuntado que se est\u00e1 trabajando junto a operarios en la colocaci\u00f3n de grandes sacos de arena y otros elementos para evitar el derrumbe de edificaciones y de taludes y para canalizar las aguas que corren por la localidad.<\/p>\n<p class=\"voc-p\" style=\"\">Para ello, se han instalado pasamanos y l\u00edneas de vida como medida de seguridad, dados los arrastres y deslizamientos de terreno a causa del agua, para que los operarios puedan trabajar sin riesgo, ya que la maquinaria pesada no puede acceder por riesgo de <strong>hundimiento del terreno.<\/strong><\/p>\n<p class=\"voc-p\" style=\"\">Como medida preventiva, <strong>se han desalojado algunas viviendas<\/strong> y se ha recomendado a otros ocupantes de instalarse en las partes m\u00e1s altas de sus domicilios. Todo ello para prevenir tambi\u00e9n los posibles efectos de la lluvia que sigue cayendo en Grazalema y Villaluenga, y que desciende hasta la localidad de Ubrique.<\/p>\n<p class=\"voc-p\" style=\"\">Asimismo, se han apuntalado y afianzado rocas con riesgo de ca\u00edda, realizado achiques de agua en viviendas y calles y ayudando a los vecinos con las filtraciones de agua en sus casas. Tambi\u00e9n se han colocado maderas y otros elementos de contenci\u00f3n en algunas calles como la de San Mart\u00edn para canalizar el agua. Bomberos ha previsto tambi\u00e9n una ca\u00edda de la l\u00ednea en toda la localidad, tanto de telefon\u00eda como de datos de internet debido a los efectos de la borrasca.<\/p>\n","protected":false},"excerpt":{"rendered":"El presidente de la Junta de Andaluc\u00eda, Juanma Moreno, acaba de se\u00f1alar esta noche que se est\u00e1 planteando&hellip;\n","protected":false},"author":2,"featured_media":386341,"comment_status":"","ping_status":"","sticky":false,"template":"","format":"standard","meta":{"footnotes":""},"categories":[8],"tags":[17,18,5749,4837,25,24,13,14,11,20482,19,20,1712,20359,9,10,15,16,6859,2397,23,1934,12,5571,21,22,3096],"class_list":["post-386340","post","type-post","status-publish","format-standard","has-post-thumbnail","category-espana","tag-breaking-news","tag-breakingnews","tag-centenar","tag-desalojo","tag-es","tag-espana","tag-featured-news","tag-featurednews","tag-headlines","tag-juanma","tag-latest-news","tag-latestnews","tag-moreno","tag-movimientos","tag-news","tag-noticias","tag-noticias-destacadas","tag-noticiasdestacadas","tag-plantea","tag-posible","tag-spain","tag-tierra","tag-titulares","tag-ubrique","tag-ultimas-noticias","tag-ultimasnoticias","tag-vecinos"],"share_on_mastodon":{"url":"https:\/\/pubeurope.com\/@es\/116036130844395377","error":""},"_links":{"self":[{"href":"https:\/\/www.europesays.com\/es\/wp-json\/wp\/v2\/posts\/386340","targetHints":{"allow":["GET"]}}],"collection":[{"href":"https:\/\/www.europesays.com\/es\/wp-json\/wp\/v2\/posts"}],"about":[{"href":"https:\/\/www.europesays.com\/es\/wp-json\/wp\/v2\/types\/post"}],"author":[{"embeddable":true,"href":"https:\/\/www.europesays.com\/es\/wp-json\/wp\/v2\/users\/2"}],"replies":[{"embeddable":true,"href":"https:\/\/www.europesays.com\/es\/wp-json\/wp\/v2\/comments?post=386340"}],"version-history":[{"count":0,"href":"https:\/\/www.europesays.com\/es\/wp-json\/wp\/v2\/posts\/386340\/revisions"}],"wp:featuredmedia":[{"embeddable":true,"href":"https:\/\/www.europesays.com\/es\/wp-json\/wp\/v2\/media\/386341"}],"wp:attachment":[{"href":"https:\/\/www.europesays.com\/es\/wp-json\/wp\/v2\/media?parent=386340"}],"wp:term":[{"taxonomy":"category","embeddable":true,"href":"https:\/\/www.europesays.com\/es\/wp-json\/wp\/v2\/categories?post=386340"},{"taxonomy":"post_tag","embeddable":true,"href":"https:\/\/www.europesays.com\/es\/wp-json\/wp\/v2\/tags?post=386340"}],"curies":[{"name":"wp","href":"https:\/\/api.w.org\/{rel}","templated":true}]}}