{"id":386517,"date":"2026-02-08T19:26:07","date_gmt":"2026-02-08T19:26:07","guid":{"rendered":"https:\/\/www.europesays.com\/es\/386517\/"},"modified":"2026-02-08T19:26:07","modified_gmt":"2026-02-08T19:26:07","slug":"super-bowl-2026-horario-show-de-medio-tiempo-y-donde-ver-new-england-patriots-seattle-seahawks-en-mexico","status":"publish","type":"post","link":"https:\/\/www.europesays.com\/es\/386517\/","title":{"rendered":"Super Bowl 2026: horario, show de medio tiempo y d\u00f3nde ver New England Patriots &#8211; Seattle Seahawks en M\u00e9xico"},"content":{"rendered":"<p class=\"\">Cinco meses despu\u00e9s del arranque de la temporada 2025 de la NFL, la m\u00e1xima cita del deporte estadounidense ha definido a sus protagonistas. El Super Bowl LX, la gran final del f\u00fatbol americano profesional, enfrentar\u00e1 a <a href=\"https:\/\/elpais.com\/deportes\/2026-01-25\/la-travesia-en-el-desierto-de-los-patriots-sin-tom-brady.html\" target=\"_self\" rel=\"nofollow noopener\" title=\"https:\/\/elpais.com\/deportes\/2026-01-25\/la-travesia-en-el-desierto-de-los-patriots-sin-tom-brady.html\">los renovados New England Patriots<\/a>, un viejo conocido de estas instancias, y los Seattle Seahawks, el equipo a vencer esta temporada y los favoritos para levantar el trofeo Vince Lombardi. El nuevo campe\u00f3n de la NFL se decidir\u00e1 este domingo 8 de febrero en el Levi\u2019s Stadium de Santa Clara (California), con el espect\u00e1culo de Bad Bunny como acto principal del medio tiempo.<\/p>\n<p>A qu\u00e9 hora es el Super Bowl 2026 y d\u00f3nde verlo en M\u00e9xico<\/p>\n<p class=\"\">La ceremonia de apertura arranca a las 17.00 horas y contar\u00e1 con la participaci\u00f3n de la banda de punk-rock californiana <a href=\"https:\/\/elpais.com\/us\/entretenimiento\/2026-01-20\/el-anuncio-de-green-day-como-acto-de-apertura-del-super-bowl-anticipa-un-nuevo-roce-con-donald-trump.html\" target=\"_self\" rel=\"nofollow noopener\" title=\"https:\/\/elpais.com\/us\/entretenimiento\/2026-01-20\/el-anuncio-de-green-day-como-acto-de-apertura-del-super-bowl-anticipa-un-nuevo-roce-con-donald-trump.html\">Green Day<\/a>, seguida por el himno nacional estadounidense, que en esta edici\u00f3n ser\u00e1 interpretado por el cantautor y productor Charlie Puth. Despu\u00e9s del himno, Brandi Carlile se encargar\u00e1 de entonar America The Beautiful, mientras la estrella del R&amp;B Coco Jones har\u00e1 lo propio con Lift Every Voice and Sing, un tema adoptado por la NFL tras los <a href=\"https:\/\/elpais.com\/internacional\/2020-06-09\/en-directo-el-funeral-de-george-floyd-honra-la-lucha-antirracista.html\" rel=\"nofollow noopener\" target=\"_blank\">hechos de racismo y brutalidad policial de 2020<\/a>. Ya con los equipos en el campo, el Super Bowl LX iniciar\u00e1 oficialmente a las 17.30 horas con el kickoff.<\/p>\n<p class=\"\">En M\u00e9xico, el Super Bowl se transmitir\u00e1 en vivo en las se\u00f1ales de Canal 5 (Televisa) y Azteca 7 (TV Azteca) de televisi\u00f3n abierta. Los canales deportivos de televisi\u00f3n por cable ESPN y Fox Sports tambi\u00e9n transmitir\u00e1n el encuentro. Adem\u00e1s, NFL Game Pass, el servicio de streaming oficial de la liga, ofrecer\u00e1 el duelo en directo con la se\u00f1al original estadounidense, que incluye tanto los anuncios comerciales como el show de medio tiempo.<\/p>\n<p>Espect\u00e1culo de medio tiempo<\/p>\n<p class=\"\">Bad Bunny ser\u00e1 el encargado del show de medio tiempo. A pesar de lo fugaz de la presentaci\u00f3n \u2014de unos 13 a 15 minutos\u2014, se trata del momento m\u00e1s visto de la transmisi\u00f3n con picos de audiencia que alcanzan m\u00e1s de 130 millones de espectadores. Si bien no hay una hora espec\u00edfica para el comienzo del show, Bad Bunny subir\u00e1 al escenario montado en el centro de la cancha al final del segundo cuarto, aproximadamente a las 19.10 horas. La elecci\u00f3n del puertorrique\u00f1o ha estado envuelta en pol\u00e9mica desde que <a href=\"https:\/\/elpais.com\/us\/entretenimiento\/2025-09-29\/bad-bunny-actuara-en-el-intermedio-de-la-super-bowl-lx-en-febrero.html\" target=\"_self\" rel=\"nofollow noopener\" title=\"https:\/\/elpais.com\/us\/entretenimiento\/2025-09-29\/bad-bunny-actuara-en-el-intermedio-de-la-super-bowl-lx-en-febrero.html\">Apple Music, organizadora del espect\u00e1culo, confirm\u00f3 su participaci\u00f3n<\/a> en septiembre pasado, justo cuando Bad Bunny pon\u00eda fin a una <a href=\"https:\/\/elpais.com\/us\/entretenimiento\/2025-07-16\/benito-no-se-quiere-ir-bad-bunny-entona-una-oda-a-puerto-rico-con-30-conciertos-en-su-isla-natal.html\" rel=\"nofollow noopener\" target=\"_blank\">hist\u00f3rica residencia de 31 conciertos en Puerto Rico<\/a> que afianz\u00f3 su estatus de superestrella global y como artista latinoamericano m\u00e1s escuchado en el mundo. <\/p>\n<p class=\"\">El Super Bowl marcar\u00e1 la \u00fanica presentaci\u00f3n de Bad Bunny en Estados Unidos continental como parte de su gira DeB\u00cd TiRAR M\u00e1S FOToS World Tour por Latinoam\u00e9rica, Ocean\u00eda, Asia y Europa sin pasar por Estados Unidos, una <a href=\"https:\/\/elpais.com\/us\/entretenimiento\/2025-09-11\/bad-bunny-desvela-que-no-dara-conciertos-en-estados-unidos-por-miedo-a-redadas-del-ice.html\" target=\"_self\" rel=\"nofollow noopener\" title=\"https:\/\/elpais.com\/us\/entretenimiento\/2025-09-11\/bad-bunny-desvela-que-no-dara-conciertos-en-estados-unidos-por-miedo-a-redadas-del-ice.html\">decisi\u00f3n tomada por el artista<\/a> como respuesta a la pol\u00edtica de <a href=\"https:\/\/elpais.com\/us\/migracion\/2025-12-08\/estados-unidos-se-entrena-para-enfrentar-al-ice-se-ha-pasado-del-miedo-a-la-accion.html\" target=\"_self\" rel=\"nofollow noopener\" title=\"https:\/\/elpais.com\/us\/migracion\/2025-12-08\/estados-unidos-se-entrena-para-enfrentar-al-ice-se-ha-pasado-del-miedo-a-la-accion.html\">redadas y detenciones masivas de migrantes<\/a> ordenada por Donald Trump. Distintos funcionarios del Gobierno estadounidense como <a href=\"https:\/\/elpais.com\/us\/migracion\/2026-01-15\/aumenta-el-apoyo-a-la-destitucion-de-la-secretaria-de-seguridad-nacional-de-estados-unidos-kristi-noem-entre-los-representantes-democratas.html\" rel=\"nofollow noopener\" target=\"_blank\">Kristi Noem, secretaria del Departamento de Seguridad Nacional<\/a>, han respondido al cantante en tono amenazante y han <a href=\"https:\/\/elpais.com\/us\/entretenimiento\/2025-10-01\/el-ice-en-la-super-bowl-el-gobierno-afirma-que-habra-agentes-de-inmigracion-y-desprecia-la-actuacion-de-bad-bunny.html\" rel=\"nofollow noopener\" target=\"_blank\">sugerido un despliegue del ICE en el Super Bowl<\/a>, celebrado en un Estado con amplia presencia de migrantes latinos. El \u00faltimo roce ocurri\u00f3 este lunes, tras la publicaci\u00f3n de una entrevista en la que Donald Trump asegura que no acudir\u00e1 al Super Bowl y considera que tanto el show de Bad Bunny como el previo de Green Day suponen una <a href=\"https:\/\/elpais.com\/us\/entretenimiento\/2026-01-26\/trump-dice-que-no-acudira-a-la-super-bowl-y-se-declara-anti-bad-bunny-y-green-day.html\" target=\"_self\" rel=\"nofollow noopener\" title=\"https:\/\/elpais.com\/us\/entretenimiento\/2026-01-26\/trump-dice-que-no-acudira-a-la-super-bowl-y-se-declara-anti-bad-bunny-y-green-day.html\">\u201cp\u00e9sima elecci\u00f3n\u201d que no hace mas que \u201csembrar odio\u201d<\/a>.<\/p>\n<p>Qui\u00e9n es el favorito para ganar el Super Bowl<\/p>\n<p class=\"\">Una vez que quedaron definidos <a href=\"https:\/\/elpais.com\/deportes\/2026-01-26\/patriots-y-seahawks-se-citan-en-la-super-bowl-de-2026-tras-dos-epicas-finales-de-conferencia.html\" target=\"_self\" rel=\"nofollow noopener\" title=\"https:\/\/elpais.com\/deportes\/2026-01-26\/patriots-y-seahawks-se-citan-en-la-super-bowl-de-2026-tras-dos-epicas-finales-de-conferencia.html\">los campeones de conferencia que protagonizar\u00e1n el Super Bowl<\/a>, las casas de apuesta abrieron con una ligera ventaja de 4,5 puntos para los Seattle Seahawks. El duelo tambi\u00e9n ser\u00e1 una <a href=\"https:\/\/elpais.com\/deportes\/2015\/02\/02\/actualidad\/1422847051_809363.html\" target=\"_self\" rel=\"nofollow noopener\" title=\"https:\/\/elpais.com\/deportes\/2015\/02\/02\/actualidad\/1422847051_809363.html\">reedici\u00f3n del Super Bowl de 2015<\/a>, cuando la dinast\u00eda de New England forjada por el d\u00fao Brady-Belichick levant\u00f3 su cuarto trofeo Vince Lombardi en un cierre dram\u00e1tico, recordado por la intercepci\u00f3n de Malcom Butler que sell\u00f3 el t\u00edtulo para los Pats y por la pol\u00e9mica decisi\u00f3n de la ofensiva de Seattle de lanzar el bal\u00f3n a una sola yarda de la anotaci\u00f3n en lugar de cederlo a Marshawn Lynch, su corredor estrella.<\/p>\n","protected":false},"excerpt":{"rendered":"Cinco meses despu\u00e9s del arranque de la temporada 2025 de la NFL, la m\u00e1xima cita del deporte estadounidense&hellip;\n","protected":false},"author":2,"featured_media":386518,"comment_status":"","ping_status":"","sticky":false,"template":"","format":"standard","meta":{"footnotes":""},"categories":[93],"tags":[889,1282,168,352,25,24,35020,1804,1906,84206,11268,84354,23,167,46110],"class_list":["post-386517","post","type-post","status-publish","format-standard","has-post-thumbnail","category-deportes","tag-america","tag-bad-bunny","tag-deportes","tag-donald-trump","tag-es","tag-espana","tag-green-day","tag-latinoamerica","tag-mexico","tag-new-england-patriots","tag-nfl","tag-seattle-seahawks","tag-spain","tag-sports","tag-super-bowl"],"share_on_mastodon":{"url":"https:\/\/pubeurope.com\/@es\/116036657737563301","error":""},"_links":{"self":[{"href":"https:\/\/www.europesays.com\/es\/wp-json\/wp\/v2\/posts\/386517","targetHints":{"allow":["GET"]}}],"collection":[{"href":"https:\/\/www.europesays.com\/es\/wp-json\/wp\/v2\/posts"}],"about":[{"href":"https:\/\/www.europesays.com\/es\/wp-json\/wp\/v2\/types\/post"}],"author":[{"embeddable":true,"href":"https:\/\/www.europesays.com\/es\/wp-json\/wp\/v2\/users\/2"}],"replies":[{"embeddable":true,"href":"https:\/\/www.europesays.com\/es\/wp-json\/wp\/v2\/comments?post=386517"}],"version-history":[{"count":0,"href":"https:\/\/www.europesays.com\/es\/wp-json\/wp\/v2\/posts\/386517\/revisions"}],"wp:featuredmedia":[{"embeddable":true,"href":"https:\/\/www.europesays.com\/es\/wp-json\/wp\/v2\/media\/386518"}],"wp:attachment":[{"href":"https:\/\/www.europesays.com\/es\/wp-json\/wp\/v2\/media?parent=386517"}],"wp:term":[{"taxonomy":"category","embeddable":true,"href":"https:\/\/www.europesays.com\/es\/wp-json\/wp\/v2\/categories?post=386517"},{"taxonomy":"post_tag","embeddable":true,"href":"https:\/\/www.europesays.com\/es\/wp-json\/wp\/v2\/tags?post=386517"}],"curies":[{"name":"wp","href":"https:\/\/api.w.org\/{rel}","templated":true}]}}