{"id":38678,"date":"2025-08-10T18:38:06","date_gmt":"2025-08-10T18:38:06","guid":{"rendered":"https:\/\/www.europesays.com\/es\/38678\/"},"modified":"2025-08-10T18:38:06","modified_gmt":"2025-08-10T18:38:06","slug":"netanyahu-justifica-su-plan-de-ocupar-ciudad-de-gaza-como-la-manera-mas-rapida-de-terminar-la-guerra-y-con-hamas-internacional","status":"publish","type":"post","link":"https:\/\/www.europesays.com\/es\/38678\/","title":{"rendered":"Netanyahu justifica su plan de ocupar Ciudad de Gaza como la manera m\u00e1s r\u00e1pida de terminar la guerra y con Ham\u00e1s | Internacional"},"content":{"rendered":"<p class=\"\">El primer ministro israel\u00ed, Benjam\u00edn Netanyahu, afirm\u00f3 este domingo que \u201cno tuvo otra opci\u00f3n\u201d que aprobar un plan <a href=\"https:\/\/elpais.com\/internacional\/2025-08-08\/el-gabinete-de-seguridad-israeli-aprueba-los-planes-de-netanyahu-para-ocupar-la-ciudad-de-gaza.html\" target=\"_self\" rel=\"nofollow noopener\" title=\"https:\/\/elpais.com\/internacional\/2025-08-08\/el-gabinete-de-seguridad-israeli-aprueba-los-planes-de-netanyahu-para-ocupar-la-ciudad-de-gaza.html\">para la toma total de Ciudad de Gaza <\/a>y justific\u00f3 que ser\u00e1 la manera \u201cm\u00e1s r\u00e1pida\u201d de poner fin a la guerra, terminar con Ham\u00e1s y liberar a los rehenes en poder de la milicia palestina. Este plan, anunciado el viernes, ha provocado una importante condena internacional porque numerosos gobiernos consideran que agravar\u00e1 la <a href=\"https:\/\/elpais.com\/internacional\/2025-08-10\/mapas-el-plan-israeli-de-ocupar-ciudad-de-gaza-amenaza-con-expulsar-a-un-millon-de-civiles.html\" target=\"_self\" rel=\"nofollow noopener\" title=\"https:\/\/elpais.com\/internacional\/2025-08-10\/mapas-el-plan-israeli-de-ocupar-ciudad-de-gaza-amenaza-con-expulsar-a-un-millon-de-civiles.html\">ya tr\u00e1gica situaci\u00f3n humanitaria de la poblaci\u00f3n civil. <\/a>El l\u00edder israel\u00ed sostuvo, en una rueda de prensa ante periodistas extranjeros en Jerusal\u00e9n, que los temores de la comunidad internacional son infundados y se basan en \u201cmentiras\u201d.<\/p>\n<p class=\"\">\u201cDada la negativa de Ham\u00e1s a deponer las armas, Israel no tiene m\u00e1s remedio que terminar el trabajo y lograr su derrota\u201d, afirm\u00f3 Netanyahu. \u201cEs la mejor manera y la m\u00e1s r\u00e1pida para poner fin a la guerra\u201d, agreg\u00f3.<\/p>\n<p class=\"\">Sus palabras coincidieron con la reuni\u00f3n de emergencia del Consejo de Seguridad de la ONU, convocada por sus cinco miembros europeos, justamente para tratar esta ocupaci\u00f3n total del \u00e1rea de Ciudad de Gaza, que implicar\u00e1 <a href=\"https:\/\/elpais.com\/planeta-futuro\/2025-08-10\/la-angustia-consume-a-ciudad-de-gaza-ante-la-anunciada-invasion-israeli-ser-obligados-a-desplazarnos-nos-despoja-de-nuestra-humanidad.html\" target=\"_self\" rel=\"nofollow noopener\" title=\"https:\/\/elpais.com\/planeta-futuro\/2025-08-10\/la-angustia-consume-a-ciudad-de-gaza-ante-la-anunciada-invasion-israeli-ser-obligados-a-desplazarnos-nos-despoja-de-nuestra-humanidad.html\">el desplazamiento masivo de alrededor de un mill\u00f3n de personas.<\/a><\/p>\n<p class=\"\">El primer ministro dio alg\u00fan detalle m\u00e1s de este plan aprobado el viernes por su Gabinete de Seguridad, que seg\u00fan \u00e9l, comenzar\u00e1 \u201cbastante r\u00e1pido\u201d. \u201cPermitiremos que la poblaci\u00f3n civil abandone de manera segura las \u00e1reas de combate y se dirija a las zonas seguras designadas donde recibir\u00e1n abundante comida, agua y atenci\u00f3n m\u00e9dica\u201d, asegur\u00f3. <\/p>\n<p class=\"\">Netanyahu admiti\u00f3 que Israel ya tiene el control militar de <a href=\"https:\/\/elpais.com\/internacional\/2025-08-07\/el-sector-humanitario-vaticina-muertes-en-cada-rincon-de-gaza-si-israel-decide-ocupar-la-totalidad-del-territorio.html\" target=\"_self\" rel=\"nofollow noopener\" title=\"https:\/\/elpais.com\/internacional\/2025-08-07\/el-sector-humanitario-vaticina-muertes-en-cada-rincon-de-gaza-si-israel-decide-ocupar-la-totalidad-del-territorio.html\">alrededor del 70% o 75% de la Franja<\/a>, y reconoci\u00f3 que los militantes de Ham\u00e1s est\u00e1n sobre todo en \u201cdos bastiones\u201d: Ciudad de Gaza y los campos de desplazados del centro y Al Mawasi, al sur. En estas zonas m\u00e1s al sur ya se hacinan decenas de miles de personas en condiciones deplorables y la pregunta es d\u00f3nde se podr\u00e1n instalar los nuevos desplazados en un territorio que no supera los 365 kil\u00f3metros cuadrados y est\u00e1 en gran parte devastado por las bombas. <\/p>\n<p class=\"\">\u201cNuestro objetivo no es ocupar Gaza, es liberarla de los terroristas de Ham\u00e1s. La guerra podr\u00eda terminar ma\u00f1ana si deponen las armas y liberan a los rehenes\u201d, dijo el primer ministro, calificando de \u201dorganizaci\u00f3n genocida\u00bb al movimiento islamista, que perpetr\u00f3 los ataques del 7 de octubre de 2023 en Israel en los que murieron m\u00e1s de 1.200 personas y fueron capturadas unas 250. Cincuenta de ellas siguen en Gaza y de ellas permanecer\u00edan con vida una veintena. <\/p>\n<p class=\"\">Netanyahu se defendi\u00f3 de quienes le acusan de<a href=\"https:\/\/elpais.com\/internacional\/2025-08-10\/la-sociedad-israeli-se-agrieta-ante-los-planes-de-netanyahu-de-ocupar-totalmente-gaza.html\" target=\"_self\" rel=\"nofollow noopener\" title=\"https:\/\/elpais.com\/internacional\/2025-08-10\/la-sociedad-israeli-se-agrieta-ante-los-planes-de-netanyahu-de-ocupar-totalmente-gaza.html\"> poner en riesgo la vida de los rehenes <\/a>con este recrudecimiento de la ofensiva. \u201cSi no hacemos nada, no vamos a poder sacarlos\u201d, argument\u00f3. Las familias de los rehenes ha convocado hoy una huelga general para el pr\u00f3ximo domingo (d\u00eda laborable en Israel) para exigir un acuerdo que acelere su liberaci\u00f3n. <\/p>\n<p class=\"\">\u201cGaza ser\u00e1 desmilitarizada, se establecer\u00e1 una zona de seguridad en la frontera para evitar futuras incursiones terroristas y se crear\u00e1 una administraci\u00f3n civil que debe convivir en paz con Israel\u201d, explic\u00f3 Netanyahu. \u201cNi la Autoridad Palestina ni Ham\u00e1s\u201d estar\u00e1n al mando de esta Gaza del futuro ideada por Israel, pero el primer ministro no quiso dar m\u00e1s detalles al respecto. Tampoco especific\u00f3 si los gazat\u00edes tendr\u00e1n voz y voto, aunque s\u00ed dijo que \u201chay varios candidatos para este periodo de transici\u00f3n\u201d.<\/p>\n<p>Los gazat\u00edes no pasan hambre, los rehenes israel\u00edes, s\u00ed<\/p>\n<p class=\"\">Netanyahu sostuvo que Israel ha querido impedir una crisis humanitaria \u201cmientras que la pol\u00edtica de Ham\u00e1s ha sido crearla\u201d y volvi\u00f3 a acusar al movimiento islamista de \u201csaquear\u201d camiones de manera sistem\u00e1tica. No obstante, un estudio realizado recientemente por USAID, la agencia estadounidense de cooperaci\u00f3n, no encontr\u00f3 pruebas de estos robos masivos. \u201cDos millones de personas en Gaza est\u00e1n teniendo acceso a la ayuda humanitaria. Les dir\u00e9 qui\u00e9n no la tiene. Nuestros rehenes\u201d, acus\u00f3 Netanyahu.<\/p>\n<p class=\"\">El responsable israel\u00ed mostr\u00f3 una foto de Evyatar David, cautivo en Gaza desde hace 22 meses, que fue recientemente difundida por el movimiento islamista, en la que se le ve muy debilitado. \u201cPero miren el brazo de este monstruo de Ham\u00e1s. Est\u00e1 comiendo bien\u201d, lanz\u00f3, se\u00f1alando una extremidad que aparece en la imagen. <\/p>\n<p class=\"\">\u201cSi tuvi\u00e9ramos la pol\u00edtica de matar de hambre, nadie en Gaza habr\u00eda sobrevivido despu\u00e9s de dos a\u00f1os de guerra\u201d, agreg\u00f3, asegurando que Israel ha dejado entrar en la Franja desde octubre de 2023 dos millones de toneladas de ayuda humanitaria. <\/p>\n<p class=\"\">Seg\u00fan el Programa Mundial de Alimentos, todo el mundo en Gaza pasa hambre y m\u00e1s de un tercio de la poblaci\u00f3n no come durante d\u00edas. En este momento ser\u00edan necesarias <a href=\"https:\/\/www.wfp.org\/news\/wfp-food-trucks-keep-moving-inside-gaza-hunger-deepens-and-restrictions-persist\" target=\"_self\" rel=\"nofollow noopener\" title=\"https:\/\/www.wfp.org\/news\/wfp-food-trucks-keep-moving-inside-gaza-hunger-deepens-and-restrictions-persist\">m\u00e1s de 62.000 toneladas de ayuda<\/a> vital por mes. Como ejemplo, desde el 27 de julio al 7 de agosto, cuando Israel ha autorizado un mayor volumen de ayuda, entraron en Gaza 800 camiones con un total de 10.400 toneladas de alimentos b\u00e1sicos, es decir, la mitad de lo considerado necesario.<\/p>\n<p class=\"\">Sin embargo, Netanyahu admiti\u00f3 que s\u00ed ha habido una pol\u00edtica de \u201cprivaci\u00f3n\u201d y por ello ha coordinado con Estados Unidos \u201cmedidas adicionales\u201d para aumentar el flujo de ayuda. El primer ministro cit\u00f3 tres: zonas seguras, m\u00e1s vuelos humanitarios y nuevos puntos de distribuci\u00f3n de comida de la controvertida Fundaci\u00f3n Humanitaria para Gaza (GHF, en sus siglas en ingl\u00e9s). Actualmente, existen cuatro lugares en los que se distribuyen alimentos y en ellos se han registrado, desde finales de mayo y <a href=\"https:\/\/news.un.org\/en\/story\/2025\/08\/1165552\" target=\"_self\" rel=\"nofollow noopener\" title=\"https:\/\/news.un.org\/en\/story\/2025\/08\/1165552\">seg\u00fan la ONU, casi 900 muertos, <\/a>tiroteados por Israel o por los agentes de seguridad extranjeros que trabajan con la fundaci\u00f3n.<\/p>\n<p class=\"\">\u201cMuchos disparos fueron realizados por Ham\u00e1s, buscando una respuesta de nuestras fuerzas\u201d, replic\u00f3 a las cr\u00edticas internacionales Netanyahu. Seg\u00fan su visi\u00f3n, \u201cinundando\u201d Gaza de comida, los precios en los mercados bajar\u00e1n y no habr\u00e1 multitudes en los puntos de distribuci\u00f3n.<\/p>\n<p class=\"\"><a href=\"https:\/\/elpais.com\/internacional\/2025-07-12\/gaza-sa-historia-secreta-de-los-planes-para-la-gestion-privada-del-horror-de-los-palestinos.html\" target=\"_self\" rel=\"nofollow noopener\" title=\"https:\/\/elpais.com\/internacional\/2025-07-12\/gaza-sa-historia-secreta-de-los-planes-para-la-gestion-privada-del-horror-de-los-palestinos.html\">GHF, establecida por Israel con el visto bueno de Estados Unidos<\/a>, aspira a suplantar a la estructura de Naciones Unidas que lleva distribuyendo ayuda humanitaria en Gaza desde hace m\u00e1s de 50 a\u00f1os. El primer ministro israel\u00ed no escatim\u00f3 cr\u00edticas para la ONU. \u201cTenemos toneladas de comida en el lado gazat\u00ed de la frontera y la ONU no est\u00e1 dispuesta a distribuirlas\u201c, aleg\u00f3.<\/p>\n<p class=\"\">Organizaciones humanitarias como Unicef o el PMA han explicado a este peri\u00f3dico que los camiones que entran en Gaza son descargados en zonas tamp\u00f3n y otros veh\u00edculos palestinos, con conductores autorizados por Israel, vienen a cargar y a distribuir. Ese proceso se puede alargar durante d\u00edas. <\/p>\n<p class=\"\">Pero Netanyahu acus\u00f3 a los medios de comunicaci\u00f3n de \u201cdistorsionar\u201d la realidad del hambre en Gaza y mostr\u00f3 las im\u00e1genes de tres ni\u00f1os claramente desnutridos, que ten\u00edan enfermedades previas que hicieron que su estado de salud se agravara durante la guerra. Seg\u00fan el primer ministro, las fotograf\u00edas fueron publicadas sin tener en cuenta estos antecedentes. <\/p>\n<p class=\"\">Este domingo, en Nueva York, durante la reuni\u00f3n del Consejo de Seguridad, Ramesh Rajasingham, responsable de la agencia humanitaria de Naciones Unidas (OCHA, en sus siglas en ingl\u00e9s), estim\u00f3 que el hambre en Gaza se ha agravado y las muertes est\u00e1n aumentando, sobre todo en ni\u00f1os, informa <b>Mar\u00eda Antonia S\u00e1nchez-Vallejo <\/b>desde Nueva York. \u201cYa no se trata de una crisis de hambre inminente, sino de una hambruna pura y dura\u201d, asegur\u00f3. Dorothy C. Shea, representante de Estados Unidos en esta reuni\u00f3n, ha asegurado que \u201cIsrael ha adoptado numerosas medidas para limitar el da\u00f1o a la poblaci\u00f3n civil\u201d de Gaza. <\/p>\n<p class=\"\">Por \u00faltimo, Netanyahu admiti\u00f3 que orden\u00f3 hace dos d\u00edas al ej\u00e9rcito que permita la entrada de la prensa extranjera en Gaza, insistiendo en la necesidad de que sean desplazamientos seguros. Desde octubre de 2023 no se permite que los periodistas ingresen en la Franja, una situaci\u00f3n in\u00e9dita en los conflictos de las \u00faltimas d\u00e9cadas. Seg\u00fan Reporteros Sin Fronteras, m\u00e1s de 200 periodistas palestinos han perdido la vida violentamente en esta guerra.<\/p>\n","protected":false},"excerpt":{"rendered":"El primer ministro israel\u00ed, Benjam\u00edn Netanyahu, afirm\u00f3 este domingo que \u201cno tuvo otra opci\u00f3n\u201d que aprobar un plan&hellip;\n","protected":false},"author":2,"featured_media":38679,"comment_status":"","ping_status":"","sticky":false,"template":"","format":"standard","meta":{"footnotes":""},"categories":[42],"tags":[17,18,68,70,71,72,13,14,73,69,75,11,61,62,63,64,74,19,20,9,10,15,16,77,76,12,21,22,65,66,67],"class_list":{"0":"post-38678","1":"post","2":"type-post","3":"status-publish","4":"format-standard","5":"has-post-thumbnail","7":"category-internacional","8":"tag-breaking-news","9":"tag-breakingnews","10":"tag-conflicto-arabe-israeli","11":"tag-conflictos","12":"tag-conflictos-armados","13":"tag-conflictos-internacionales","14":"tag-featured-news","15":"tag-featurednews","16":"tag-franja-gaza","17":"tag-guerra","18":"tag-hamas","19":"tag-headlines","20":"tag-internacional","21":"tag-international","22":"tag-international-news","23":"tag-internationalnews","24":"tag-israel","25":"tag-latest-news","26":"tag-latestnews","27":"tag-news","28":"tag-noticias","29":"tag-noticias-destacadas","30":"tag-noticiasdestacadas","31":"tag-oriente-proximo","32":"tag-palestina","33":"tag-titulares","34":"tag-ultimas-noticias","35":"tag-ultimasnoticias","36":"tag-world","37":"tag-world-news","38":"tag-worldnews"},"share_on_mastodon":{"url":"","error":""},"_links":{"self":[{"href":"https:\/\/www.europesays.com\/es\/wp-json\/wp\/v2\/posts\/38678","targetHints":{"allow":["GET"]}}],"collection":[{"href":"https:\/\/www.europesays.com\/es\/wp-json\/wp\/v2\/posts"}],"about":[{"href":"https:\/\/www.europesays.com\/es\/wp-json\/wp\/v2\/types\/post"}],"author":[{"embeddable":true,"href":"https:\/\/www.europesays.com\/es\/wp-json\/wp\/v2\/users\/2"}],"replies":[{"embeddable":true,"href":"https:\/\/www.europesays.com\/es\/wp-json\/wp\/v2\/comments?post=38678"}],"version-history":[{"count":0,"href":"https:\/\/www.europesays.com\/es\/wp-json\/wp\/v2\/posts\/38678\/revisions"}],"wp:featuredmedia":[{"embeddable":true,"href":"https:\/\/www.europesays.com\/es\/wp-json\/wp\/v2\/media\/38679"}],"wp:attachment":[{"href":"https:\/\/www.europesays.com\/es\/wp-json\/wp\/v2\/media?parent=38678"}],"wp:term":[{"taxonomy":"category","embeddable":true,"href":"https:\/\/www.europesays.com\/es\/wp-json\/wp\/v2\/categories?post=38678"},{"taxonomy":"post_tag","embeddable":true,"href":"https:\/\/www.europesays.com\/es\/wp-json\/wp\/v2\/tags?post=38678"}],"curies":[{"name":"wp","href":"https:\/\/api.w.org\/{rel}","templated":true}]}}