{"id":387013,"date":"2026-02-09T01:49:15","date_gmt":"2026-02-09T01:49:15","guid":{"rendered":"https:\/\/www.europesays.com\/es\/387013\/"},"modified":"2026-02-09T01:49:15","modified_gmt":"2026-02-09T01:49:15","slug":"el-palacio-aporta-agua-al-desierto-de-la-cultural","status":"publish","type":"post","link":"https:\/\/www.europesays.com\/es\/387013\/","title":{"rendered":"El Palacio aporta agua al desierto de la Cultural"},"content":{"rendered":"<p><a class=\"v-mdl-ath__fig-a\" href=\"https:\/\/www.leonoticias.com\/autor\/dani-vergara-7446.html\" title=\"Dani Vergara\" rel=\"nofollow noopener\" target=\"_blank\"><br \/>\n<img decoding=\"async\" class=\"v-mdl-ath__img\" src=\"https:\/\/www.europesays.com\/es\/wp-content\/uploads\/2026\/01\/autor-7446-foto-1.jpeg\" alt=\"Dani Vergara\"\/><br \/>\n<\/a><\/p>\n<p class=\"v-mdl-ath__p v-mdl-ath__p--6\">\nDomingo, 8 de febrero 2026, 20:24<\/p>\n<p>| Actualizado 23:44h.<\/p>\n<p class=\"v-p\">Tuvo que sufrir y tuvo que esperar, pero la Cultural ya tiene el primer triunfo de 2026. Tras cuatro derrotas consecutivas, el equipo leon\u00e9s logr\u00f3 vencer al Valle de Eg\u00fc\u00e9s (90-79) y consigue dejar el descenso a tres victorias de distancia.<\/p>\n<p><img decoding=\"async\" loading=\"lazy\" src=\"https:\/\/www.europesays.com\/es\/wp-content\/uploads\/2026\/02\/1Cultural-Escudo.jpg\" class=\"v-scr__img\" width=\"44\" height=\"44\" alt=\"Cultural Leonesa\"\/><\/p>\n<p class=\"v-scr__t\">Cultural Leonesa<\/p>\n<p class=\"v-scr__p v-scr__p--3\">Hayman (25), Orenga (7), D\u00eddac Cebolla (5), Traor\u00e9 (12), Jaime Llamas (11) &#8211; quinteto inicial &#8211; Deng (15), Mckay Jr, Diego Bult\u00f3, Adri\u00e1 Dom\u00ednguez (2), Amadasun (2), Van der Heijden (4), Rodrigo Llamas (7).<\/p>\n<p class=\"v-scr__n-c v-scr__n-c--1 \">\n 90\n<\/p>\n<p class=\"v-scr__n-c v-scr__n-c--2\">\n&#8211;\n<\/p>\n<p class=\"v-scr__n-c v-scr__n-c--3 \">\n 79\n<\/p>\n<p class=\"v-scr__t\">Valle de Eg\u00fc\u00e9s<\/p>\n<p><img decoding=\"async\" loading=\"lazy\" src=\"https:\/\/www.europesays.com\/es\/wp-content\/uploads\/2026\/02\/valle-egues-escudo.jpg\" class=\"v-scr__img\" width=\"44\" height=\"44\" alt=\"Valle de Eg\u00fc\u00e9s\"\/><\/p>\n<p class=\"v-scr__p v-scr__p--3\">Knotek (19), Lacunza (11), Santana (6), Potier (20), Alfama (11) &#8211; quinteto inicial &#8211; Alexander Calvo (2), Pau Elso, Rubiera, Yarnoz (6), Gaye, Willian Burgos (4), Pablo Fern\u00e1ndez.<\/p>\n<ul class=\"v-u\">\n<li class=\"v-u__l\">\n<p class=\"v-p\">\nParciales:<br \/>\n20-20, 35-41 (descanso), 60-60, 90-79 (final).\n<\/p>\n<\/li>\n<li class=\"v-u__l\">\n<p class=\"v-p\">\n\u00c1rbitros:<br \/>\nAlejandro Pellitero y Rodrigo Gallego.\n<\/p>\n<\/li>\n<li class=\"v-u__l\">\n<p class=\"v-p\">\nIncidencias:<br \/>\nPartido disputado en el Palacio de los Deportes Urbano Gonz\u00e1lez Escapa. Jornada 17 de Segunda FEB.\n<\/p>\n<\/li>\n<\/ul>\n<p class=\"v-p\">Espoleado por su afici\u00f3n, que no fall\u00f3 a su cita, la Cultural tuvo un inicio bastante solvente, donde evit\u00f3 encajar en la mayor\u00eda de sus primeros ataques.<\/p>\n<p class=\"v-p\">Sin embargo, poco a poco se fue diluyendo y la poca intensidad en campo propio propici\u00f3 que el cuadro navarro se metiera en el partido. Llegados a los \u00faltimos 90 segundos del primer cuarto, el Valle de Eg\u00fc\u00e9s se puso por delante.<\/p>\n<p class=\"v-p\">Amadasun igual\u00f3 el duelo desde la l\u00ednea de tiros libres y, tras un \u00faltimo minuto sin canastas, lleg\u00f3 la primera pausa sin que alguno de los contendientes llevara ventaja (20-20).<\/p>\n<p>Los peores momentos locales<\/p>\n<p class=\"v-p\">En el inicio del segundo asalto, la Cultural comenz\u00f3 a flojear en sus ataques y estuvo dos minutos y medio sin perforar el aro visitante. Los navarros se pusieron por delante, aunque el ritmo anotador de ambos imped\u00eda a alguno despegarse en el electr\u00f3nico.<\/p>\n<p><a href=\"http:\/\/www.leonoticias.com\/deportes\/baloncesto\/cultural-nula-triple-vuelve-caer-lejos-palacio-20260201190919-nt.html#vtm_modulosEngag=mod-rel:deportes:noticia:1:cmp:1-not\" class=\"v-a-link\" aria-label=\"Imagen\" rel=\"nofollow noopener\" target=\"_blank\"><\/p>\n<p><img decoding=\"async\" loading=\"lazy\" src=\"https:\/\/www.europesays.com\/es\/wp-content\/uploads\/2026\/02\/_DSC7690-k4aG--366x256@Leonoticias.jpg\" class=\"v-a-img\" alt=\"\" data-voc-vtm-id=\"in-text-traffic\" width=\"366\" height=\"256\"\/><\/p>\n<p><\/a><\/p>\n<p class=\"v-p\">La mayor diferencia la lograron los navarros en su \u00faltima posesi\u00f3n antes del descanso, cuando se colocaron seis puntos arriba. El \u00faltimo ataque blanco no fructifer\u00f3 y el marcador al descanso marcaba 35-41.<\/p>\n<p class=\"v-p\">En los inicios del tercer parcial, la Cultural toc\u00f3 su m\u00e1xima desventaja cuando una canasta de Alfama dej\u00f3 al Valle de Eg\u00fc\u00e9s a ocho puntos. Fue entonces cuando se repusieron los de Luis Castillo, que poco a poco se fueron acercando a los navarros.<\/p>\n<p>Un tercer cuarto que invitaba a la locura<\/p>\n<p class=\"v-p\">A pocos minutos de la \u00faltima pausa, Rodrigo Llamas acert\u00f3 sobre el aro visitante para poner la igualada 55-55. El intercambio de golpes de los \u00faltimos minutos dejaba entrever que el \u00faltimo cuarto dejar\u00eda al Palacio sin aliento.<\/p>\n<p class=\"v-p\">Pero en el \u00faltimo cuarto, la Cultural quiso evitar las emociones fuertes. Los de Luis Castillo se mostraron muy eficientes y con un porcentaje de acierto muy elevado, consiguieron cerrar la victoria con un parcial en los \u00faltimos 10 minutos de 30-19.<\/p>\n<p>Reporta un error<\/p>\n","protected":false},"excerpt":{"rendered":"Domingo, 8 de febrero 2026, 20:24 | Actualizado 23:44h. Tuvo que sufrir y tuvo que esperar, pero la&hellip;\n","protected":false},"author":2,"featured_media":387014,"comment_status":"","ping_status":"","sticky":false,"template":"","format":"standard","meta":{"footnotes":""},"categories":[269],"tags":[5051,18595,299,298,8332,168,11179,25,24,6481,23,167],"class_list":["post-387013","post","type-post","status-publish","format-standard","has-post-thumbnail","category-baloncesto","tag-agua","tag-aporta","tag-baloncesto","tag-basketball","tag-cultural","tag-deportes","tag-desierto","tag-es","tag-espana","tag-palacio","tag-spain","tag-sports"],"share_on_mastodon":{"url":"https:\/\/pubeurope.com\/@es\/116038163910067530","error":""},"_links":{"self":[{"href":"https:\/\/www.europesays.com\/es\/wp-json\/wp\/v2\/posts\/387013","targetHints":{"allow":["GET"]}}],"collection":[{"href":"https:\/\/www.europesays.com\/es\/wp-json\/wp\/v2\/posts"}],"about":[{"href":"https:\/\/www.europesays.com\/es\/wp-json\/wp\/v2\/types\/post"}],"author":[{"embeddable":true,"href":"https:\/\/www.europesays.com\/es\/wp-json\/wp\/v2\/users\/2"}],"replies":[{"embeddable":true,"href":"https:\/\/www.europesays.com\/es\/wp-json\/wp\/v2\/comments?post=387013"}],"version-history":[{"count":0,"href":"https:\/\/www.europesays.com\/es\/wp-json\/wp\/v2\/posts\/387013\/revisions"}],"wp:featuredmedia":[{"embeddable":true,"href":"https:\/\/www.europesays.com\/es\/wp-json\/wp\/v2\/media\/387014"}],"wp:attachment":[{"href":"https:\/\/www.europesays.com\/es\/wp-json\/wp\/v2\/media?parent=387013"}],"wp:term":[{"taxonomy":"category","embeddable":true,"href":"https:\/\/www.europesays.com\/es\/wp-json\/wp\/v2\/categories?post=387013"},{"taxonomy":"post_tag","embeddable":true,"href":"https:\/\/www.europesays.com\/es\/wp-json\/wp\/v2\/tags?post=387013"}],"curies":[{"name":"wp","href":"https:\/\/api.w.org\/{rel}","templated":true}]}}