{"id":387232,"date":"2026-02-09T04:40:10","date_gmt":"2026-02-09T04:40:10","guid":{"rendered":"https:\/\/www.europesays.com\/es\/387232\/"},"modified":"2026-02-09T04:40:10","modified_gmt":"2026-02-09T04:40:10","slug":"trump-llama-a-la-presentacion-de-bad-bunny-en-el-halftime-show-del-super-bowl-2026-la-peor-de-la-historia","status":"publish","type":"post","link":"https:\/\/www.europesays.com\/es\/387232\/","title":{"rendered":"Trump llama a la presentaci\u00f3n de Bad Bunny en el Halftime Show del Super Bowl 2026 \u00abla peor de la historia\u00bb"},"content":{"rendered":"<p>      CNN<br \/>\n        \u00a0\u2014\u00a0<\/p>\n<p class=\"paragraph inline-placeholder vossi-paragraph\" data-uri=\"es.cms.cnn.com\/_components\/paragraph\/instances\/cmlemdawk002p26p67dgb8orp@published\" data-editable=\"text\" data-component-name=\"paragraph\" data-article-gutter=\"true\">\n            El presidente de Estados Unidos, Donald Trump \u2014quien se salt\u00f3 el Super Bowl y asisti\u00f3 a una fiesta para ver el partido en Florida\u2014 calific\u00f3 la presentaci\u00f3n de Bad Bunny en el medio tiempo como \u201cuna bofetada en la cara\u201d y afirm\u00f3 que \u201cnadie entiende una palabra\u201d de lo que dec\u00eda la estrella puertorrique\u00f1a de la m\u00fasica.\n    <\/p>\n<p class=\"paragraph inline-placeholder vossi-paragraph\" data-uri=\"es.cms.cnn.com\/_components\/paragraph\/instances\/cmleme0750005356rqnpkoe93@published\" data-editable=\"text\" data-component-name=\"paragraph\" data-article-gutter=\"true\">\n            \u201cEl show de medio tiempo del Super Bowl es absolutamente terrible, \u00a1uno de los peores de la historia! No tiene sentido, es una afrenta a la grandeza de Estados Unidos y no representa nuestros est\u00e1ndares de \u00e9xito, creatividad ni excelencia\u201d, escribi\u00f3 Trump en Truth Social. \u201cEste \u2018show\u2019 es solo una \u2018bofetada en la cara\u2019 para nuestro pa\u00eds, que est\u00e1 estableciendo nuevos est\u00e1ndares y r\u00e9cords cada d\u00eda\u201d.\n    <\/p>\n<p class=\"paragraph inline-placeholder vossi-paragraph\" data-uri=\"es.cms.cnn.com\/_components\/paragraph\/instances\/cmleme0750006356r5we0ve6x@published\" data-editable=\"text\" data-component-name=\"paragraph\" data-article-gutter=\"true\">\n            Bad Bunny, quien es originario de Puerto Rico, cant\u00f3 en espa\u00f1ol, lo cual aparentemente ofendi\u00f3 al presidente.\n    <\/p>\n<p class=\"paragraph inline-placeholder vossi-paragraph\" data-uri=\"es.cms.cnn.com\/_components\/paragraph\/instances\/cmleme0750007356rnpw559ql@published\" data-editable=\"text\" data-component-name=\"paragraph\" data-article-gutter=\"true\">\n            La cr\u00edtica de Trump no es sorprendente; anteriormente dijo que Bad Bunny, quien se ha manifestado en contra del Servicio de Inmigraci\u00f3n y Control de Aduanas, era una \u201cterrible elecci\u00f3n\u201d para el show de medio tiempo.\n    <\/p>\n<p class=\"paragraph inline-placeholder vossi-paragraph\" data-uri=\"es.cms.cnn.com\/_components\/paragraph\/instances\/cmleme0750008356rlw5hcl79@published\" data-editable=\"text\" data-component-name=\"paragraph\" data-article-gutter=\"true\">\n            El espect\u00e1culo pareci\u00f3 hacer felices a muchas otras personas, desde los fans en Santa Clara, California, hasta las fiestas para ver el partido en Puerto Rico y en todo el pa\u00eds, donde las redes sociales estaban llenas de comentarios sobre el arte mostrado y la gran cantidad de estrellas que hicieron cameos durante el show.\n    <\/p>\n","protected":false},"excerpt":{"rendered":"CNN \u00a0\u2014\u00a0 El presidente de Estados Unidos, Donald Trump \u2014quien se salt\u00f3 el Super Bowl y asisti\u00f3 a&hellip;\n","protected":false},"author":2,"featured_media":387233,"comment_status":"","ping_status":"","sticky":false,"template":"","format":"standard","meta":{"footnotes":""},"categories":[91],"tags":[1282,352,146,147,25,24,84453,150,23,46110],"class_list":["post-387232","post","type-post","status-publish","format-standard","has-post-thumbnail","category-entretenimiento","tag-bad-bunny","tag-donald-trump","tag-entertainment","tag-entretenimiento","tag-es","tag-espana","tag-halftime-show","tag-instanoticias","tag-spain","tag-super-bowl"],"share_on_mastodon":{"url":"https:\/\/pubeurope.com\/@es\/116038836170083171","error":""},"_links":{"self":[{"href":"https:\/\/www.europesays.com\/es\/wp-json\/wp\/v2\/posts\/387232","targetHints":{"allow":["GET"]}}],"collection":[{"href":"https:\/\/www.europesays.com\/es\/wp-json\/wp\/v2\/posts"}],"about":[{"href":"https:\/\/www.europesays.com\/es\/wp-json\/wp\/v2\/types\/post"}],"author":[{"embeddable":true,"href":"https:\/\/www.europesays.com\/es\/wp-json\/wp\/v2\/users\/2"}],"replies":[{"embeddable":true,"href":"https:\/\/www.europesays.com\/es\/wp-json\/wp\/v2\/comments?post=387232"}],"version-history":[{"count":0,"href":"https:\/\/www.europesays.com\/es\/wp-json\/wp\/v2\/posts\/387232\/revisions"}],"wp:featuredmedia":[{"embeddable":true,"href":"https:\/\/www.europesays.com\/es\/wp-json\/wp\/v2\/media\/387233"}],"wp:attachment":[{"href":"https:\/\/www.europesays.com\/es\/wp-json\/wp\/v2\/media?parent=387232"}],"wp:term":[{"taxonomy":"category","embeddable":true,"href":"https:\/\/www.europesays.com\/es\/wp-json\/wp\/v2\/categories?post=387232"},{"taxonomy":"post_tag","embeddable":true,"href":"https:\/\/www.europesays.com\/es\/wp-json\/wp\/v2\/tags?post=387232"}],"curies":[{"name":"wp","href":"https:\/\/api.w.org\/{rel}","templated":true}]}}