{"id":387293,"date":"2026-02-09T05:41:07","date_gmt":"2026-02-09T05:41:07","guid":{"rendered":"https:\/\/www.europesays.com\/es\/387293\/"},"modified":"2026-02-09T05:41:07","modified_gmt":"2026-02-09T05:41:07","slug":"actor-cubano-alden-knight-se-encuentra-ingresado-en-terapia-intensiva-en-la-habana","status":"publish","type":"post","link":"https:\/\/www.europesays.com\/es\/387293\/","title":{"rendered":"Actor cubano Alden Knight se encuentra ingresado en terapia intensiva en La Habana"},"content":{"rendered":"<p>El actor cubano <strong>Alden Knight<\/strong> atraviesa un delicado momento de salud.<\/p>\n<p>As\u00ed lo confirmaron este fin de semana colegas y amigos del medio art\u00edstico, luego de que se informara que el int\u00e9rprete se encuentra ingresado en la sala de terapia intensiva del Hospital Manuel Fajardo, en La Habana, en una condici\u00f3n comprometida.<\/p>\n<p>El usuario Alexei Chiong fue el primero\u00a0en dar la voz de alarma a trav\u00e9s de <a href=\"https:\/\/www.facebook.com\/alexei.chiong\/posts\/pfbid0Dwst7EKU76ziEYb3ed97mVbVkNQ4EiK7Y4NKSfhjZmic92DJwRDTKsGPthfRL8Rpl\" rel=\"nofollow noopener\" target=\"_blank\">Facebook<\/a>.<\/p>\n<p>\u00abPido a todos los amigos, oremos por la pronta recuperaci\u00f3n del amigo Alden Knight, quien se encuentra en una condici\u00f3n de salud comprometida en la sala de terapia intensiva del Hospital Fajardo. Fuerza hermano\u00bb, escribi\u00f3.<\/p>\n<p>Captura de Facebook \/\u00a0Alexei Chiong<\/p>\n<p>Horas m\u00e1s tarde, Luis Lacosta, reconocido director de arte del Instituto Cubano de Arte e Industria Cinematogr\u00e1ficos (ICAIC),\u00a0tambi\u00e9n se sum\u00f3 a los mensajes de apoyo.<\/p>\n<p>\u00abNuestras oraciones est\u00e1n presentes para la pronta recuperaci\u00f3n de nuestro hermano Alden. Esperamos tenerlo entre nosotros y seguir disfrutando de su contagiosa sonrisa\u00bb, expres\u00f3 en <a href=\"https:\/\/www.facebook.com\/luis.lacosta.528831\/posts\/pfbid0awa5pDFfGLZQ22dGVcRXiaPLWqQVDraB5EUE4JLm75qfBzGp3SkHAhbMBEKDMJEVl\" rel=\"nofollow noopener\" target=\"_blank\">Facebook<\/a>.<\/p>\n<p>Hasta el momento no se han ofrecido detalles oficiales sobre la causa de su ingreso ni sobre la evoluci\u00f3n cl\u00ednica del actor.<\/p>\n<p>Captura de Facebook \/\u00a0Luis Lacosta<\/p>\n<p>Sin embargo, la noticia ha generado una oleada de mensajes de solidaridad dentro del \u00e1mbito cultural cubano, donde Alden Knight es una figura ampliamente conocida y respetada.<\/p>\n<p>Una vida dedicada al arte\u2026 y al discurso oficial<\/p>\n<p>Nacido el 15 de agosto de 1936 en el municipio Florida, Camag\u00fcey, Alden Knight es uno de los actores m\u00e1s prol\u00edficos de la escena cubana. Ha trabajado en teatro, televisi\u00f3n, radio, cine y cabaret, con m\u00e1s de un centenar de obras en su trayectoria.<\/p>\n<p>Adem\u00e1s de actor, fue profesor de actuaci\u00f3n, conductor y director de programas, y ha recibido m\u00faltiples reconocimientos, entre ellos el Premio Alejo Carpentier, el Premio Nacional de la Televisi\u00f3n Cubana y varios Premios Caricatos, incluidos los dedicados al p\u00fablico infantil.<\/p>\n<p>Hijo de una familia muy humilde, de padre jamaicano y madre\u00a0paname\u00f1a hija de jamaicanos, pas\u00f3 una infancia marcada por dificultades econ\u00f3micas. A los 1o a\u00f1os la familia se mud\u00f3 a Guant\u00e1namo, donde empez\u00f3 a acercarse al mundo art\u00edstico como recitador y cantante en la emisora CMKS.<\/p>\n<p>M\u00e1s tarde emigr\u00f3 a La Habana para estudiar actuaci\u00f3n. All\u00ed se abri\u00f3 paso en el teatro, la radio y la televisi\u00f3n, gan\u00e1ndose el favor del p\u00fablico.<\/p>\n<p>En el cine particip\u00f3 en t\u00edtulos como \u00abEl otro Crist\u00f3bal\u00bb (1963), \u00abEl Bautizo\u00bb (1968), \u00abEl otro Francisco\u00bb (1975), \u00abUna mujer, un hombre, una ciudad (1978)\u00bb y \u00abLejos de \u00c1frica\u00bb (1996).<\/p>\n<p>En los a\u00f1os 70 realiz\u00f3 un trabajo destacado con la obra del Poeta Nacional Nicol\u00e1s Guill\u00e9n, junto a la actriz Asenneh Rodr\u00edguez.\u00a0Con ella\u00a0trabaj\u00f3 tambi\u00e9n en series y otros dramatizados, formando una pareja art\u00edstica muy querida por el p\u00fablico.<\/p>\n<p>Pero la carrera de Alden Knight no solo ha estado ligada al arte. Durante d\u00e9cadas ha sido tambi\u00e9n un defensor abierto del r\u00e9gimen cubano y, en particular, de la figura de Fidel Castro.<\/p>\n<p>Su labor art\u00edstica ha estado estrechamente vinculada al proceso pol\u00edtico: particip\u00f3 en actos oficiales, concentraciones y eventos organizados por el Estado, integrando el aparato cultural que acompa\u00f1\u00f3 la narrativa del poder.<\/p>\n<p>En 2016, tras la muerte de Fidel Castro, Knight compareci\u00f3 en un programa especial de la televisi\u00f3n cubana donde <a href=\"https:\/\/www.cibercuba.com\/videos\/noticias\/2016-11-27-u146802-actor-cubano-alden-knight-habla-lo-significo-fidel-castro\" rel=\"nofollow noopener\" target=\"_blank\"><strong>calific\u00f3 al exgobernante como un \u00abhombre brillante\u00bb, de \u00abfortaleza tremenda\u00bb<\/strong><\/a> y \u00absensible\u00bb. Incluso afirm\u00f3 que Fidel \u00abno era, sino que es, porque sigue all\u00ed\u00bb.<\/p>\n<p>En 2020, en una entrevista con el semanario <a href=\"https:\/\/www.trabajadores.cu\/20201213\/alden-knight-he-cumplido-con-mi-gente-fotos-y-video\/\" rel=\"nofollow noopener\" target=\"_blank\">Trabajadores<\/a>, defendi\u00f3 abiertamente a la revoluci\u00f3n cubana como una obra \u00abliberadora\u00bb, y sostuvo que, pese a errores y dificultades, \u00ablos aciertos superan los desaciertos\u00bb. Relat\u00f3 que su familia hab\u00eda podido desarrollarse profesionalmente gracias al sistema y se declar\u00f3 \u00abfeliz en su tierra\u00bb.<\/p>\n<p>As\u00ed, Alden Knight ha sido, al mismo tiempo, un actor de larga y s\u00f3lida trayectoria y una voz p\u00fablica alineada con el discurso del poder en Cuba.<\/p>\n<p>Hoy, mientras permanece en terapia intensiva, colegas, instituciones y seguidores esperan su recuperaci\u00f3n, en un pa\u00eds donde la precariedad del sistema de salud y la falta de informaci\u00f3n oficial suelen acompa\u00f1ar estos momentos cr\u00edticos.<\/p>\n","protected":false},"excerpt":{"rendered":"El actor cubano Alden Knight atraviesa un delicado momento de salud. As\u00ed lo confirmaron este fin de semana&hellip;\n","protected":false},"author":2,"featured_media":387294,"comment_status":"","ping_status":"","sticky":false,"template":"","format":"standard","meta":{"footnotes":""},"categories":[174],"tags":[72347,51132,51133,255,1293,146,147,25,24,256,24076,47840,4360,84462,79138,805,23,807,60758],"class_list":["post-387293","post","type-post","status-publish","format-standard","has-post-thumbnail","category-famosos","tag-actor-cubano","tag-actores-cubanos","tag-artistas-cubanos","tag-celebrities","tag-enfermedades","tag-entertainment","tag-entretenimiento","tag-es","tag-espana","tag-famosos","tag-fidel-castro","tag-hospitales-cubanos","tag-noticias-de-cuba","tag-radio-cubana","tag-serie-de-television","tag-series","tag-spain","tag-television","tag-television-cubana"],"share_on_mastodon":{"url":"https:\/\/pubeurope.com\/@es\/116039076003276046","error":""},"_links":{"self":[{"href":"https:\/\/www.europesays.com\/es\/wp-json\/wp\/v2\/posts\/387293","targetHints":{"allow":["GET"]}}],"collection":[{"href":"https:\/\/www.europesays.com\/es\/wp-json\/wp\/v2\/posts"}],"about":[{"href":"https:\/\/www.europesays.com\/es\/wp-json\/wp\/v2\/types\/post"}],"author":[{"embeddable":true,"href":"https:\/\/www.europesays.com\/es\/wp-json\/wp\/v2\/users\/2"}],"replies":[{"embeddable":true,"href":"https:\/\/www.europesays.com\/es\/wp-json\/wp\/v2\/comments?post=387293"}],"version-history":[{"count":0,"href":"https:\/\/www.europesays.com\/es\/wp-json\/wp\/v2\/posts\/387293\/revisions"}],"wp:featuredmedia":[{"embeddable":true,"href":"https:\/\/www.europesays.com\/es\/wp-json\/wp\/v2\/media\/387294"}],"wp:attachment":[{"href":"https:\/\/www.europesays.com\/es\/wp-json\/wp\/v2\/media?parent=387293"}],"wp:term":[{"taxonomy":"category","embeddable":true,"href":"https:\/\/www.europesays.com\/es\/wp-json\/wp\/v2\/categories?post=387293"},{"taxonomy":"post_tag","embeddable":true,"href":"https:\/\/www.europesays.com\/es\/wp-json\/wp\/v2\/tags?post=387293"}],"curies":[{"name":"wp","href":"https:\/\/api.w.org\/{rel}","templated":true}]}}