{"id":387324,"date":"2026-02-09T06:11:09","date_gmt":"2026-02-09T06:11:09","guid":{"rendered":"https:\/\/www.europesays.com\/es\/387324\/"},"modified":"2026-02-09T06:11:09","modified_gmt":"2026-02-09T06:11:09","slug":"el-nuevo-desafio-contra-la-demencia-anunciado-en-elche","status":"publish","type":"post","link":"https:\/\/www.europesays.com\/es\/387324\/","title":{"rendered":"el nuevo desaf\u00edo contra la demencia anunciado en Elche"},"content":{"rendered":"<p class=\"ft-text ft-helper-closenews\">Mientras la oftalmolog\u00eda atraviesa uno de los momentos m\u00e1s avanzados de su historia en t\u00e9rminos t\u00e9cnicos y quir\u00fargicos, la comunidad cient\u00edfica detecta que hay desaf\u00edos que hasta ahora permanec\u00edan en segundo plano, como es la atenci\u00f3n a las personas mayores con<strong> demencia.<\/strong> De ah\u00ed que haya expertos que subrayen la necesidad de situar al paciente vulnerable en el centro del sistema como el oftalm\u00f3logo Joaqu\u00edn Fern\u00e1ndez P\u00e9rez, actual secretario de la <strong>Sociedad Europea de Cataratas y Cirug\u00eda Refractiva (<\/strong><a class=\"ft-link ft-link--decoration\" href=\"https:\/\/www.escrs.org\/\" rel=\"nofollow noopener\" target=\"_blank\"><strong>ESCRS<\/strong><\/a><strong>)<\/strong>, quien fue uno de los ponentes de esta 28 edici\u00f3n de <a class=\"ft-link ft-link--decoration\" href=\"https:\/\/www.informacion.es\/elche\/2026\/02\/06\/facoelche-ia-oftalmologia-congresos-126513860.html\" rel=\"nofollow noopener\" target=\"_blank\">FacoElche. <\/a><\/p>\n<p class=\"ft-text\">Y es que pese a que durante d\u00e9cadas la cirug\u00eda de cataratas ha sido uno de los grandes \u00e9xitos de la medicina moderna permitiendo a millones de personas mayores recuperar autonom\u00eda, movilidad y calidad de vida, alcanzando en muchos casos niveles visuales superiores a los de generaciones m\u00e1s j\u00f3venes, este avance no ha llegado por igual a todos. Uno de los colectivos donde menos se ha hecho hincapi\u00e9 ha sido el de las <strong>personas con deterioro cognitivo y demencia<\/strong>, pacientes que, por sus dificultades para comunicarse, orientarse o acceder al sistema sanitario, quedan con frecuencia fuera de los circuitos habituales de diagn\u00f3stico y tratamiento.<\/p>\n<p class=\"ft-text\">Fern\u00e1ndez P\u00e9rez alerta de que, como resultado, un n\u00famero significativo de ellos sigue perdiendo visi\u00f3n por causas perfectamente tratables y apunta a que, en vista de los datos cient\u00edficos m\u00e1s recientes, la <strong>ceguera evitable<\/strong> en pacientes con demencia constituye hoy uno de los principales problemas ocultos en los pa\u00edses desarrollados, una realidad creciente en sociedades cada vez m\u00e1s envejecidas.<\/p>\n<p><img decoding=\"async\" src=\"https:\/\/www.europesays.com\/es\/wp-content\/uploads\/2026\/02\/830ed19c-b80a-4480-9bf4-918a90bb7562_alta-libre-aspect-ratio_default_0_x562y281.jpg\" width=\"1200\" height=\"900\" alt=\"El reconocido oftalm\u00f3logo Joaqu\u00edn Fern\u00e1ndez durante su participaci\u00f3n en FacoElche.\" class=\"ft-helper-img-rd\" loading=\"lazy\"\/><\/p>\n<p class=\"ft-helper-fontColor-quaternary ft-helper-fontSize-body-S ft-helper-spacer-t-xxs\">El reconocido oftalm\u00f3logo Joaqu\u00edn Fern\u00e1ndez durante su participaci\u00f3n en FacoElche.  \/ J.R.Esquinas<\/p>\n<p class=\"ft-text\">Ahora bien, la importancia de abordar este problema va mucho m\u00e1s all\u00e1 del \u00e1mbito oftalmol\u00f3gico. El especialista refiere que en los \u00faltimos a\u00f1os numerosos estudios han demostrado que existe una<strong> relaci\u00f3n directa entre la funci\u00f3n visual y el estado cognitivo<\/strong>. Es decir, cuando una persona con demencia pierde visi\u00f3n, su capacidad para orientarse, relacionarse y mantener rutinas se deteriora a\u00fan m\u00e1s, aumenta el aislamiento, el riesgo de ca\u00eddas, la dependencia y el deterioro emocional.<\/p>\n<p>Beneficios <\/p>\n<p class=\"ft-text\">Por el contrario, cuando estos pacientes recuperan visi\u00f3n mediante cirug\u00eda, los beneficios no se limitan a ver mejor, sino que se traducen en mejoras en la atenci\u00f3n, en la interacci\u00f3n social, en la autonom\u00eda y, en muchos casos, en la evoluci\u00f3n del propio trastorno cognitivo.<\/p>\n<p class=\"ft-text\">Pese a esta evidencia, la mayor\u00eda de los sistemas sanitarios a\u00fan no cuentan con circuitos adaptados para este perfil de pacientes, teniendo en cuenta que habitualmente las consultas, las<strong> listas de espera y los procesos preoperatorios<\/strong> siguen estando dise\u00f1ados para personas plenamente aut\u00f3nomas, lo que genera a quienes presentan este deterioro barreras a\u00f1adidas para acudir a revisiones, comprender indicaciones o completar pruebas diagn\u00f3sticas que terminan retrasando o impiden tratamientos que podr\u00edan cambiar radicalmente su calidad de vida.<\/p>\n<p class=\"ft-text\">Ante esta situaci\u00f3n, el representante de la comunidad cient\u00edfica europea sostiene que deber\u00eda ponerse el foco en protocolos que est\u00e9n orientados a este perfil de paciente, lo que abrir\u00eda la puerta a que se desarrollen <strong>programas de cribado visual en residencias<\/strong>, y que haya una mayor coordinaci\u00f3n entre oftalmolog\u00eda, geriatr\u00eda y neurolog\u00eda.<\/p>\n<p>J\u00f3venes<\/p>\n<p class=\"ft-text\">En otro orden de cosas, durante el congreso FacoElche se han puesto de manifiesto en varias ocasiones los riesgos que supone para la vista el impacto de <strong>factores externos<\/strong> como las pantallas de los m\u00f3viles, una preocupaci\u00f3n creciente entre familias y educadores. La evidencia cient\u00edfica se\u00f1ala que m\u00e1s tiempo al aire libre reduce el<strong> riesgo de miop\u00eda <\/strong>y que limitar el uso diario de dispositivos digitales es fundamental.<\/p>\n<p class=\"ft-text\">Al hilo, el secretario de la ESCRS incluso va m\u00e1s all\u00e1 y descarta que existan pruebas s\u00f3lidas de que prevengan este problema algunas tecnolog\u00edas como gafas con filtro azul. La comunidad cient\u00edfica es clara cuando apunta a que el objetivo claramente es prevenir que la miop\u00eda alcance niveles patol\u00f3gicos que, en la edad adulta, aumentan el riesgo de enfermedades oculares graves y comprometen la visi\u00f3n a largo plazo.<\/p>\n<p>Menos marketing y m\u00e1s evidencia cient\u00edfica con las lentes <\/p>\n<p class=\"ft-text\">Desde la Sociedad Europea de Cataratas (ESCRS) reconocen que en estos momentos la oftalmolog\u00eda vive un proceso de autorreflexi\u00f3n sobre su forma de comunicar. Lo achacan a que en los \u00faltimos a\u00f1os el r\u00e1pido desarrollo de nuevas lentes, dispositivos y t\u00e9cnicas ha ido acompa\u00f1ado de una creciente presi\u00f3n comercial, lo que en algunos casos ha favorecido \u00abmensajes m\u00e1s cercanos al marketing\u00bb que a la evidencia cient\u00edfica. Para corregirlo, las principales sociedades oftalmol\u00f3gicas del mundo han impulsado un consenso internacional sobre la clasificaci\u00f3n y denominaci\u00f3n de las lentes de visi\u00f3n simult\u00e1nea, conocidas como multifocales.<\/p>\n<p class=\"ft-text\">Este acuerdo establece criterios comunes que afectan a la investigaci\u00f3n, la evaluaci\u00f3n de los resultados, la financiaci\u00f3n p\u00fablica, as\u00ed como de cara a las aseguradoras, la industria y, especialmente, la informaci\u00f3n al paciente. Con ello se permitir\u00eda que especialistas de distintos continentes hablen el mismo lenguaje, lo que redunda en una relaci\u00f3n m\u00e1s transparente entre m\u00e9dico y paciente ahondando no s\u00f3lo en los beneficios de una t\u00e9cnica, sino tambi\u00e9n en sus limitaciones y riesgos.<\/p>\n<p data-close=\"closedContent\" class=\"subscribeHideForDisplay\">Suscr\u00edbete para seguir leyendo<\/p>\n","protected":false},"excerpt":{"rendered":"Mientras la oftalmolog\u00eda atraviesa uno de los momentos m\u00e1s avanzados de su historia en t\u00e9rminos t\u00e9cnicos y quir\u00fargicos,&hellip;\n","protected":false},"author":2,"featured_media":387325,"comment_status":"","ping_status":"","sticky":false,"template":"","format":"standard","meta":{"footnotes":""},"categories":[92],"tags":[5078,10898,1289,1293,25,24,84464,165,446,29546,25208,1817,17073,166,23],"class_list":["post-387324","post","type-post","status-publish","format-standard","has-post-thumbnail","category-salud","tag-beneficios","tag-comunidad","tag-demencia","tag-enfermedades","tag-es","tag-espana","tag-facoelche","tag-health","tag-mayores","tag-miopia","tag-oftalmologia","tag-pacientes","tag-residencias","tag-salud","tag-spain"],"share_on_mastodon":{"url":"https:\/\/pubeurope.com\/@es\/116039194065707213","error":""},"_links":{"self":[{"href":"https:\/\/www.europesays.com\/es\/wp-json\/wp\/v2\/posts\/387324","targetHints":{"allow":["GET"]}}],"collection":[{"href":"https:\/\/www.europesays.com\/es\/wp-json\/wp\/v2\/posts"}],"about":[{"href":"https:\/\/www.europesays.com\/es\/wp-json\/wp\/v2\/types\/post"}],"author":[{"embeddable":true,"href":"https:\/\/www.europesays.com\/es\/wp-json\/wp\/v2\/users\/2"}],"replies":[{"embeddable":true,"href":"https:\/\/www.europesays.com\/es\/wp-json\/wp\/v2\/comments?post=387324"}],"version-history":[{"count":0,"href":"https:\/\/www.europesays.com\/es\/wp-json\/wp\/v2\/posts\/387324\/revisions"}],"wp:featuredmedia":[{"embeddable":true,"href":"https:\/\/www.europesays.com\/es\/wp-json\/wp\/v2\/media\/387325"}],"wp:attachment":[{"href":"https:\/\/www.europesays.com\/es\/wp-json\/wp\/v2\/media?parent=387324"}],"wp:term":[{"taxonomy":"category","embeddable":true,"href":"https:\/\/www.europesays.com\/es\/wp-json\/wp\/v2\/categories?post=387324"},{"taxonomy":"post_tag","embeddable":true,"href":"https:\/\/www.europesays.com\/es\/wp-json\/wp\/v2\/tags?post=387324"}],"curies":[{"name":"wp","href":"https:\/\/api.w.org\/{rel}","templated":true}]}}