{"id":387357,"date":"2026-02-09T06:38:09","date_gmt":"2026-02-09T06:38:09","guid":{"rendered":"https:\/\/www.europesays.com\/es\/387357\/"},"modified":"2026-02-09T06:38:09","modified_gmt":"2026-02-09T06:38:09","slug":"un-tribunal-de-iran-condena-a-la-nobel-de-la-paz-narges-mohammadi-a-siete-anos-y-medio-de-prision-internacional","status":"publish","type":"post","link":"https:\/\/www.europesays.com\/es\/387357\/","title":{"rendered":"Un tribunal de Ir\u00e1n condena a la Nobel de la Paz Narges Mohammadi a siete a\u00f1os y medio de prisi\u00f3n | Internacional"},"content":{"rendered":"<p class=\"\">Un tribunal de Ir\u00e1n ha condenado a la Premio Nobel de la Paz <a href=\"https:\/\/elpais.com\/internacional\/2023-12-10\/narges-mohammadi-pide-desde-la-carcel-apoyo-para-acabar-con-el-regimen-irani-al-recibir-el-nobel-de-la-paz.html\" target=\"_self\" rel=\"nofollow noopener\" title=\"https:\/\/elpais.com\/internacional\/2023-12-10\/narges-mohammadi-pide-desde-la-carcel-apoyo-para-acabar-con-el-regimen-irani-al-recibir-el-nobel-de-la-paz.html\">Narges Mohammadi<\/a> a siete a\u00f1os y medio de prisi\u00f3n por varios cargos de conspiraci\u00f3n y propaganda contra el sistema, en la d\u00e9cima sentencia contra la encarcelada activista por los derechos humanos desde 2021. \u201cFue condenada a seis a\u00f1os de prisi\u00f3n por los cargos de congregaci\u00f3n y colusi\u00f3n, a un a\u00f1o y medio de prisi\u00f3n por actividad propagand\u00edstica, y como pena complementaria, a dos a\u00f1os de prohibici\u00f3n de salida del pa\u00eds\u201d, ha informado este domingo en X su abogado, Mostafa Nili. <\/p>\n<p class=\"\">El abogado ha explicado que recibi\u00f3 este domingo una llamada de la activista, de 53 a\u00f1os, la primera comunicaci\u00f3n entre ambos desde la detenci\u00f3n de Mohammadi hace 59 d\u00edas. La activista le inform\u00f3 de que fue trasladada a la sala primera del Tribunal Revolucionario de Mashad (noreste del pa\u00eds) y tras la audiencia se dict\u00f3 sentencia en su contra. Nili ha dicho que la defensora de derechos humanos le manifest\u00f3 adem\u00e1s que hace tres d\u00edas fue trasladada a un hospital por su mal estado de salud y que cuando le empez\u00f3 a contar las circunstancias de su arresto, la llamada se cort\u00f3. <\/p>\n<p class=\"\">Mohammadi inici\u00f3 el pasado lunes una huelga de hambre para protestar por su encarcelamiento, de acuerdo con un comunicado publicado esta semana. \u201cLa detenci\u00f3n prolongada de Narges Mohammadi se produce en un momento en que su estado de salud es extremadamente preocupante\u201d, advirti\u00f3 la Fundaci\u00f3n Narges y detall\u00f3 que activista necesita atenci\u00f3n m\u00e9dica especializada por tener antecedentes de problemas card\u00edacos, presi\u00f3n arterial alta y problemas agudos en la columna vertebral.<\/p>\n<p><img decoding=\"auto\" class=\"_re lazyload a_m-h\" height=\"276\"  width=\"414\"  src=\"https:\/\/www.europesays.com\/es\/wp-content\/uploads\/2026\/02\/CJQK7P3YURC4JLUJZEBH3XIVOA.jpg\" loading=\"lazy\"\/>Kiana y Ali Rahmani aceptan el Nobel de la Paz a nombre de Narges Mohammadi, en Oslo en 2023. Alamy Stock Photo<\/p>\n<p class=\"\">Nili ha indicado que, dado que se ha dictado sentencia, la activista debe ser trasladada a una prisi\u00f3n, seg\u00fan la legislaci\u00f3n iran\u00ed, y que en su opini\u00f3n debe ser liberada. \u201cEn vista de sus enfermedades, se espera que se ordene su liberaci\u00f3n temporal bajo fianza para que pueda recibir tratamiento m\u00e9dico\u201d, ha se\u00f1alado el abogado. La Fundaci\u00f3n Narges denunci\u00f3 esta semana que las autoridades iran\u00edes han impedido que tenga visitas y comunicaci\u00f3n con sus familiares, salvo una llamada que tuvo con su hermano el pasado 13 de diciembre. Los miembros del c\u00edrculo cercano de la activista han asegurado que han estado bajo constante presi\u00f3n del r\u00e9gimen iran\u00ed.<\/p>\n<p class=\"\">Mohammadi fue <a href=\"https:\/\/elpais.com\/internacional\/2025-12-12\/iran-detiene-de-nuevo-a-la-nobel-de-la-paz-narges-mohammadi.html\" target=\"_self\" rel=\"nofollow noopener\" title=\"https:\/\/elpais.com\/internacional\/2025-12-12\/iran-detiene-de-nuevo-a-la-nobel-de-la-paz-narges-mohammadi.html\">detenida de manera violenta el pasado 11 de diciembre<\/a> junto con otros activistas durante la ceremonia f\u00fanebre de Khosrow Alikordi, un abogado de derechos humanos hallado muerto ese mismo mes en su despacho, en la ciudad nororiental de Mashad, seg\u00fan denunci\u00f3 su familia. La <a href=\"https:\/\/elpais.com\/internacional\/2023-10-06\/premio-nobel-de-la-paz.html\" target=\"_self\" rel=\"nofollow noopener\" title=\"https:\/\/elpais.com\/internacional\/2023-10-06\/premio-nobel-de-la-paz.html\">ganadora del Nobel de la Paz en 2023<\/a> se encontraba en libertad condicional desde diciembre de 2024, cuando fue puesta en libertad por problemas m\u00e9dicos, y a finales de noviembre denunci\u00f3 que las autoridades iran\u00edes le hab\u00edan prohibido de forma \u201cpermanente\u201d salir del pa\u00eds y que no le emit\u00edan pasaporte para poder visitar a sus dos hijos, a quienes no ve desde hace 11 a\u00f1os. <\/p>\n<p class=\"\">La activista ha sido arrestada en 13 ocasiones y condenada en nueve. La activista, sin embargo, ha continuado denunciando las violaciones de derechos fundamentales en Ir\u00e1n, incluyendo la aplicaci\u00f3n de la pena de muerte y la violencia contra las mujeres que no usan el velo isl\u00e1mico.<\/p>\n<p class=\"\">El Comit\u00e9 Nobel noruego concedi\u00f3 en 2023 el prestigioso galard\u00f3n a Mohammadi \u201cpor su lucha contra <a href=\"https:\/\/elpais.com\/internacional\/2025-02-22\/las-mujeres-el-motor-de-la-secularizacion-de-iran.html\" target=\"_self\" rel=\"nofollow noopener\" title=\"https:\/\/elpais.com\/internacional\/2025-02-22\/las-mujeres-el-motor-de-la-secularizacion-de-iran.html\">la opresi\u00f3n de las mujeres en Ir\u00e1n<\/a> y para promover los derechos humanos y la libertad para todos\u201d. La activista no pudo acudir a la ceremonia de entrega del premio en Oslo, la capital del pa\u00eds escandinavo. El Gobierno de Ir\u00e1n calific\u00f3 de \u201cacto pol\u00edtico\u201d y de \u201cmedida de presi\u00f3n\u201d de Occidente la concesi\u00f3n del galard\u00f3n.<\/p>\n<p class=\"\">Mohammadi fue detenido en diciembre, unas semanas antes de que estallaran protestas sociales en Ir\u00e1n. El r\u00e9gimen de Teher\u00e1n ha reconocido que <a href=\"https:\/\/elpais.com\/internacional\/2026-02-04\/la-brutalidad-de-la-represion-de-las-protestas-en-iran-en-cifras-de-3000-a-30000-muertos.html\" target=\"_self\" rel=\"nofollow noopener\" title=\"https:\/\/elpais.com\/internacional\/2026-02-04\/la-brutalidad-de-la-represion-de-las-protestas-en-iran-en-cifras-de-3000-a-30000-muertos.html\">al menos 3.117 manifestantes murieron<\/a> durante esas protestas. Varias ONG han conseguido documentar entre 4.000 y 6.500 fallecimientos, aunque han se\u00f1alado que se investigan miles m\u00e1s, lo que elevar\u00eda la cifra a entre 20.000 y 30.000 decesos, seg\u00fan medios internacionales y expertos independientes.<\/p>\n<p class=\"\">La condena contra Mohammadi se ha producido apenas unos d\u00edas despu\u00e9s de que Ir\u00e1n y Estados Unidos concluyeran la primera ronda de negociaciones desde los bombardeos ordenados por el presidente estadounidense, Donald Trump, en junio pasado. Pese a que no se anunciaron avances concretos, el di\u00e1logo ha reducido las tensiones entre ambos pa\u00edses, aunque una flota de Washington permanece parcialmente desplegada en las inmediaciones del territorio iran\u00ed.<\/p>\n","protected":false},"excerpt":{"rendered":"Un tribunal de Ir\u00e1n ha condenado a la Premio Nobel de la Paz Narges Mohammadi a siete a\u00f1os&hellip;\n","protected":false},"author":2,"featured_media":387358,"comment_status":"","ping_status":"","sticky":false,"template":"","format":"standard","meta":{"footnotes":""},"categories":[42],"tags":[60067,1237,17,18,13,14,11,61,62,63,64,3137,19,20,9,25064,10,15,16,22448,77307,18264,2575,12,21,22,65,66,67],"class_list":["post-387357","post","type-post","status-publish","format-standard","has-post-thumbnail","category-internacional","tag-ali-jamenei","tag-asia","tag-breaking-news","tag-breakingnews","tag-featured-news","tag-featurednews","tag-headlines","tag-internacional","tag-international","tag-international-news","tag-internationalnews","tag-iran","tag-latest-news","tag-latestnews","tag-news","tag-nobel-de-la-paz","tag-noticias","tag-noticias-destacadas","tag-noticiasdestacadas","tag-premios-nobel","tag-protestas-iran","tag-protestas-sociales","tag-represion-politica","tag-titulares","tag-ultimas-noticias","tag-ultimasnoticias","tag-world","tag-world-news","tag-worldnews"],"share_on_mastodon":{"url":"","error":"Validation failed: Text character limit of 500 exceeded"},"_links":{"self":[{"href":"https:\/\/www.europesays.com\/es\/wp-json\/wp\/v2\/posts\/387357","targetHints":{"allow":["GET"]}}],"collection":[{"href":"https:\/\/www.europesays.com\/es\/wp-json\/wp\/v2\/posts"}],"about":[{"href":"https:\/\/www.europesays.com\/es\/wp-json\/wp\/v2\/types\/post"}],"author":[{"embeddable":true,"href":"https:\/\/www.europesays.com\/es\/wp-json\/wp\/v2\/users\/2"}],"replies":[{"embeddable":true,"href":"https:\/\/www.europesays.com\/es\/wp-json\/wp\/v2\/comments?post=387357"}],"version-history":[{"count":0,"href":"https:\/\/www.europesays.com\/es\/wp-json\/wp\/v2\/posts\/387357\/revisions"}],"wp:featuredmedia":[{"embeddable":true,"href":"https:\/\/www.europesays.com\/es\/wp-json\/wp\/v2\/media\/387358"}],"wp:attachment":[{"href":"https:\/\/www.europesays.com\/es\/wp-json\/wp\/v2\/media?parent=387357"}],"wp:term":[{"taxonomy":"category","embeddable":true,"href":"https:\/\/www.europesays.com\/es\/wp-json\/wp\/v2\/categories?post=387357"},{"taxonomy":"post_tag","embeddable":true,"href":"https:\/\/www.europesays.com\/es\/wp-json\/wp\/v2\/tags?post=387357"}],"curies":[{"name":"wp","href":"https:\/\/api.w.org\/{rel}","templated":true}]}}