{"id":387620,"date":"2026-02-09T11:08:16","date_gmt":"2026-02-09T11:08:16","guid":{"rendered":"https:\/\/www.europesays.com\/es\/387620\/"},"modified":"2026-02-09T11:08:16","modified_gmt":"2026-02-09T11:08:16","slug":"a-taylor-swift-le-explota-la-chispa-creativa-que-dio-origen-al-video-musical-de-opalite-en-el-show-de-graham-norton","status":"publish","type":"post","link":"https:\/\/www.europesays.com\/es\/387620\/","title":{"rendered":"A Taylor Swift le \u201cexplota\u201d la chispa creativa que dio origen al video musical de \u201cOpalite\u201d en el show de Graham Norton"},"content":{"rendered":"<p>\n          El momento viral en el que a Taylor Swift se le ocurri\u00f3 la historia del video de &#8216;Opalite&#8217;<\/p>\n<p>En el programa transmitido por la BBC, <b>Graham Norton<\/b> tiene una din\u00e1mica con sus famosos invitados en la que la cercan\u00eda, el humor y la falta de solemnidad crean el clima perfecto para que una idea, como la que tuvo Taylor, pueda surgir cuando menos se espera. Normalmente son frases y bromas que causan la risa de los presentes, pero en esta ocasi\u00f3n el resultado fue m\u00e1s all\u00e1 del set.<\/p>\n<p>\u201cRecuerdo pensar que tuve much\u00edsima suerte con el grupo con el que me emparejaron\u201d, record\u00f3 Taylor, ya que la reunieron con el ganador del Oscar, <b>Cillian Murphy<\/b>; el villano de Star Wars, <b>Domhnall Gleeson<\/b>; adem\u00e1s de <b>Greta Lee<\/b>, <b>Jodie Smith<\/b> y <b>Lewis Capaldi<\/b>. \u201cTodas personas cuyo trabajo he admirado desde la distancia\u201d, explic\u00f3.<\/p>\n<p>             <img loading=\"lazy\" decoding=\"async\" src=\"https:\/\/www.europesays.com\/es\/wp-content\/uploads\/2026\/02\/1770635295_861_.webp\" class=\"lazyload\" alt=\"Imagen del video musical 'Opalite' de Taylor Swift\"  width=\"600\" height=\"401\"\/> <\/p>\n<p>              Taylor Swift revel\u00f3 c\u00f3mo surgi\u00f3 la idea que dio forma al video musical de \u00abOpalite\u00bb en el que aparece el actor irland\u00e9s Domhnall Gleeson<br \/>\n              (Instagram \/ Taylor Swift)<\/p>\n<p>As\u00ed, entre una serie de comentarios y cumplidos que tanto <b>Cillian Murphy<\/b> como ella hicieron a <b>Domhnall Gleeson<\/b> surgi\u00f3 la magia.<\/p>\n<p>\u201cMientras habl\u00e1bamos durante la transmisi\u00f3n, <b>Domhnall hizo una broma divertida sobre querer salir en uno de mis videos musicales<\/b>. \u00a1Es irland\u00e9s! \u00a1Bromeaba! S\u00f3lo que en ese momento de la entrevista, se me ocurri\u00f3 una idea al instante\u201d, asegur\u00f3 la cantante.<br \/>Lo que pudo quedar en un comentario bien intencionado que buscaba demostrar la admiraci\u00f3n, el respeto y el agradecimiento que el actor mostraba por sus colegas, fue para Taylor Swift energ\u00eda pura que aliment\u00f3 su mente creativa.<\/p>\n<p>Ese gesto que hoy circula en redes \u2014la sonrisa, la pausa, la mirada que se va hacia adentro\u2014 es el instante en el que la intuici\u00f3n se convirti\u00f3 en decisi\u00f3n. La creatividad, rara vez tan visible, qued\u00f3 registrada por la c\u00e1mara y hoy es un momento viral.<\/p>\n<p>             <img loading=\"lazy\" decoding=\"async\" src=\"https:\/\/www.europesays.com\/es\/wp-content\/uploads\/2026\/02\/1770635296_763_.webp\" class=\"lazyload\" alt=\"Imagen del video musical 'Opalite' de Taylor Swift\"  width=\"600\" height=\"401\"\/> <\/p>\n<p>              Taylor Swift revel\u00f3 c\u00f3mo surgi\u00f3 la idea que dio forma al video musical de \u00abOpalite\u00bb en el que aparece el actor irland\u00e9s Domhnall Gleeson<br \/>\n              (Instagram \/ Taylor Swift)<\/p>\n<p>\u201cY as\u00ed, una semana despu\u00e9s, recibi\u00f3 por correo electr\u00f3nico un gui\u00f3n que hab\u00eda escrito para el video de \u2018Opalite\u2019, donde \u00e9l interpretaba el papel principal\u201d, revel\u00f3 Taylor.<\/p>\n","protected":false},"excerpt":{"rendered":"El momento viral en el que a Taylor Swift se le ocurri\u00f3 la historia del video de &#8216;Opalite&#8217;&hellip;\n","protected":false},"author":2,"featured_media":387621,"comment_status":"","ping_status":"","sticky":false,"template":"","format":"standard","meta":{"footnotes":""},"categories":[170],"tags":[146,147,25,24,2793,184,185,49444,23,3945,84529,84532,84533,84530,84531,84534],"class_list":["post-387620","post","type-post","status-publish","format-standard","has-post-thumbnail","category-musica","tag-entertainment","tag-entretenimiento","tag-es","tag-espana","tag-espectaculos","tag-music","tag-musica","tag-opalite","tag-spain","tag-taylor-swift","tag-taylor-swift-graham-norton","tag-taylor-swift-momento-viral","tag-taylor-swift-momento-viral-graham-norton","tag-taylor-swift-opalite","tag-taylor-swift-opalite-video-musical","tag-taylor-swift-y-domhnall-gleeson"],"share_on_mastodon":{"url":"https:\/\/pubeurope.com\/@es\/116040361788594422","error":""},"_links":{"self":[{"href":"https:\/\/www.europesays.com\/es\/wp-json\/wp\/v2\/posts\/387620","targetHints":{"allow":["GET"]}}],"collection":[{"href":"https:\/\/www.europesays.com\/es\/wp-json\/wp\/v2\/posts"}],"about":[{"href":"https:\/\/www.europesays.com\/es\/wp-json\/wp\/v2\/types\/post"}],"author":[{"embeddable":true,"href":"https:\/\/www.europesays.com\/es\/wp-json\/wp\/v2\/users\/2"}],"replies":[{"embeddable":true,"href":"https:\/\/www.europesays.com\/es\/wp-json\/wp\/v2\/comments?post=387620"}],"version-history":[{"count":0,"href":"https:\/\/www.europesays.com\/es\/wp-json\/wp\/v2\/posts\/387620\/revisions"}],"wp:featuredmedia":[{"embeddable":true,"href":"https:\/\/www.europesays.com\/es\/wp-json\/wp\/v2\/media\/387621"}],"wp:attachment":[{"href":"https:\/\/www.europesays.com\/es\/wp-json\/wp\/v2\/media?parent=387620"}],"wp:term":[{"taxonomy":"category","embeddable":true,"href":"https:\/\/www.europesays.com\/es\/wp-json\/wp\/v2\/categories?post=387620"},{"taxonomy":"post_tag","embeddable":true,"href":"https:\/\/www.europesays.com\/es\/wp-json\/wp\/v2\/tags?post=387620"}],"curies":[{"name":"wp","href":"https:\/\/api.w.org\/{rel}","templated":true}]}}