{"id":38766,"date":"2025-08-10T19:40:07","date_gmt":"2025-08-10T19:40:07","guid":{"rendered":"https:\/\/www.europesays.com\/es\/38766\/"},"modified":"2025-08-10T19:40:07","modified_gmt":"2025-08-10T19:40:07","slug":"valdelavilla-presenta-el-libro-piedra-luz-y-encinas","status":"publish","type":"post","link":"https:\/\/www.europesays.com\/es\/38766\/","title":{"rendered":"Valdelavilla presenta el libro &#8216;Piedra, luz y encinas&#8217;"},"content":{"rendered":"<p class=\"prip\">La localidad de <strong>Valdelavilla<\/strong>, en Tierras Altas, vive una jornada de reencuentro con su pasado y su presente. La celebraci\u00f3n de la festividad de la Virgen de la Antigua ha coincidido este s\u00e1bado con la presentaci\u00f3n del libro <strong>\u201cPiedra, luz y encinas\u201d<\/strong>, una obra que encapsula la memoria del pueblo desde sus or\u00edgenes hasta su reciente popularidad como escenario de la serie televisiva &#8216;El Pueblo&#8217;.<\/p>\n<p>El evento, que ha congregado a antiguos moradores, autoridades y visitantes, se ha convertido en un emotivo acto de reafirmaci\u00f3n de la identidad de una de las localidades m\u00e1s singulares de la provincia. La jornada ha estado marcada por la combinaci\u00f3n de la tradici\u00f3n religiosa y el lanzamiento de una publicaci\u00f3n cultural que busca preservar la historia para las generaciones futuras.<\/p>\n<p>La obra, escrita por <strong>Isabel Goig Soler<\/strong> y patrocinada por <strong>Caja Rural de Soria<\/strong>, representa un hito para la comunidad, que ve ahora su legado recogido en un volumen cuidado y con vocaci\u00f3n de permanencia.<\/p>\n<p>Una jornada de doble celebraci\u00f3n<\/p>\n<p>El d\u00eda comenz\u00f3 con los actos tradicionales en honor a la patrona. Se ofici\u00f3 una misa en la ermita de Valdelavilla, presidida por la imagen de la <strong>Virgen de la Antigua<\/strong>. A continuaci\u00f3n, una procesi\u00f3n con una M\u00f3ndida recorri\u00f3 las calles de piedra de la localidad, uniendo a los presentes en un acto de devoci\u00f3n y comunidad. Este a\u00f1o, la festividad adquiri\u00f3 un significado especial al servir de marco para la presentaci\u00f3n del libro.<\/p>\n<p>Proceso Lasanta, presidente de la Asociaci\u00f3n de Antiguos Moradores, describi\u00f3 el ambiente vivido: \u201cEsta jornada es una jornada de emoci\u00f3n, en este caso doble: una, por la celebraci\u00f3n de la festividad de Valdelavilla, y otra, por la presentaci\u00f3n del libro que recoge la historia, el pasado, el presente y el futuro del pueblo\u201d.<\/p>\n<p>&#8216;Piedra, luz y encinas&#8217;, la memoria de un pueblo<\/p>\n<p>Durante el acto de presentaci\u00f3n, la autora, <strong>Isabel Goig Soler<\/strong>, comparti\u00f3 su conexi\u00f3n con el lugar. \u201cEste pueblo ya tiene su libro, pero antes del libro ten\u00eda historias, y tantas historias como habitantes tuvo. Cuando me propusieron hacer el libro y vine, me enamor\u00e9\u201d, afirm\u00f3, destacando que \u201caunque todos los pueblos de Tierras Altas parecen iguales, cada uno tiene su historia y su idiosincrasia\u201d.<\/p>\n<p>Desde Caja Rural de Soria, entidad patrocinadora, su presidente, <strong>Carlos Mart\u00ednez Izquierdo<\/strong>, subray\u00f3 la importancia \u201cde la constancia y el trabajo colectivo de tantas personas que han contribuido a que este proyecto siga teniendo vida\u201d. Por su parte, el director de Empresas Participadas, <strong>Javier Gracia<\/strong>, resalt\u00f3 c\u00f3mo Valdelavilla \u201cha sabido adaptarse y reinventarse en cada momento, siendo un pueblo donde la innovaci\u00f3n ha sido una de sus se\u00f1as de identidad\u201d.<\/p>\n<p>El dise\u00f1ador del libro, <strong>Eduardo Ayll\u00f3n<\/strong>, explic\u00f3 que el ejemplar cuenta con un dise\u00f1o \u201cmuy cuidado, moderno y atractivo\u201d con el objetivo de invitar a la lectura y aportar una imagen actual a una obra que mira al futuro. La jornada concluy\u00f3 con una comida de hermandad, consolidando el ambiente de convivencia y celebraci\u00f3n.<\/p>\n","protected":false},"excerpt":{"rendered":"La localidad de Valdelavilla, en Tierras Altas, vive una jornada de reencuentro con su pasado y su presente.&hellip;\n","protected":false},"author":2,"featured_media":38767,"comment_status":"","ping_status":"","sticky":false,"template":"","format":"standard","meta":{"footnotes":""},"categories":[172],"tags":[224,6951,146,147,25,24,2328,448,1496,225,19025,2436,57,23,19024],"class_list":{"0":"post-38766","1":"post","2":"type-post","3":"status-publish","4":"format-standard","5":"has-post-thumbnail","7":"category-libros","8":"tag-books","9":"tag-celebra","10":"tag-entertainment","11":"tag-entretenimiento","12":"tag-es","13":"tag-espana","14":"tag-fiesta","15":"tag-historia","16":"tag-libro","17":"tag-libros","18":"tag-patronal","19":"tag-presentacion","20":"tag-sobre","21":"tag-spain","22":"tag-valdelavilla"},"share_on_mastodon":{"url":"","error":""},"_links":{"self":[{"href":"https:\/\/www.europesays.com\/es\/wp-json\/wp\/v2\/posts\/38766","targetHints":{"allow":["GET"]}}],"collection":[{"href":"https:\/\/www.europesays.com\/es\/wp-json\/wp\/v2\/posts"}],"about":[{"href":"https:\/\/www.europesays.com\/es\/wp-json\/wp\/v2\/types\/post"}],"author":[{"embeddable":true,"href":"https:\/\/www.europesays.com\/es\/wp-json\/wp\/v2\/users\/2"}],"replies":[{"embeddable":true,"href":"https:\/\/www.europesays.com\/es\/wp-json\/wp\/v2\/comments?post=38766"}],"version-history":[{"count":0,"href":"https:\/\/www.europesays.com\/es\/wp-json\/wp\/v2\/posts\/38766\/revisions"}],"wp:featuredmedia":[{"embeddable":true,"href":"https:\/\/www.europesays.com\/es\/wp-json\/wp\/v2\/media\/38767"}],"wp:attachment":[{"href":"https:\/\/www.europesays.com\/es\/wp-json\/wp\/v2\/media?parent=38766"}],"wp:term":[{"taxonomy":"category","embeddable":true,"href":"https:\/\/www.europesays.com\/es\/wp-json\/wp\/v2\/categories?post=38766"},{"taxonomy":"post_tag","embeddable":true,"href":"https:\/\/www.europesays.com\/es\/wp-json\/wp\/v2\/tags?post=38766"}],"curies":[{"name":"wp","href":"https:\/\/api.w.org\/{rel}","templated":true}]}}