{"id":388326,"date":"2026-02-09T20:42:08","date_gmt":"2026-02-09T20:42:08","guid":{"rendered":"https:\/\/www.europesays.com\/es\/388326\/"},"modified":"2026-02-09T20:42:08","modified_gmt":"2026-02-09T20:42:08","slug":"rtve-revoluciona-su-parrilla-esta-semana-y-elimina-la-mitad-de-los-programas-de-la-revuelta","status":"publish","type":"post","link":"https:\/\/www.europesays.com\/es\/388326\/","title":{"rendered":"RTVE revoluciona su parrilla esta semana y elimina la mitad de los programas de &#8216;La Revuelta&#8217;"},"content":{"rendered":"<p>Las semifinales de la Copa del Rey han obligado a RTVE a revolucionar su parrilla de programaci\u00f3n para este mi\u00e9rcoles y jueves. Los encuentros de  &#8230; ida del torneo del KO se emitir\u00e1n en abierto en La 1, por lo que el ente p\u00fablico ha decidido diluir esos dos programas de &#8216;La Revuelta&#8217; de David Broncano. En otras ocasiones, el espacio de humor se hab\u00eda desplazado al &#8216;prime time&#8217;. No ser\u00e1 as\u00ed esta vez. <\/p>\n<p class=\"v-p\">El formato producido por El Terrat y Encofrados Encofrasa solo se emitir\u00e1 este lunes y el martes. El mi\u00e9rcoles, el d\u00eda en el que se enfrentan Athletic y Real Sociedad en San Mam\u00e9s a las 21.00 horas, mantendr\u00e1 su emisi\u00f3n el concurso &#8216;The Floor&#8217;, presentado por Chenoa. Una decisi\u00f3n que responde a las buenas audiencias que cosech\u00f3 la semana pasada, un 13,5% del share. <\/p>\n<p class=\"v-p\">El jueves tampoco hay mucho margen de maniobra con la segunda semifinal del Benidorm Fest 2026, que arrancar\u00e1 nada m\u00e1s terminar el choque entre Atl\u00e9tico de Madrid y F\u00fatbol Club Barcelona. Los dos choques tambi\u00e9n cambiar\u00e1n el tramo final de la parrilla vespertina. el programa &#8216;Aqu\u00ed la tierra&#8217; no desaparecer\u00e1 por completo, pero s\u00ed que se ver\u00e1 recortada casi la mitad por el previo de los partidos. <\/p>\n<ol class=\"v-cmp-u-b__u\">\n<li class=\"v-cmp-u-b__l\">\n<p>Programaci\u00f3n del mi\u00e9rcoles<\/p>\n<\/li>\n<\/ol>\n<p class=\"v-p\">15:55 horas. &#8216;Directo al grano&#8217;.<\/p>\n<p class=\"v-p\">17:35 horas. &#8216;Valle Salvaje&#8217;.<\/p>\n<p class=\"v-p\">18:35 horas. &#8216;La Promesa&#8217;.<\/p>\n<p class=\"v-p\">19:35 horas. &#8216;Malas Lenguas&#8217;.<\/p>\n<p class=\"v-p\">20:25 horas. &#8216;Aqu\u00ed la tierra&#8217;.<\/p>\n<p class=\"v-p\">20:45 horas. F\u00fatbol. Copa del Rey: Athletic- Real Sociedad.<\/p>\n<p class=\"v-p\">22:55 horas. &#8216;The Floor&#8217;.<\/p>\n<ol class=\"v-cmp-u-b__u\">\n<li class=\"v-cmp-u-b__l\">\n<p>La programaci\u00f3n del jueves<\/p>\n<\/li>\n<\/ol>\n<p class=\"v-p\">15:55 horas. &#8216;Directo al grano&#8217;.<\/p>\n<p class=\"v-p\">17:35 horas. &#8216;Valle Salvaje&#8217;.<\/p>\n<p class=\"v-p\">18:35 horas. &#8216;La Promesa&#8217;.<\/p>\n<p class=\"v-p\">19:35 horas. &#8216;Malas Lenguas&#8217;.<\/p>\n<p class=\"v-p\">20:25 horas. &#8216;Aqu\u00ed la tierra&#8217;.<\/p>\n<p class=\"v-p\">20:45 horas. F\u00fatbol. Copa del Rey: Atl\u00e9tico de Madrid &#8211; FC Barcelona.<\/p>\n<p class=\"v-p\">22:55 horas. 2\u00aa semifinal del Benidorm Fest 2026.<\/p>\n","protected":false},"excerpt":{"rendered":"Las semifinales de la Copa del Rey han obligado a RTVE a revolucionar su parrilla de programaci\u00f3n para&hellip;\n","protected":false},"author":2,"featured_media":388327,"comment_status":"","ping_status":"","sticky":false,"template":"","format":"standard","meta":{"footnotes":""},"categories":[171],"tags":[16584,146,147,25,24,22041,11551,24025,35473,528,518,773,23,214],"class_list":["post-388326","post","type-post","status-publish","format-standard","has-post-thumbnail","category-tv","tag-elimina","tag-entertainment","tag-entretenimiento","tag-es","tag-espana","tag-mitad","tag-parrilla","tag-programas","tag-revoluciona","tag-revuelta","tag-rtve","tag-semana","tag-spain","tag-tv"],"share_on_mastodon":{"url":"https:\/\/pubeurope.com\/@es\/116042618855548831","error":""},"_links":{"self":[{"href":"https:\/\/www.europesays.com\/es\/wp-json\/wp\/v2\/posts\/388326","targetHints":{"allow":["GET"]}}],"collection":[{"href":"https:\/\/www.europesays.com\/es\/wp-json\/wp\/v2\/posts"}],"about":[{"href":"https:\/\/www.europesays.com\/es\/wp-json\/wp\/v2\/types\/post"}],"author":[{"embeddable":true,"href":"https:\/\/www.europesays.com\/es\/wp-json\/wp\/v2\/users\/2"}],"replies":[{"embeddable":true,"href":"https:\/\/www.europesays.com\/es\/wp-json\/wp\/v2\/comments?post=388326"}],"version-history":[{"count":0,"href":"https:\/\/www.europesays.com\/es\/wp-json\/wp\/v2\/posts\/388326\/revisions"}],"wp:featuredmedia":[{"embeddable":true,"href":"https:\/\/www.europesays.com\/es\/wp-json\/wp\/v2\/media\/388327"}],"wp:attachment":[{"href":"https:\/\/www.europesays.com\/es\/wp-json\/wp\/v2\/media?parent=388326"}],"wp:term":[{"taxonomy":"category","embeddable":true,"href":"https:\/\/www.europesays.com\/es\/wp-json\/wp\/v2\/categories?post=388326"},{"taxonomy":"post_tag","embeddable":true,"href":"https:\/\/www.europesays.com\/es\/wp-json\/wp\/v2\/tags?post=388326"}],"curies":[{"name":"wp","href":"https:\/\/api.w.org\/{rel}","templated":true}]}}