{"id":388331,"date":"2026-02-09T20:45:08","date_gmt":"2026-02-09T20:45:08","guid":{"rendered":"https:\/\/www.europesays.com\/es\/388331\/"},"modified":"2026-02-09T20:45:08","modified_gmt":"2026-02-09T20:45:08","slug":"el-villarreal-remodela-la-defensa-ante-un-espanyol-al-que-regresan-pere-milla-y-pol-lozano","status":"publish","type":"post","link":"https:\/\/www.europesays.com\/es\/388331\/","title":{"rendered":"El Villarreal remodela la defensa ante un Espanyol al que regresan Pere Milla y Pol Lozano"},"content":{"rendered":"<p class=\"mb-4 text-lg md:leading-8 break-words\">Villarreal (Castell\u00f3n), 9 feb (EFE).- El uruguayo Santiago Mouri\u00f1o, Pau Navarro y Sergi Cardona regresan a la l\u00ednea defensiva del Villarreal ante un Espanyol que contar\u00e1 de nuevo en su formaci\u00f3n inicial con Pere Milla y Pol Lozano.<\/p>\n<p class=\"mb-4 text-lg md:leading-8 break-words\">El entrenador del Villarreal, Marcelino Garc\u00eda Toral, ha formado su equipo inicial con Luiz J\u00fanior; Mouri\u00f1o, Pau Navarro, Renato Veiga, Cardona; P\u00e9p\u00e9, Parejo, Gueye, Moleiro, Gerard Moreno y Mikautadze<\/p>\n<p class=\"mb-4 text-lg md:leading-8 break-words\">El preparador del Espanyol, Manolo Gonz\u00e1lez, que tambi\u00e9n cambia a los laterales con respecto a la pasada jornada, apuesta para su equipo inicial por Dmitrovic; El Hilali, Calero, Cabrera, Salinas; Pere Milla, Urko, Pol Lozano, Dolan, Edu Exp\u00f3sito y Roberto.<\/p>\n<p class=\"mb-4 text-lg md:leading-8 break-words\">(c) Agencia EFE<\/p>\n","protected":false},"excerpt":{"rendered":"Villarreal (Castell\u00f3n), 9 feb (EFE).- El uruguayo Santiago Mouri\u00f1o, Pau Navarro y Sergi Cardona regresan a la l\u00ednea&hellip;\n","protected":false},"author":2,"featured_media":388332,"comment_status":"","ping_status":"","sticky":false,"template":"","format":"standard","meta":{"footnotes":""},"categories":[93],"tags":[168,995,25,24,16789,22501,65687,22502,49135,27902,84647,33711,84646,23,167,10560],"class_list":["post-388331","post","type-post","status-publish","format-standard","has-post-thumbnail","category-deportes","tag-deportes","tag-efe","tag-es","tag-espana","tag-espanyol","tag-gerard-moreno","tag-luiz-junior","tag-marcelino-garcia-toral","tag-pau-navarro","tag-pere-milla","tag-pol-lozano","tag-renato-veiga","tag-sergi-cardona","tag-spain","tag-sports","tag-villarreal"],"share_on_mastodon":{"url":"https:\/\/pubeurope.com\/@es\/116042630811053672","error":""},"_links":{"self":[{"href":"https:\/\/www.europesays.com\/es\/wp-json\/wp\/v2\/posts\/388331","targetHints":{"allow":["GET"]}}],"collection":[{"href":"https:\/\/www.europesays.com\/es\/wp-json\/wp\/v2\/posts"}],"about":[{"href":"https:\/\/www.europesays.com\/es\/wp-json\/wp\/v2\/types\/post"}],"author":[{"embeddable":true,"href":"https:\/\/www.europesays.com\/es\/wp-json\/wp\/v2\/users\/2"}],"replies":[{"embeddable":true,"href":"https:\/\/www.europesays.com\/es\/wp-json\/wp\/v2\/comments?post=388331"}],"version-history":[{"count":0,"href":"https:\/\/www.europesays.com\/es\/wp-json\/wp\/v2\/posts\/388331\/revisions"}],"wp:featuredmedia":[{"embeddable":true,"href":"https:\/\/www.europesays.com\/es\/wp-json\/wp\/v2\/media\/388332"}],"wp:attachment":[{"href":"https:\/\/www.europesays.com\/es\/wp-json\/wp\/v2\/media?parent=388331"}],"wp:term":[{"taxonomy":"category","embeddable":true,"href":"https:\/\/www.europesays.com\/es\/wp-json\/wp\/v2\/categories?post=388331"},{"taxonomy":"post_tag","embeddable":true,"href":"https:\/\/www.europesays.com\/es\/wp-json\/wp\/v2\/tags?post=388331"}],"curies":[{"name":"wp","href":"https:\/\/api.w.org\/{rel}","templated":true}]}}