{"id":388337,"date":"2026-02-09T20:49:13","date_gmt":"2026-02-09T20:49:13","guid":{"rendered":"https:\/\/www.europesays.com\/es\/388337\/"},"modified":"2026-02-09T20:49:13","modified_gmt":"2026-02-09T20:49:13","slug":"seguira-languideciendo-el-bitcoin-acelera-su-debacle-y-pierde-la-mitad-de-su-valor-en-tres-meses-cadena-ser","status":"publish","type":"post","link":"https:\/\/www.europesays.com\/es\/388337\/","title":{"rendered":"\u00abSeguir\u00e1 languideciendo\u00bb: el bitcoin acelera su debacle y pierde la mitad de su valor en tres meses | Cadena SER"},"content":{"rendered":"<p class=\"loc\">Madrid<\/p>\n<p>El bitcoin atraviesa <a href=\"https:\/\/cadenaser.com\/nacional\/2026\/02\/05\/el-bitcoin-pierde-casi-la-mitad-de-su-valor-en-solo-tres-meses-cadena-ser\/\" target=\"_blank\" rel=\"nofollow noopener\" title=\"https:\/\/cadenaser.com\/nacional\/2026\/02\/05\/el-bitcoin-pierde-casi-la-mitad-de-su-valor-en-solo-tres-meses-cadena-ser\/\">su peor momento en meses.<\/a> La criptomoneda ha registrado su mayor ca\u00edda semanal en los \u00faltimos tres a\u00f1os y acumula un desplome cercano al 45% desde los m\u00e1ximos alcanzados en octubre. <\/p>\n<p>En pleno entusiasmo por el impulso regulatorio y pol\u00edtico a favor del sector en Estados Unidos, el retroceso ha sorprendido a buena parte del mercado, que hasta hace pocos meses celebraba nuevos r\u00e9cords de precio y la entrada masiva de inversores. <\/p>\n<p>M\u00e1s informaci\u00f3n<\/p>\n<p>\u00abCada vez es m\u00e1s dif\u00edcil pensar en la recuperaci\u00f3n, especialmente porque resulta complicado justificarlo en un activo que no tiene una utilidad concreta\u00bb, explica el analista de Singular Bank, Nicol\u00e1s L\u00f3pez. <\/p>\n<p>La correcci\u00f3n se ha acelerado en las \u00faltimas semanas: el bitcoin ha perforado el nivel de los 70.000 d\u00f3lares y ha llegado a cotizar incluso por debajo de los 61.000, mientras otras criptomonedas y empresas del sector tambi\u00e9n sufren fuertes p\u00e9rdidas. Desde los m\u00e1ximos del pasado oto\u00f1o se han evaporado casi 1,7 billones de d\u00f3lares en valor del mercado cripto, una cifra cercana al tama\u00f1o del PIB espa\u00f1ol. <\/p>\n<p>M\u00e1s informaci\u00f3n<\/p>\n<p>\u00abCualquiera que invierta tiene que tener claros los riesgos que plantea. Por mucho que se quiera dar respaldo, su valor es impredecible. Salvo que se descubra alg\u00fan uso, va a ser un activo que va a ir languideciendo\u00bb, explica L\u00f3pez. <\/p>\n<p>El auge del oro como activo refugio, la creciente complejidad y especulaci\u00f3n en los productos financieros ligados a criptomonedas y el fortalecimiento del d\u00f3lar, que vuelve a atraer inversiones hacia activos considerados m\u00e1s seguros. <a href=\"https:\/\/cadenaser.com\/nacional\/2025\/02\/27\/terremoto-cripto-hackeos-desplomes-y-miles-de-millones-en-perdidas-cadena-ser\/\" target=\"_blank\" rel=\"nofollow noopener\" title=\"https:\/\/cadenaser.com\/nacional\/2025\/02\/27\/terremoto-cripto-hackeos-desplomes-y-miles-de-millones-en-perdidas-cadena-ser\/\">Todo ello se suma a los fraudes y esc\u00e1ndalos que han vuelto a sacudir al ecosistema<\/a> y que reavivan una pregunta ya conocida por los mercados: si este es otro ciclo m\u00e1s o el ajuste definitivo del negocio cripto.<\/p>\n","protected":false},"excerpt":{"rendered":"Madrid El bitcoin atraviesa su peor momento en meses. La criptomoneda ha registrado su mayor ca\u00edda semanal en&hellip;\n","protected":false},"author":2,"featured_media":388338,"comment_status":"","ping_status":"","sticky":false,"template":"","format":"standard","meta":{"footnotes":""},"categories":[80],"tags":[82,10622,95,94,25,24,62929,62930,23],"class_list":["post-388337","post","type-post","status-publish","format-standard","has-post-thumbnail","category-economia","tag-business","tag-close-up","tag-economia","tag-economy","tag-es","tag-espana","tag-investing","tag-investor","tag-spain"],"share_on_mastodon":{"url":"https:\/\/pubeurope.com\/@es\/116042646564559445","error":""},"_links":{"self":[{"href":"https:\/\/www.europesays.com\/es\/wp-json\/wp\/v2\/posts\/388337","targetHints":{"allow":["GET"]}}],"collection":[{"href":"https:\/\/www.europesays.com\/es\/wp-json\/wp\/v2\/posts"}],"about":[{"href":"https:\/\/www.europesays.com\/es\/wp-json\/wp\/v2\/types\/post"}],"author":[{"embeddable":true,"href":"https:\/\/www.europesays.com\/es\/wp-json\/wp\/v2\/users\/2"}],"replies":[{"embeddable":true,"href":"https:\/\/www.europesays.com\/es\/wp-json\/wp\/v2\/comments?post=388337"}],"version-history":[{"count":0,"href":"https:\/\/www.europesays.com\/es\/wp-json\/wp\/v2\/posts\/388337\/revisions"}],"wp:featuredmedia":[{"embeddable":true,"href":"https:\/\/www.europesays.com\/es\/wp-json\/wp\/v2\/media\/388338"}],"wp:attachment":[{"href":"https:\/\/www.europesays.com\/es\/wp-json\/wp\/v2\/media?parent=388337"}],"wp:term":[{"taxonomy":"category","embeddable":true,"href":"https:\/\/www.europesays.com\/es\/wp-json\/wp\/v2\/categories?post=388337"},{"taxonomy":"post_tag","embeddable":true,"href":"https:\/\/www.europesays.com\/es\/wp-json\/wp\/v2\/tags?post=388337"}],"curies":[{"name":"wp","href":"https:\/\/api.w.org\/{rel}","templated":true}]}}