{"id":388374,"date":"2026-02-09T21:15:08","date_gmt":"2026-02-09T21:15:08","guid":{"rendered":"https:\/\/www.europesays.com\/es\/388374\/"},"modified":"2026-02-09T21:15:08","modified_gmt":"2026-02-09T21:15:08","slug":"el-gobierno-reactiva-un-observatorio-para-combatir-el-aumento-de-las-bajas-laborales-economia","status":"publish","type":"post","link":"https:\/\/www.europesays.com\/es\/388374\/","title":{"rendered":"El Gobierno reactiva un observatorio para combatir el aumento de las bajas laborales | Econom\u00eda"},"content":{"rendered":"<p class=\"\">El Ejecutivo ha retomado este lunes con los sindicatos CC OO y UGT y las patronales CEOE-Cepyme las negociaciones para introducir cambios en la gesti\u00f3n de las bajas por incapacidad temporal, ante <a href=\"https:\/\/elpais.com\/economia\/2026-02-05\/quien-esta-mas-de-baja-laboral-la-incapacidad-temporal-por-edad-y-comunidad-autonoma.html\" target=\"_self\" rel=\"nofollow noopener\" title=\"https:\/\/elpais.com\/economia\/2026-02-05\/quien-esta-mas-de-baja-laboral-la-incapacidad-temporal-por-edad-y-comunidad-autonoma.html\">el creciente problema de las ausencias al trabajo.<\/a> Tras la reuni\u00f3n, el secretario de Estado de Seguridad Social, Borja Su\u00e1rez, ha anunciado la creaci\u00f3n \u201cinminente\u201d de un Observatorio de la Incapacidad Temporal, en el que estar\u00e1n presentes, adem\u00e1s de este departamento, el Ministerio de Sanidad y los interlocutores sociales. <\/p>\n<p class=\"\">El observatorio, para cuyo arranque no hay fecha concreta, no es ninguna novedad. As\u00ed lo ha recordado la responsable de Relaciones Laborales de CEOE y representante de la patronal en la negociaci\u00f3n, Rosa Santos, quien ha recordado que la creaci\u00f3n del \u00f3rgano de an\u00e1lisis ya se incluy\u00f3 en el Real Decreto sobre medidas de Seguridad Social <a href=\"https:\/\/www.boe.es\/buscar\/doc.php?id=BOE-A-2024-26917\" target=\"_self\" rel=\"nofollow noopener\" title=\"https:\/\/www.boe.es\/buscar\/doc.php?id=BOE-A-2024-26917\">publicado en el BOE el 24 de diciembre de 2024<\/a>, pactado por el Gobierno y los agentes sociales.<\/p>\n<p class=\"\">El texto ya instaba hace m\u00e1s de un a\u00f1o al Gobierno a que \u201cen el plazo de 3 meses\u201d, creara una comisi\u00f3n de seguimiento estatal \u2014que es como se llam\u00f3 entonces lo que este lunes se ha denominado \u201cobservatorio\u201d\u2014 para el an\u00e1lisis de la incapacidad temporal por contingencias comunes. Dicho an\u00e1lisis se deb\u00eda llevar a cabo \u201cincluyendo el seguimiento de las causas, la incidencia y duraci\u00f3n de los procesos; procedi\u00e9ndose a estudiar el impacto que la respuesta del Sistema Nacional de Salud, en cada uno de los \u00e1mbitos, tiene en los procesos de incapacidad temporal\u201d. Adem\u00e1s, el texto legal ped\u00eda que la comisi\u00f3n estableciera \u201cl\u00edneas de actuaci\u00f3n dirigidas a proteger la salud de las personas trabajadoras y as\u00ed reducir el n\u00famero de procesos y su duraci\u00f3n, incluido el seguimiento y evaluaci\u00f3n de dichas actuaciones\u201d.<\/p>\n<p class=\"\">El observatorio de la incapacidad temporal anunciado este lunes, que \u201ctendr\u00e1 vocaci\u00f3n de permanencia\u201d, seg\u00fan Su\u00e1rez, tendr\u00e1 las mismas funciones: analizar de forma sistem\u00e1tica la IT en Espa\u00f1a; mejorar la eficacia, equidad y calidad de sugesti\u00f3n; detectar tendencias, riesgos y buenas pr\u00e1cticas, y apoyar el dise\u00f1o de pol\u00edticas p\u00fablicas basadas en la evidencia, seg\u00fan ha detallado el ministerio.<\/p>\n<p class=\"\">Suarez ha recordado este lunes que en el observatorio estar\u00e1n presentes la Seguridad Social, el ministerio de Sanidad y los interlocutores sociales. No asistir\u00e1n, sin embargo, las comunidades aut\u00f3nomas, a pesar de ser las responsables directas de los servicios de salud de atenci\u00f3n primaria, as\u00ed como de los especialistas, cuyos facultativos son los encargados del proceso de bajas laborales por contingencias comunes al completo.<\/p>\n<p class=\"\">De hecho, la importancia de los responsables auton\u00f3micos sanitarios es tal que otra medida, acordada tambi\u00e9n en diciembre de 2024, fue la creaci\u00f3n de convenios entre el Instituto Nacional de la Seguridad Social y las comunidades aut\u00f3nomas. Estos deb\u00edan materializar un acuerdo al que hab\u00edan llegado un a\u00f1o antes la patronal y los sindicatos para que, siempre con el consentimiento de m\u00e9dico y trabajador, se pudieran derivar las pruebas diagn\u00f3sticas en las bajas de origen musculoesquel\u00e9tico a las mutuas colaboradoras con la Seguridad Social. <\/p>\n<p class=\"\">El real decreto de diciembre de 2024 tambi\u00e9n preve\u00eda que la comisi\u00f3n estatal de seguimiento realizara \u201cla vigilancia y el control de la ejecuci\u00f3n de los convenios de los servicios p\u00fablicos de salud con las mutuas, as\u00ed como para evaluar el funcionamiento operativo de los mismos, estudiar y proponer la adopci\u00f3n de medidas necesarias para mejorar su efectividad e impulsar su aplicaci\u00f3n\u201d. <\/p>\n<p class=\"\">Pero una de las primeras cosas que podr\u00e1 constatar el futuro observatorio, de constituirse pronto, ser\u00e1 precisamente el escaso desarrollo que han tenido estos convenios. De momento, solo tres comunidades (Catalu\u00f1a, Asturias y Baleares), adem\u00e1s de Ceuta y Melilla, han ratificado estos acuerdos. Su\u00e1rez ha explicado que la lentitud en la firma de los convenios entre la Administraci\u00f3n central y las autonom\u00edas se debe a \u201clos muchos actores\u201d que influyen en estos procesos. Por ello ha asegurado que, en el encuentro de este lunes, han acordado que los empresarios y los sindicatos, \u201ccada uno dentro de su nivel de interlocuci\u00f3n\u201d, refuercen las negociaciones para que estos pactos se firmen. <\/p>\n<p>Reuni\u00f3n el lunes pr\u00f3ximo<\/p>\n<p class=\"\">El Gobierno tambi\u00e9n se ha comprometido a reenviar en los pr\u00f3ximos d\u00edas las propuestas sobre agilizaci\u00f3n de la gesti\u00f3n de las bajas por incapacidad temporal que ya traslad\u00f3 a los empresarios y sindicatos en la \u00faltima reuni\u00f3n mantenida el 13 de octubre. Las partes han acordado volver a reunirse el pr\u00f3ximo lunes aunque no se esperan grandes modificaciones en el nuevo texto que, seg\u00fan el secretario de Estado de Seguridad Social, tendr\u00e1 alguna correcci\u00f3n solo de redacci\u00f3n, pero no de contenido. Entre las medidas que abordar\u00e1n la pr\u00f3xima semana estar\u00e1n, previsiblemente, el dise\u00f1o de <a href=\"https:\/\/elpais.com\/economia\/2024-10-03\/el-gobierno-propone-crear-una-nueva-baja-laboral-flexible-que-permita-trabajar-de-forma-voluntaria.html\" target=\"_self\" rel=\"nofollow noopener\" title=\"https:\/\/elpais.com\/economia\/2024-10-03\/el-gobierno-propone-crear-una-nueva-baja-laboral-flexible-que-permita-trabajar-de-forma-voluntaria.html\">la reincorporaci\u00f3n progresiva de las bajas, que result\u00f3 muy pol\u00e9mica <\/a>al ser anunciada bajo un concepto de bajas flexibles por parte de la ministra de Seguridad Social, Elma Saiz.<\/p>\n<p class=\"\">En general, entre el resto de medidas que plantear\u00e1 el ministerio, habr\u00e1 algunas que tendr\u00e1n car\u00e1cter reglamentario y que, por tanto, el Gobierno podr\u00e1 aprobar sin pasar por el Congreso. Es el caso de la regulaci\u00f3n para constituir una nueva Unidad Central de Evaluaci\u00f3n de Incapacidades, que incluir\u00e1 a los equipos de valoraci\u00f3n de incapacidades que se determinen. Este organismo, que depender\u00e1 del Instituto Nacional de la Seguridad Social gestionar\u00e1 los procesos de bajas laborales que, generalmente por durar m\u00e1s de un a\u00f1o, pasan a ser gestionados por este organismo.<\/p>\n","protected":false},"excerpt":{"rendered":"El Ejecutivo ha retomado este lunes con los sindicatos CC OO y UGT y las patronales CEOE-Cepyme las&hellip;\n","protected":false},"author":2,"featured_media":388375,"comment_status":"","ping_status":"","sticky":false,"template":"","format":"standard","meta":{"footnotes":""},"categories":[5],"tags":[11797,17,18,7101,37020,95,25,24,13,14,11,19,20,7100,44221,9,10,15,16,24627,166,4474,11755,23,12,2752,21,22],"class_list":["post-388374","post","type-post","status-publish","format-standard","has-post-thumbnail","category-titulares","tag-bajas-laborales","tag-breaking-news","tag-breakingnews","tag-condiciones-trabajo","tag-dialogo-social","tag-economia","tag-es","tag-espana","tag-featured-news","tag-featurednews","tag-headlines","tag-latest-news","tag-latestnews","tag-mercado-laboral","tag-mutualidades","tag-news","tag-noticias","tag-noticias-destacadas","tag-noticiasdestacadas","tag-proteccion-social","tag-salud","tag-salud-mental","tag-seguridad-social","tag-spain","tag-titulares","tag-trabajo","tag-ultimas-noticias","tag-ultimasnoticias"],"share_on_mastodon":{"url":"https:\/\/pubeurope.com\/@es\/116042748623555640","error":""},"_links":{"self":[{"href":"https:\/\/www.europesays.com\/es\/wp-json\/wp\/v2\/posts\/388374","targetHints":{"allow":["GET"]}}],"collection":[{"href":"https:\/\/www.europesays.com\/es\/wp-json\/wp\/v2\/posts"}],"about":[{"href":"https:\/\/www.europesays.com\/es\/wp-json\/wp\/v2\/types\/post"}],"author":[{"embeddable":true,"href":"https:\/\/www.europesays.com\/es\/wp-json\/wp\/v2\/users\/2"}],"replies":[{"embeddable":true,"href":"https:\/\/www.europesays.com\/es\/wp-json\/wp\/v2\/comments?post=388374"}],"version-history":[{"count":0,"href":"https:\/\/www.europesays.com\/es\/wp-json\/wp\/v2\/posts\/388374\/revisions"}],"wp:featuredmedia":[{"embeddable":true,"href":"https:\/\/www.europesays.com\/es\/wp-json\/wp\/v2\/media\/388375"}],"wp:attachment":[{"href":"https:\/\/www.europesays.com\/es\/wp-json\/wp\/v2\/media?parent=388374"}],"wp:term":[{"taxonomy":"category","embeddable":true,"href":"https:\/\/www.europesays.com\/es\/wp-json\/wp\/v2\/categories?post=388374"},{"taxonomy":"post_tag","embeddable":true,"href":"https:\/\/www.europesays.com\/es\/wp-json\/wp\/v2\/tags?post=388374"}],"curies":[{"name":"wp","href":"https:\/\/api.w.org\/{rel}","templated":true}]}}