{"id":388621,"date":"2026-02-10T00:18:09","date_gmt":"2026-02-10T00:18:09","guid":{"rendered":"https:\/\/www.europesays.com\/es\/388621\/"},"modified":"2026-02-10T00:18:09","modified_gmt":"2026-02-10T00:18:09","slug":"abascal-advierte-a-feijoo-de-que-el-pp-ha-sacado-en-aragon-menos-del-doble-de-diputados-que-vox-espana","status":"publish","type":"post","link":"https:\/\/www.europesays.com\/es\/388621\/","title":{"rendered":"Abascal advierte a Feij\u00f3o de que el PP ha sacado en Arag\u00f3n menos del doble de diputados que Vox | Espa\u00f1a"},"content":{"rendered":"<p class=\"\">El l\u00edder de Vox, Santiago Abascal, ha respondido al presidente del PP, Alberto N\u00fa\u00f1ez Feij\u00f3o, quien<a href=\"https:\/\/elpais.com\/espana\/2026-02-09\/feijoo-vox-no-puede-convertirse-en-un-muro-porque-yo-no-soy-sanchez.html\" target=\"_self\" rel=\"nofollow noopener\" title=\"https:\/\/elpais.com\/espana\/2026-02-09\/feijoo-vox-no-puede-convertirse-en-un-muro-porque-yo-no-soy-sanchez.html\"> este lunes le hab\u00eda pedido que no sea \u201cun muro\u201d que impida a los populares gobernar en las comunidades aut\u00f3nomas<\/a> donde dependen del apoyo de los ultras, record\u00e1ndole que su partido <a href=\"https:\/\/elpais.com\/espana\/elecciones-aragon\/2026-02-08\/un-vox-euforico-por-su-ascenso-se-prepara-para-elevar-sus-exigencias-al-pp.html\" target=\"_self\" rel=\"nofollow noopener\" title=\"https:\/\/elpais.com\/espana\/elecciones-aragon\/2026-02-08\/un-vox-euforico-por-su-ascenso-se-prepara-para-elevar-sus-exigencias-al-pp.html\">\u201cha obtenido [en Arag\u00f3n] 26 esca\u00f1os, algunos menos de los que ten\u00eda, y Vox el doble de los que ten\u00eda\u201d.<\/a> \u201cEs decir\u201d, ha subrayado en declaraciones a los periodistas en \u00c1vila, \u201cel PP no tiene ni siquiera el doble de representaci\u00f3n de Vox\u201d. <\/p>\n<p class=\"\">Con estas palabras, Abascal ha querido poner sobre la mesa el peso de Vox a la hora de afrontar una eventual negociaci\u00f3n con el PP cuyo resultado, seg\u00fan siempre ha mantenido, debe ser proporcional al respaldo obtenido por cada socio en las urnas a la hora de repartirse el poder. En t\u00e9rminos de correlaci\u00f3n de fuerzas, el grupo ultra no llega al 40% de los diputados que tiene el PP en Extremadura, pero en Arag\u00f3n representa m\u00e1s de la mitad.<\/p>\n<p class=\"\">Abascal no ha descartado exigir la entrada de su partido en ambos gobiernos auton\u00f3micos, pero tampoco lo ha puesto como condici\u00f3n irrenunciable. S\u00ed ha dicho que cualquiera que sea la f\u00f3rmula de un hipot\u00e9tico acuerdo, sea el apoyo a la investidura o la entrada en un gobierno de coalici\u00f3n, exige tener antes \u201cla seguridad de que va a haber un cambio de rumbo pol\u00edtico\u201d. \u201cEn Extremadura, no la tenemos\u201d, ha advertido, aludiendo a la falta de acuerdo para reelegir como presidenta a la popular Mar\u00eda Guardiola m\u00e1s de mes y medio despu\u00e9s de las elecciones.<\/p>\n<p class=\"\">En el posterior mitin, Abascal ha reprochado a Guardiola que agradeciera a Pedro S\u00e1nchez su llamada tras las recientes inundaciones en su comunidad aut\u00f3noma. \u201cA S\u00e1nchez no se le puede agradecer nada, es el capo de una mafia corrupta, traidora y enemiga del pueblo espa\u00f1ol\u201d, ha sentenciado. \u201cEsta se\u00f1ora cree que puede insultar a Vox y a la vez exigirle una investidura. Pues no. Como le das las gracias a Pedro S\u00e1nchez y compartes todas las ideas del progrer\u00edo, llega a un acuerdo con el Partido Socialista\u201d, ha a\u00f1adido. <\/p>\n<p class=\"\">Preguntado por las palabras de Feij\u00f3o, quien esta ma\u00f1ana dijo ante la plana mayor de su partido que \u201cVox no puede convertirse en un muro\u201d, porque \u00e9l no es Pedro S\u00e1nchez, y pidi\u00f3 a Abascal \u201cresponsabilidad para no frustrar a la gente\u201d, y respeto a la fuerza m\u00e1s votada \u2013es decir, a los populares\u2013, ha contestado que el l\u00edder del PP \u201csiempre dice palabras dif\u00edciles de comprender\u201d, pero que \u201clas cosas son muy sencillas\u201d: el PP ha perdido esca\u00f1os en Arag\u00f3n y su partido los ha duplicado. Seg\u00fan Abascal, el presidente aragon\u00e9s. Jorge Azc\u00f3n, del PP, tiene dos opciones: puede contar con Vox, \u201csi quiere un cambio de rumbo real\u201d; o puede hacerlo con el PSOE, \u201csi quiere mantener las pol\u00edticas que ha acordado con el Partido Socialista en Bruselas\u201d. La pelota, por tanto, est\u00e1 en su tejado.<\/p>\n<p class=\"\">Antes de abordar la pol\u00edtica de pactos, Abascal ha culpado al Gobierno de las inundaciones que padece Andaluc\u00eda como consecuencia del tren de borrascas sin precedentes que est\u00e1 barriendo parte de la Pen\u00ednsula desde principios de a\u00f1o. Seg\u00fan el l\u00edder de Vox, \u201cla Espa\u00f1a de Pedro S\u00e1nchez ha destruido muchas infraestructuras hidr\u00e1ulicas y ha impedido la construcci\u00f3n de otras, ha destruido la alta velocidad, la seguridad energ\u00e9tica y la atenci\u00f3n sanitaria\u201d; por lo que ha dicho temer que \u201cel colapso de la mafia corrupta [como denomina al Gobierno] est\u00e9 suponiendo tambi\u00e9n el colapso de las instituciones\u201d. Frente a esta situaci\u00f3n, ha a\u00f1adido, el PP \u201cse obceca\u201d en convocar elecciones para deshacerse de Vox, como ha hecho en Extremadura y Arag\u00f3n, en vez de romper \u201cromper cualquier tipo de di\u00e1logo, componenda o reuni\u00f3n\u201d con el Gobierno, ni siquiera la institucional. <\/p>\n<p class=\"\">Abascal ha hecho estas declaraciones antes de participar en la presentaci\u00f3n de los cabezas de lista de Vox para las elecciones de Castilla y Le\u00f3n del pr\u00f3ximo 15 de marzo \u2015siete hombres y dos mujeres\u2015; en las que espera continuar su senda de crecimiento, aunque sus expectativas sean m\u00e1s modestas, ya que parte del 17,6% que obtuvo en 2022, frente al 11,2% de las anteriores elecciones en Arag\u00f3n.<\/p>\n<p class=\"\">Como candidato a la presidencia de Castilla y Le\u00f3n, Abascal ha elegido al hasta ahora presidente de las Cortes regionales <a href=\"https:\/\/elpais.com\/espana\/elecciones-castilla-y-leon\/2026-02-09\/abascal-elige-al-presidente-de-las-cortes-carlos-pollan-como-candidato-de-vox-en-castilla-y-leon.html\" target=\"_blank\" rel=\"nofollow noopener\" title=\"https:\/\/elpais.com\/espana\/elecciones-castilla-y-leon\/2026-02-09\/abascal-elige-al-presidente-de-las-cortes-carlos-pollan-como-candidato-de-vox-en-castilla-y-leon.html\">Carlos Poll\u00e1n,<\/a> quien ha presumido de haber recortado en 1,5 millones las asignaciones a los grupos de la c\u00e1mara regional y en un 80% los 800.000 euros de publicidad institucional de la C\u00e1mara. \u201cVamos a luchar contra el despilfarro pol\u00edtico innecesario\u201d, ha prometido. Abascal, por su parte, ha asegurado que Castilla y Le\u00f3n crece de infraestructuras \u201cporque se las han llevado a Catalu\u00f1a y el Pa\u00eds Vasco\u201d, por la presi\u00f3n de los nacionalistas y ha cargado contra la presidenta extreme\u00f1a, Mar\u00eda Guardiola, a quien ha reprochado que agradeciera a Pedro S\u00e1nchez su llamada tras las recientes inundaciones. <\/p>\n","protected":false},"excerpt":{"rendered":"El l\u00edder de Vox, Santiago Abascal, ha respondido al presidente del PP, Alberto N\u00fa\u00f1ez Feij\u00f3o, quien este lunes&hellip;\n","protected":false},"author":2,"featured_media":388622,"comment_status":"","ping_status":"","sticky":false,"template":"","format":"standard","meta":{"footnotes":""},"categories":[8],"tags":[6069,4499,17,18,3590,25,24,13,14,11,19,20,9,10,15,16,956,6914,23,12,21,22,4247],"class_list":{"0":"post-388621","1":"post","2":"type-post","3":"status-publish","4":"format-standard","5":"has-post-thumbnail","7":"category-espana","8":"tag-alberto-nunez-feijoo","9":"tag-aragon","10":"tag-breaking-news","11":"tag-breakingnews","12":"tag-castilla-y-leon","13":"tag-es","14":"tag-espana","15":"tag-featured-news","16":"tag-featurednews","17":"tag-headlines","18":"tag-latest-news","19":"tag-latestnews","20":"tag-news","21":"tag-noticias","22":"tag-noticias-destacadas","23":"tag-noticiasdestacadas","24":"tag-pp","25":"tag-santiago-abascal","26":"tag-spain","27":"tag-titulares","28":"tag-ultimas-noticias","29":"tag-ultimasnoticias","30":"tag-ultraderecha"},"share_on_mastodon":{"url":"https:\/\/pubeurope.com\/@es\/116043468195522903","error":""},"_links":{"self":[{"href":"https:\/\/www.europesays.com\/es\/wp-json\/wp\/v2\/posts\/388621","targetHints":{"allow":["GET"]}}],"collection":[{"href":"https:\/\/www.europesays.com\/es\/wp-json\/wp\/v2\/posts"}],"about":[{"href":"https:\/\/www.europesays.com\/es\/wp-json\/wp\/v2\/types\/post"}],"author":[{"embeddable":true,"href":"https:\/\/www.europesays.com\/es\/wp-json\/wp\/v2\/users\/2"}],"replies":[{"embeddable":true,"href":"https:\/\/www.europesays.com\/es\/wp-json\/wp\/v2\/comments?post=388621"}],"version-history":[{"count":0,"href":"https:\/\/www.europesays.com\/es\/wp-json\/wp\/v2\/posts\/388621\/revisions"}],"wp:featuredmedia":[{"embeddable":true,"href":"https:\/\/www.europesays.com\/es\/wp-json\/wp\/v2\/media\/388622"}],"wp:attachment":[{"href":"https:\/\/www.europesays.com\/es\/wp-json\/wp\/v2\/media?parent=388621"}],"wp:term":[{"taxonomy":"category","embeddable":true,"href":"https:\/\/www.europesays.com\/es\/wp-json\/wp\/v2\/categories?post=388621"},{"taxonomy":"post_tag","embeddable":true,"href":"https:\/\/www.europesays.com\/es\/wp-json\/wp\/v2\/tags?post=388621"}],"curies":[{"name":"wp","href":"https:\/\/api.w.org\/{rel}","templated":true}]}}