{"id":388655,"date":"2026-02-10T00:42:13","date_gmt":"2026-02-10T00:42:13","guid":{"rendered":"https:\/\/www.europesays.com\/es\/388655\/"},"modified":"2026-02-10T00:42:13","modified_gmt":"2026-02-10T00:42:13","slug":"maria-chivite-dice-que-resultados-del-psoe-en-aragon-han-sido-malos-pero-que-el-escenario-de-navarra-es-diferente","status":"publish","type":"post","link":"https:\/\/www.europesays.com\/es\/388655\/","title":{"rendered":"Mar\u00eda Chivite dice que resultados del PSOE en Arag\u00f3n \u00abhan sido malos\u00bb pero que \u00abel escenario de Navarra es diferente\u00bb"},"content":{"rendered":"<p class=\"paragraph\">La secretaria general PSN y presidenta del Gobierno de Navarra, Mar\u00eda Chivite, ha afirmado este lunes que \u00ab<a href=\"https:\/\/www.heraldo.es\/noticias\/aragon\/2026\/02\/08\/jorge-azcon-gana-elecciones-aragon-sufre-reves-acrecienta-dependencia-vox-1892460.html\" title=\"Jorge Azc\u00f3n gana las elecciones en Arag\u00f3n, pero sufre un rev\u00e9s y acrecienta su dependencia de Vox\" rel=\"nofollow noopener\" target=\"_blank\">los resultados del Partido Socialista en las elecciones de Arag\u00f3n han sido malos\u00bb<\/a>, si bien \u00abel escenario\u00bb de la Comunidad foral \u00abes diferente\u00bb porque \u00abestamos en una posici\u00f3n de Gobierno, de Gobierno de coalici\u00f3n, y a diferencia del Gobierno de Arag\u00f3n, aqu\u00ed lo que estamos demostrando es que hay estabilidad\u00bb.<\/p>\n<p class=\"paragraph\">\u00abNo hay que llamarse a enga\u00f1o. Los resultados del Partido Socialista en las elecciones de Arag\u00f3n han sido malos, y <a href=\"https:\/\/www.heraldo.es\/noticias\/aragon\/2026\/02\/08\/declaraciones-pilar-alegria-psoe-resultados-elecciones-aragon-2026-1892485.html\" title=\"Pilar Alegr\u00eda, tras perder cinco esca\u00f1os en las elecciones en Arag\u00f3n: &quot;Vamos a trabajar para dar la vuelta a los resultados de esta noche&quot;\" rel=\"nofollow noopener\" target=\"_blank\">as\u00ed fueron reconocidos ayer por Pilar Alegr\u00eda<\/a> -la candidata socialista-, a pesar de que yo sinceramente vi que hizo una buena campa\u00f1a, una campa\u00f1a muy de cercan\u00eda. Pero, efectivamente, ahora lo que le toca es estar en una posici\u00f3n de oposici\u00f3n y hacer una buena labor\u00bb, ha subrayado.<\/p>\n<p class=\"paragraph\">En respuesta a los medios de comunicaci\u00f3n, Chivite ha a\u00f1adido que anoche se comunic\u00f3 con Alegr\u00eda, a quien traslad\u00f3 un mensaje de \u00abfortaleza y prudencia para manejar esta situaci\u00f3n\u00bb, en \u00abestos tiempos complicados que nos toca vivir\u00bb.<\/p>\n<p class=\"paragraph\">Por otro lado, ha criticado \u00abla instrumentalizaci\u00f3n pol\u00edtica que ha hecho el Partido Popular del Gobierno de Arag\u00f3n\u00bb. \u00abConvoca unas elecciones para tener mejores resultados y no depender de Vox, y lo que ha pasado es exactamente lo contrario: ha perdido esca\u00f1os y la dependencia de Vox va a ser todav\u00eda mayor\u00bb, ha apuntado.<\/p>\n<p class=\"paragraph\">Seg\u00fan Chivite, \u00ablo que vamos viendo de los gobiernos del Partido Popular en coalici\u00f3n con Vox es la inestabilidad absoluta\u00bb. \u00abY esto lo va a sufrir la ciudadan\u00eda aragonesa\u00bb, ha advertido, tras a\u00f1adir que \u00aben este escenario de polarizaci\u00f3n, de ruido, quien gana es la ultraderecha, y a los hechos me remito\u00bb.<\/p>\n<p class=\"paragraph\">Adem\u00e1s, ha subrayado que \u00ablos partidos de derechas regionalistas desaparecen del mapa\u00bb. Esto, ha continuado, \u00ablo hemos visto en Cantabria, lo hemos visto en otras regiones\u00bb, y ayer domingo \u00ablo pudimos ver tambi\u00e9n en Arag\u00f3n\u00bb. \u00abLo digo para que todos hagamos una lectura de esos resultados electorales\u00bb, ha comentado.<\/p>\n<p class=\"paragraph\">Preguntada sobre si los resultados de Arag\u00f3n han provocado alg\u00fan replanteamiento por parte del Partido Socialista de cara a las elecciones en Navarra, Chivite ha respondido que \u00ab<b>yo tengo claro que el escenario de Navarra es diferente\u00bb.<\/b> Sobre todo, ha continuado, \u00abporque aqu\u00ed estamos en una posici\u00f3n de Gobierno, de Gobierno de coalici\u00f3n, y a diferencia del Gobierno de Arag\u00f3n, aqu\u00ed lo que estamos demostrando es que hay estabilidad, que salen presupuestos, que salen iniciativas legislativas y que seguimos adelante\u00bb.<\/p>\n<p class=\"paragraph\">\u00abHay cosas que debemos mejorar, pol\u00edticas que debemos seguir implementando, pero creo que no se pueden comparar los escenarios, sobre todo en lo que tiene que ver con la estabilidad\u00bb, ha manifestado.<\/p>\n","protected":false},"excerpt":{"rendered":"La secretaria general PSN y presidenta del Gobierno de Navarra, Mar\u00eda Chivite, ha afirmado este lunes que \u00ablos&hellip;\n","protected":false},"author":2,"featured_media":388656,"comment_status":"","ping_status":"","sticky":false,"template":"","format":"standard","meta":{"footnotes":""},"categories":[5],"tags":[17,18,52559,20557,25,5605,24,13,14,11,19,20,708,9,10,15,16,885,23,12,21,22],"class_list":["post-388655","post","type-post","status-publish","format-standard","has-post-thumbnail","category-titulares","tag-breaking-news","tag-breakingnews","tag-chivite","tag-diferente","tag-es","tag-escenario","tag-espana","tag-featured-news","tag-featurednews","tag-headlines","tag-latest-news","tag-latestnews","tag-navarra","tag-news","tag-noticias","tag-noticias-destacadas","tag-noticiasdestacadas","tag-resultados","tag-spain","tag-titulares","tag-ultimas-noticias","tag-ultimasnoticias"],"share_on_mastodon":{"url":"https:\/\/pubeurope.com\/@es\/116043562571344017","error":""},"_links":{"self":[{"href":"https:\/\/www.europesays.com\/es\/wp-json\/wp\/v2\/posts\/388655","targetHints":{"allow":["GET"]}}],"collection":[{"href":"https:\/\/www.europesays.com\/es\/wp-json\/wp\/v2\/posts"}],"about":[{"href":"https:\/\/www.europesays.com\/es\/wp-json\/wp\/v2\/types\/post"}],"author":[{"embeddable":true,"href":"https:\/\/www.europesays.com\/es\/wp-json\/wp\/v2\/users\/2"}],"replies":[{"embeddable":true,"href":"https:\/\/www.europesays.com\/es\/wp-json\/wp\/v2\/comments?post=388655"}],"version-history":[{"count":0,"href":"https:\/\/www.europesays.com\/es\/wp-json\/wp\/v2\/posts\/388655\/revisions"}],"wp:featuredmedia":[{"embeddable":true,"href":"https:\/\/www.europesays.com\/es\/wp-json\/wp\/v2\/media\/388656"}],"wp:attachment":[{"href":"https:\/\/www.europesays.com\/es\/wp-json\/wp\/v2\/media?parent=388655"}],"wp:term":[{"taxonomy":"category","embeddable":true,"href":"https:\/\/www.europesays.com\/es\/wp-json\/wp\/v2\/categories?post=388655"},{"taxonomy":"post_tag","embeddable":true,"href":"https:\/\/www.europesays.com\/es\/wp-json\/wp\/v2\/tags?post=388655"}],"curies":[{"name":"wp","href":"https:\/\/api.w.org\/{rel}","templated":true}]}}