{"id":388966,"date":"2026-02-10T04:50:08","date_gmt":"2026-02-10T04:50:08","guid":{"rendered":"https:\/\/www.europesays.com\/es\/388966\/"},"modified":"2026-02-10T04:50:08","modified_gmt":"2026-02-10T04:50:08","slug":"duolingo-registra-un-aumento-de-alumnos-de-espanol-del-35-tras-la-actuacion-de-bad-bunny-en-la-super-bowl","status":"publish","type":"post","link":"https:\/\/www.europesays.com\/es\/388966\/","title":{"rendered":"Duolingo registra un aumento de alumnos de espa\u00f1ol del 35% tras la actuaci\u00f3n de Bad Bunny en la Super Bowl"},"content":{"rendered":"<p style=\"\">Fervor por <a href=\"https:\/\/www.abc.es\/cultura\/musica\/bad-bunny-desata-frenesi-aprender-espanol-estados-20260205163843-nt.html\" title=\"www.abc.es\" data-voc-vtm-id=\"in-text-traffic\" data-mrf-link=\"www.abc.es\" rel=\"nofollow noopener\" target=\"_blank\">el espa\u00f1ol<\/a>. La plataforma para aprender idiomas Duolingo registr\u00f3 anoche <strong>un incremento del 35%<\/strong> de sus estudiantes de espa\u00f1ol coincidiendo con la actuaci\u00f3n de Bad Bunny en el descanso de la final de la Super Bowl, que tuvo lugar este domingo  &#8230; en el Levi&#8217;s Stadium en Santa Clara, California.<\/p>\n<p class=\"voc-p\" style=\"\">Autodefinida as\u00ed misma como la forma m\u00e1s popular del mundo para aprender idiomas, esta entidad ha publicado <a href=\"https:\/\/x.com\/duolingo\/status\/2020905398564540592\" title=\"x.com\" data-voc-vtm-id=\"in-text-traffic\" data-mrf-link=\"x.com\" rel=\"nofollow\">en sus redes sociales<\/a> un gr\u00e1fico en el que puede verse como de manera estable se mantiene durante varias horas el alta de estudiantes de espa\u00f1ol y como aumenta de forma considerable tras el espect\u00e1culo del puertorrique\u00f1o.<\/p>\n<p class=\"voc-p\" style=\"\">Despu\u00e9s de convertirse en el primer ganador del <a href=\"https:\/\/www.abc.es\/cultura\/musica\/bad-bunny-irrita-trump-grammy-queda-super-20260202191803-nt.html\" title=\"www.abc.es\" data-voc-vtm-id=\"in-text-traffic\" data-mrf-link=\"www.abc.es\" rel=\"nofollow noopener\" target=\"_blank\">Grammy a mejor \u00e1lbum del a\u00f1o<\/a> con un disco \u00edntegramente en espa\u00f1ol, Bad Bunny hizo historia siendo tambi\u00e9n el primer solista latino de habla hispana en encabezar el descanso de la final de la Super Bowl.<\/p>\n<p class=\"voc-p\" style=\"\">Durante su actuaci\u00f3n interpret\u00f3 diferentes canciones de su discograf\u00eda, todas en espa\u00f1ol, lanzando adem\u00e1s un mensaje reivindicativo en defensa de todos los pa\u00edses que conforman Am\u00e9rica en un momento de m\u00e1xima tensi\u00f3n en Estados Unidos por la pol\u00edtica migratoria de Donald Trump y <a href=\"https:\/\/www.abc.es\/cultura\/musica\/liam-ramos-menor-detenido-ice-espontaneo-nino-20260209102953-nt.html\" title=\"www.abc.es\" data-voc-vtm-id=\"in-text-traffic\" data-mrf-link=\"www.abc.es\" rel=\"nofollow noopener\" target=\"_blank\">las actuaciones del ICE.<\/a><\/p>\n<p class=\"voc-p\" style=\"\">Superando los 140 millones de espectadores, el artista no dej\u00f3 a nadie indiferente, ni siquiera al presidente de EE.UU., que no dud\u00f3 en pronunciarse, criticando la actuaci\u00f3n \u00abcomo una de las peores de la historia\u00bb. \u00ab<strong>Nadie entiende una palabra <\/strong>de lo que dice este tipo\u00bb, asegur\u00f3 en una publicaci\u00f3n en su cuenta de Truth Social. <\/p>\n","protected":false},"excerpt":{"rendered":"Fervor por el espa\u00f1ol. La plataforma para aprender idiomas Duolingo registr\u00f3 anoche un incremento del 35% de sus&hellip;\n","protected":false},"author":2,"featured_media":388967,"comment_status":"","ping_status":"","sticky":false,"template":"","format":"standard","meta":{"footnotes":""},"categories":[91],"tags":[4641,447,5609,8539,12782,19968,84732,146,147,25,24,1489,2269,23,3400,575],"class_list":["post-388966","post","type-post","status-publish","format-standard","has-post-thumbnail","category-entretenimiento","tag-actuacion","tag-alumnos","tag-aumento","tag-bad","tag-bowl","tag-bunny","tag-duolingo","tag-entertainment","tag-entretenimiento","tag-es","tag-espana","tag-espanol","tag-registra","tag-spain","tag-super","tag-tras"],"share_on_mastodon":{"url":"https:\/\/pubeurope.com\/@es\/116044537838358564","error":""},"_links":{"self":[{"href":"https:\/\/www.europesays.com\/es\/wp-json\/wp\/v2\/posts\/388966","targetHints":{"allow":["GET"]}}],"collection":[{"href":"https:\/\/www.europesays.com\/es\/wp-json\/wp\/v2\/posts"}],"about":[{"href":"https:\/\/www.europesays.com\/es\/wp-json\/wp\/v2\/types\/post"}],"author":[{"embeddable":true,"href":"https:\/\/www.europesays.com\/es\/wp-json\/wp\/v2\/users\/2"}],"replies":[{"embeddable":true,"href":"https:\/\/www.europesays.com\/es\/wp-json\/wp\/v2\/comments?post=388966"}],"version-history":[{"count":0,"href":"https:\/\/www.europesays.com\/es\/wp-json\/wp\/v2\/posts\/388966\/revisions"}],"wp:featuredmedia":[{"embeddable":true,"href":"https:\/\/www.europesays.com\/es\/wp-json\/wp\/v2\/media\/388967"}],"wp:attachment":[{"href":"https:\/\/www.europesays.com\/es\/wp-json\/wp\/v2\/media?parent=388966"}],"wp:term":[{"taxonomy":"category","embeddable":true,"href":"https:\/\/www.europesays.com\/es\/wp-json\/wp\/v2\/categories?post=388966"},{"taxonomy":"post_tag","embeddable":true,"href":"https:\/\/www.europesays.com\/es\/wp-json\/wp\/v2\/tags?post=388966"}],"curies":[{"name":"wp","href":"https:\/\/api.w.org\/{rel}","templated":true}]}}