{"id":389101,"date":"2026-02-10T06:37:07","date_gmt":"2026-02-10T06:37:07","guid":{"rendered":"https:\/\/www.europesays.com\/es\/389101\/"},"modified":"2026-02-10T06:37:07","modified_gmt":"2026-02-10T06:37:07","slug":"harrison-ford-michael-j-fox-recauda-mas-dinero-y-ha-investigado-mas-sobre-el-parkinson-que-casi-nadie-en-el-mundo","status":"publish","type":"post","link":"https:\/\/www.europesays.com\/es\/389101\/","title":{"rendered":"Harrison Ford: \u00abMichael J. Fox recauda m\u00e1s dinero y ha investigado m\u00e1s sobre el Parkinson que casi nadie en el mundo\u00bb"},"content":{"rendered":"<p>Aunque casi dos d\u00e9cadas m\u00e1s joven que un Ford que ahora tiene 83 a\u00f1os, ambos hombres, y sus personajes en Terapia sin filtro, lidian con su mortalidad. \u201cEstamos en el mismo tren de mierda hacia la mierda\u201d, Jerry, el personaje de Fox, le dice a Paul, el personaje de Ford, mientras ambos esperan el tratamiento contra el Parkinson. M\u00e1s adelante en la temporada, el cascarrabias Paul encuentra un renovado entusiasmo por su profesi\u00f3n \u2013y estrategias para convivir con su diagn\u00f3stico\u2013 cuando ofrece terapia a otras personas con la enfermedad de Parkinson, incluyendo a Gerry. \u00abLo que pasa con la terapia es que es una cura hablada, pero no hay cura hablada para el Parkinson, as\u00ed que esos dos mundos siempre han tenido una relaci\u00f3n inc\u00f3moda\u00bb, explica Fox. \u00abNo podr\u00eda haber superado el Parkinson sin terapia, pero te encuentras educando al terapeuta tanto como ellos te educan a ti. Tienes que pintar un cuadro del terreno en el que est\u00e1s viviendo. Y es muy dif\u00edcil explic\u00e1rselo a la gente\u00bb.<\/p>\n<p>Lo que har\u00eda casi imposible para una persona que no ha experimentado el Parkinson representar con precisi\u00f3n la enfermedad en la pantalla. \u00abEso es algo incre\u00edble de Harrison. No tiene Parkinson, pero es un actor brillante. Yo no tengo que convencerle de que tengo Parkinson, pero \u00e9l tuvo que convencerme de que ten\u00eda Parkinson\u00bb, dice Fox. \u00abPara lo que no estaba preparado era para ver cu\u00e1nto de su propia comprensi\u00f3n de la enfermedad aportaba. Quiero decir, reconoc\u00ed el Parkinson en sus ojos. Reconoc\u00ed las cosas que yo sent\u00eda en la forma en que \u00e9l se expresaba: &#8230;. y se me saltaron las l\u00e1grimas\u00bb.<\/p>\n<p>Ford, que no ha visto a Fox desde que rodaron sus escenas juntos, parece genuinamente conmovido por sus palabras. \u00abSe\u00f1oras y se\u00f1ores, Michael J. Fox en pocas palabras\u00bb, dice, \u00abgeneroso, comprensivo, abierto, una persona maravillosa. Y muy buen actor tambi\u00e9n. Es una enfermedad desalentadora y tambi\u00e9n un trabajo desalentador representarla de forma adecuada. Para m\u00ed fue una experiencia muy importante. Tengo otros amigos que padecen Parkinson en diversos grados y se encuentran en una situaci\u00f3n diferente a la de Michael. Michael es una persona extraordinariamente poderosa\u00bb.<\/p>\n<p>En su libro de 2020, <a data-offer-url=\"https:\/\/www.amazon.com\/Time-Like-Future-Considers-Mortality\/dp\/1250265614\" class=\"external-link\" data-event-click=\"{&quot;element&quot;:&quot;ExternalLink&quot;,&quot;outgoingURL&quot;:&quot;https:\/\/www.amazon.com\/Time-Like-Future-Considers-Mortality\/dp\/1250265614&quot;}\" href=\"https:\/\/www.amazon.com\/Time-Like-Future-Considers-Mortality\/dp\/1250265614\" rel=\"nofollow noopener\" target=\"_blank\" data-aps-asin=\"1250265614\" data-aps-asc-tag=\"\">No Time Like the Future (No hay tiempo como el futuro<\/a>), Fox escribi\u00f3 que su \u00abtrabajo como actor no me define\u00bb y que sus crecientes problemas de salud eran s\u00f3lo una parte del motivo por el que se apart\u00f3 de la actuaci\u00f3n ante las c\u00e1maras. \u00abLa incipiente disminuci\u00f3n de mi capacidad para descargar palabras y repetirlas textualmente es s\u00f3lo la \u00faltima onda en el estanque\u00bb, escribe Fox. \u00abHay razones para mis lapsus en la memorizaci\u00f3n -ya sea la edad, problemas cognitivos con la enfermedad, distracci\u00f3n de las sensaciones constantes del Parkinson o falta de sensaci\u00f3n debido a la columna vertebral- pero lo leo como un mensaje, un indicador\u00bb.<\/p>\n<p>Durante la realizaci\u00f3n del documental <a data-offer-url=\"https:\/\/tv.apple.com\/us\/movie\/still-a-michael-j-fox-movie\/umc.cmc.njewt06q05vqbgp6w42pqb0l\" class=\"external-link\" data-event-click=\"{&quot;element&quot;:&quot;ExternalLink&quot;,&quot;outgoingURL&quot;:&quot;https:\/\/tv.apple.com\/us\/movie\/still-a-michael-j-fox-movie\/umc.cmc.njewt06q05vqbgp6w42pqb0l&quot;}\" href=\"https:\/\/tv.apple.com\/us\/movie\/still-a-michael-j-fox-movie\/umc.cmc.njewt06q05vqbgp6w42pqb0l\" rel=\"nofollow noopener\" target=\"_blank\">Still: A Michael J. Fox Movie (Still: una pel\u00edcula de Michael J. Fox<\/a> ) de 2023, Fox dice que al principio se resisti\u00f3 cuando el director <strong>Davis Guggenheim<\/strong> quiso incluir im\u00e1genes sinceras de \u00e9l lidiando con las realidades f\u00edsicas de la enfermedad de Parkinson, desde luchar para terminar una frase hasta caerse en una acera de Nueva York. \u00abPero no pod\u00eda discutir lo efectivo que era\u00bb, dice Fox. \u00abQue yo le cuente a alguien c\u00f3mo es el Parkinson no es ni de lejos tan poderoso como que ellos vean c\u00f3mo es\u00bb.<\/p>\n","protected":false},"excerpt":{"rendered":"Aunque casi dos d\u00e9cadas m\u00e1s joven que un Ford que ahora tiene 83 a\u00f1os, ambos hombres, y sus&hellip;\n","protected":false},"author":2,"featured_media":389102,"comment_status":"","ping_status":"","sticky":false,"template":"","format":"standard","meta":{"footnotes":""},"categories":[174],"tags":[255,146,147,2958,25,24,256,3183,166,805,23],"class_list":["post-389101","post","type-post","status-publish","format-standard","has-post-thumbnail","category-famosos","tag-celebrities","tag-entertainment","tag-entretenimiento","tag-entrevistas","tag-es","tag-espana","tag-famosos","tag-harrison-ford","tag-salud","tag-series","tag-spain"],"share_on_mastodon":{"url":"https:\/\/pubeurope.com\/@es\/116044958399787637","error":""},"_links":{"self":[{"href":"https:\/\/www.europesays.com\/es\/wp-json\/wp\/v2\/posts\/389101","targetHints":{"allow":["GET"]}}],"collection":[{"href":"https:\/\/www.europesays.com\/es\/wp-json\/wp\/v2\/posts"}],"about":[{"href":"https:\/\/www.europesays.com\/es\/wp-json\/wp\/v2\/types\/post"}],"author":[{"embeddable":true,"href":"https:\/\/www.europesays.com\/es\/wp-json\/wp\/v2\/users\/2"}],"replies":[{"embeddable":true,"href":"https:\/\/www.europesays.com\/es\/wp-json\/wp\/v2\/comments?post=389101"}],"version-history":[{"count":0,"href":"https:\/\/www.europesays.com\/es\/wp-json\/wp\/v2\/posts\/389101\/revisions"}],"wp:featuredmedia":[{"embeddable":true,"href":"https:\/\/www.europesays.com\/es\/wp-json\/wp\/v2\/media\/389102"}],"wp:attachment":[{"href":"https:\/\/www.europesays.com\/es\/wp-json\/wp\/v2\/media?parent=389101"}],"wp:term":[{"taxonomy":"category","embeddable":true,"href":"https:\/\/www.europesays.com\/es\/wp-json\/wp\/v2\/categories?post=389101"},{"taxonomy":"post_tag","embeddable":true,"href":"https:\/\/www.europesays.com\/es\/wp-json\/wp\/v2\/tags?post=389101"}],"curies":[{"name":"wp","href":"https:\/\/api.w.org\/{rel}","templated":true}]}}