{"id":389345,"date":"2026-02-10T09:50:08","date_gmt":"2026-02-10T09:50:08","guid":{"rendered":"https:\/\/www.europesays.com\/es\/389345\/"},"modified":"2026-02-10T09:50:08","modified_gmt":"2026-02-10T09:50:08","slug":"paul-thomas-anderson-y-jonny-greenwood-de-radiohead-solicitan-la-retirada-de-una-de-sus-canciones-del-documental-melania-cultura","status":"publish","type":"post","link":"https:\/\/www.europesays.com\/es\/389345\/","title":{"rendered":"Paul Thomas Anderson y Jonny Greenwood, de Radiohead, solicitan la retirada de una de sus canciones del documental \u2018Melania\u2019 | Cultura"},"content":{"rendered":"<p class=\"\"><a href=\"https:\/\/elpais.com\/cultura\/cine\/2025-09-26\/una-batalla-tras-otra-un-bostezo-tras-otro-ante-la-pelicula-del-ano.html\" target=\"_blank\" rel=\"noreferrer nofollow noopener\" title=\"https:\/\/elpais.com\/cultura\/cine\/2025-09-26\/una-batalla-tras-otra-un-bostezo-tras-otro-ante-la-pelicula-del-ano.html\">El cineasta Paul Thomas Anderson<\/a> y el guitarrista y compositor de <a href=\"https:\/\/elpais.com\/babelia\/2022-01-08\/jonny-greenwood-de-radiohead-a-el-poder-del-perro.html\" target=\"_blank\" rel=\"noreferrer nofollow noopener\" title=\"https:\/\/elpais.com\/babelia\/2022-01-08\/jonny-greenwood-de-radiohead-a-el-poder-del-perro.html\">Radiohead, Jonny Greenwood<\/a>, han solicitado en un comunicado conjunto que se retire su canci\u00f3n Barbara Rose de <a href=\"https:\/\/elpais.com\/cultura\/2026-01-30\/todo-sobre-y-para-melania-la-primera-dama-se-abre-al-mundo-en-un-polemico-documental.html\" target=\"_blank\" rel=\"noreferrer nofollow noopener\" title=\"https:\/\/elpais.com\/cultura\/2026-01-30\/todo-sobre-y-para-melania-la-primera-dama-se-abre-al-mundo-en-un-polemico-documental.html\">Melania,<\/a> el documental sobre la primera dama de Estados Unidos, producido por Amazon MGM Studios. Se trata de una parte de la banda sonora que compusieron para <a href=\"https:\/\/elpais.com\/smoda\/phantom-thread-pelicula-moda-definitiva.html\" target=\"_blank\" rel=\"noreferrer nofollow noopener\" title=\"https:\/\/elpais.com\/smoda\/phantom-thread-pelicula-moda-definitiva.html\">el filme El hilo fantasma (Phantom Thread)<\/a> en 2017. <\/p>\n<p class=\"\">\u201cHa llegado a nuestro conocimiento que una pieza musical de la pel\u00edcula ha sido utilizada en el documental sobre Melania\u201d, escribieron ambos en un escrito difundido en la prensa anglosajona. \u201cSi bien Jonny Greenwood no posee los derechos de autor de la partitura, Universal no le consult\u00f3 sobre este uso por parte de un tercero, lo que constituye un incumplimiento de su contrato como compositor. Como resultado, Jonny y Paul Thomas Anderson han solicitado que se retire del documental\u201d.<\/p>\n<p>M\u00e1s informaci\u00f3n<\/p>\n<p class=\"\"><a href=\"https:\/\/elpais.com\/babelia\/2022-01-08\/jonny-greenwood-de-radiohead-a-el-poder-del-perro.html\" target=\"_blank\" rel=\"noreferrer nofollow noopener\" title=\"https:\/\/elpais.com\/babelia\/2022-01-08\/jonny-greenwood-de-radiohead-a-el-poder-del-perro.html\">Greenwood recibi\u00f3 una nominaci\u00f3n al Oscar<\/a> a la mejor banda sonora original por la m\u00fasica que compuso para El hilo fantasma, la pel\u00edcula de Anderson protagonizada por Daniel Day-Lewis. El brit\u00e1nico se puso en la piel de Charles James, un renombrado dise\u00f1ador del Londres de 1950, sastre de confianza de la realeza, estrellas de cine y dem\u00e1s socialit\u00e9s de la glamurosa burgues\u00eda de los a\u00f1os de posguerra. Su existencia da un vuelco cuando conoce a Alma (Vicky Krieps), una camarera que se convierte en musa y amante.<\/p>\n<p class=\"\">El compositor, un multiinstrumentista cuya formaci\u00f3n musical comenz\u00f3 hacia los cinco a\u00f1os, que toc\u00f3 en conjuntos barrocos y orquestas sinf\u00f3nicas de aficionados antes de descubrir los placeres de la amplificaci\u00f3n y el rock, vuelve a ser candidato al galard\u00f3n por su trabajo en la banda sonora de Una batalla tras otra, la nueva pel\u00edcula de Anderson.<\/p>\n<p><img decoding=\"auto\" class=\"_re lazyload a_m-h\" height=\"233\"  width=\"414\"  src=\"https:\/\/www.europesays.com\/es\/wp-content\/uploads\/2026\/02\/1770717008_475_U4T5SX6J7JN63OBGHRQX5OKX6I.jpg\" loading=\"lazy\"\/>Donald y Melania Trump, en el estreno del documental sobre la primera dama, la semana pasada en el Kennedy Center.Jose Luis Magana (AP)<\/p>\n<p class=\"\">Dirigida por Brett Ratner, Melania sigue a la primera dama de Estados Unidos en los d\u00edas previos a la segunda investidura del presidente Donald Trump en 2025. Adem\u00e1s del tema Barbara Rose de la banda sonora del filme de Anderson, la pel\u00edcula tambi\u00e9n incluye m\u00fasica de los Rolling Stones, Michael Jackson, Aretha Franklin y Elvis Presley, entre otros artistas.<\/p>\n<p class=\"\">El documental mejor\u00f3 las expectativas en el estreno en su pa\u00eds. Aunque los datos son a\u00fan provisionales, <a href=\"\" rel=\"\" title=\"\">el filme ha recaudado siete millones de d\u00f3lares <\/a>(unos 5,87 millones de euros), poni\u00e9ndose tercera en taquilla por delante, de manera sorprendente, de Shelter, el nuevo filme de acci\u00f3n de Jason Strathaim, que qued\u00f3 en quinto lugar.<\/p>\n","protected":false},"excerpt":{"rendered":"El cineasta Paul Thomas Anderson y el guitarrista y compositor de Radiohead, Jonny Greenwood, han solicitado en un&hellip;\n","protected":false},"author":2,"featured_media":389346,"comment_status":"","ping_status":"","sticky":false,"template":"","format":"standard","meta":{"footnotes":""},"categories":[169],"tags":[177,209,6084,146,147,25,24,176,1505,19628,175,185,30192,753,11816,3529,23],"class_list":["post-389345","post","type-post","status-publish","format-standard","has-post-thumbnail","category-cine","tag-cine","tag-cultura","tag-documental","tag-entertainment","tag-entretenimiento","tag-es","tag-espana","tag-film","tag-hollywood","tag-melania-trump","tag-movies","tag-musica","tag-paul-thomas-anderson","tag-peliculas","tag-propiedad-intelectual","tag-radiohead","tag-spain"],"share_on_mastodon":{"url":"https:\/\/pubeurope.com\/@es\/116045717488340631","error":""},"_links":{"self":[{"href":"https:\/\/www.europesays.com\/es\/wp-json\/wp\/v2\/posts\/389345","targetHints":{"allow":["GET"]}}],"collection":[{"href":"https:\/\/www.europesays.com\/es\/wp-json\/wp\/v2\/posts"}],"about":[{"href":"https:\/\/www.europesays.com\/es\/wp-json\/wp\/v2\/types\/post"}],"author":[{"embeddable":true,"href":"https:\/\/www.europesays.com\/es\/wp-json\/wp\/v2\/users\/2"}],"replies":[{"embeddable":true,"href":"https:\/\/www.europesays.com\/es\/wp-json\/wp\/v2\/comments?post=389345"}],"version-history":[{"count":0,"href":"https:\/\/www.europesays.com\/es\/wp-json\/wp\/v2\/posts\/389345\/revisions"}],"wp:featuredmedia":[{"embeddable":true,"href":"https:\/\/www.europesays.com\/es\/wp-json\/wp\/v2\/media\/389346"}],"wp:attachment":[{"href":"https:\/\/www.europesays.com\/es\/wp-json\/wp\/v2\/media?parent=389345"}],"wp:term":[{"taxonomy":"category","embeddable":true,"href":"https:\/\/www.europesays.com\/es\/wp-json\/wp\/v2\/categories?post=389345"},{"taxonomy":"post_tag","embeddable":true,"href":"https:\/\/www.europesays.com\/es\/wp-json\/wp\/v2\/tags?post=389345"}],"curies":[{"name":"wp","href":"https:\/\/api.w.org\/{rel}","templated":true}]}}