{"id":38943,"date":"2025-08-10T21:26:08","date_gmt":"2025-08-10T21:26:08","guid":{"rendered":"https:\/\/www.europesays.com\/es\/38943\/"},"modified":"2025-08-10T21:26:08","modified_gmt":"2025-08-10T21:26:08","slug":"alista-armas-jesus-aguilar-para-noche-mexicana-en-ufc","status":"publish","type":"post","link":"https:\/\/www.europesays.com\/es\/38943\/","title":{"rendered":"Alista \u201carmas\u201d Jes\u00fas Aguilar para Noche Mexicana en UFC"},"content":{"rendered":"<p>De Baja California para el mundo, el artemarcialista Jes\u00fas Aguilar se prepara para ser parte de la Noche Mexicana de UFC, que este a\u00f1o se llevar\u00e1 a cabo en San Antonio, Texas, el pr\u00f3ximo 13 de septiembre.<\/p>\n<p>Aunque todav\u00eda no es oficial su rival, se especula que enfrentar\u00e1 a Luis Gurule, quien disputar\u00e1 su segunda pelea en la liga UFC. En su debut, perdi\u00f3 ante Ode Osbourne (10-0) en abril pasado.<\/p>\n<p>\u00a0<\/p>\n<p><img loading=\"lazy\" decoding=\"async\" class=\"lightbox\" src=\"https:\/\/www.europesays.com\/es\/wp-content\/uploads\/2025\/08\/9a40c689-507e-4e08-9654-cead3deed752.jpeg\" alt=\"\" width=\"564\" height=\"705\"\/><\/p>\n<p>\u00a0<\/p>\n<p><strong>Tambi\u00e9n te puede interesar: <a style=\"color: #e03e2d; text-decoration: underline;\" href=\"https:\/\/bajanews.mx\/Deportes\/45477\/Estos-son-los-3-Mundiales-de-Futbol-que-Gilberto-Mora-podria-disputar-en-menos-de-un-ano\" rel=\"nofollow noopener\" target=\"_blank\">Estos son los 3 Mundiales de Futbol que Gilberto Mora podr\u00eda disputar en menos de un a\u00f1o<\/a><\/strong><\/p>\n<p>Jes\u00fas Aguilar, originario de Ensenada, viene de caer ante Rafael Estevam el pasado 15 de febrero por decisi\u00f3n un\u00e1nime, por lo que buscar\u00e1 regresar a la senda de la victoria.<\/p>\n<p>\u201cAhorita estamos en el campamento. Faltan cinco semanas y algo para mi pr\u00f3xima pelea en San Antonio, Texas, y me estoy preparando; va muy bien mi campamento. Llevo meses entrenando para esta gran misi\u00f3n: Noche Mexicana, y estoy listo\u201d, coment\u00f3 Jes\u00fas Aguilar en entrevista con Baja News.<\/p>\n<p>Su pelea formar\u00e1 parte del evento UFC Fight Night: Lopes vs. Silva, tambi\u00e9n conocido como Noche UFC 3, que se llevar\u00e1 a cabo el s\u00e1bado 13 de septiembre de 2025 en el Frost Bank Center de San Antonio, Texas.<\/p>\n<p>\u00a0<\/p>\n<p><img loading=\"lazy\" decoding=\"async\" class=\"lightbox\" src=\"https:\/\/www.europesays.com\/es\/wp-content\/uploads\/2025\/08\/be7b584c-920e-4cf2-8f9d-89bfe5949fa2.jpeg\" alt=\"\" width=\"474\" height=\"593\"\/><\/p>\n<p><strong>Cartelera oficial<\/strong><br \/><strong>Evento estelar:<\/strong><br \/>\u2022 \u00a0 \u00a0Peso pluma: Diego Lopes vs. Jean Silva<br \/>Pelea coestelar:<br \/>\u2022 \u00a0 \u00a0Peso paja femenino: Tatiana Su\u00e1rez vs. Amanda Lemos<br \/>Otras peleas de la cartelera principal:<br \/>\u2022 \u00a0 \u00a0Peso mosca: Alessandro Costa vs. Alden Coria<br \/>\u2022 \u00a0 \u00a0Peso gallo femenino: Originalmente Raquel Pennington vs. Norma Dumont (Pennington se retir\u00f3 por lesi\u00f3n; posible reemplazo a\u00fan no confirmado)<br \/>\u2022 \u00a0 \u00a0Peso ligero: Jared Gordon vs. Rafa Garc\u00eda<br \/>Cartelera preliminar (Prelims):<br \/>\u2022 \u00a0 \u00a0Peso mediano: Jos\u00e9 Daniel Medina vs. Du\u0161ko Todorovi\u0107<br \/>\u2022 \u00a0 \u00a0Peso mosca: Jes\u00fas Aguilar vs. Luis Gurule<br \/>\u2022 \u00a0 \u00a0Peso ligero: Claudio Puelles vs. Joaquim Silva<\/p>\n<p>\u00a0<\/p>\n<p>\u00a0<\/p>\n<p>\u00a0<\/p>\n","protected":false},"excerpt":{"rendered":"De Baja California para el mundo, el artemarcialista Jes\u00fas Aguilar se prepara para ser parte de la Noche&hellip;\n","protected":false},"author":2,"featured_media":38944,"comment_status":"","ping_status":"","sticky":false,"template":"","format":"standard","meta":{"footnotes":""},"categories":[276],"tags":[19083,168,25,24,2793,19085,61,813,10,19082,19084,952,23,167,343],"class_list":{"0":"post-38943","1":"post","2":"type-post","3":"status-publish","4":"format-standard","5":"has-post-thumbnail","7":"category-ufc","8":"tag-bajanews-mx","9":"tag-deportes","10":"tag-es","11":"tag-espana","12":"tag-espectaculos","13":"tag-hechos-reales-en-tiempos-reales","14":"tag-internacional","15":"tag-nacional","16":"tag-noticias","17":"tag-noticias-tijuana","18":"tag-policiaca","19":"tag-politica","20":"tag-spain","21":"tag-sports","22":"tag-ufc"},"share_on_mastodon":{"url":"","error":""},"_links":{"self":[{"href":"https:\/\/www.europesays.com\/es\/wp-json\/wp\/v2\/posts\/38943","targetHints":{"allow":["GET"]}}],"collection":[{"href":"https:\/\/www.europesays.com\/es\/wp-json\/wp\/v2\/posts"}],"about":[{"href":"https:\/\/www.europesays.com\/es\/wp-json\/wp\/v2\/types\/post"}],"author":[{"embeddable":true,"href":"https:\/\/www.europesays.com\/es\/wp-json\/wp\/v2\/users\/2"}],"replies":[{"embeddable":true,"href":"https:\/\/www.europesays.com\/es\/wp-json\/wp\/v2\/comments?post=38943"}],"version-history":[{"count":0,"href":"https:\/\/www.europesays.com\/es\/wp-json\/wp\/v2\/posts\/38943\/revisions"}],"wp:featuredmedia":[{"embeddable":true,"href":"https:\/\/www.europesays.com\/es\/wp-json\/wp\/v2\/media\/38944"}],"wp:attachment":[{"href":"https:\/\/www.europesays.com\/es\/wp-json\/wp\/v2\/media?parent=38943"}],"wp:term":[{"taxonomy":"category","embeddable":true,"href":"https:\/\/www.europesays.com\/es\/wp-json\/wp\/v2\/categories?post=38943"},{"taxonomy":"post_tag","embeddable":true,"href":"https:\/\/www.europesays.com\/es\/wp-json\/wp\/v2\/tags?post=38943"}],"curies":[{"name":"wp","href":"https:\/\/api.w.org\/{rel}","templated":true}]}}