{"id":389573,"date":"2026-02-10T12:39:09","date_gmt":"2026-02-10T12:39:09","guid":{"rendered":"https:\/\/www.europesays.com\/es\/389573\/"},"modified":"2026-02-10T12:39:09","modified_gmt":"2026-02-10T12:39:09","slug":"vox-debe-respetar-a-los-votantes-del-pp","status":"publish","type":"post","link":"https:\/\/www.europesays.com\/es\/389573\/","title":{"rendered":"Vox debe respetar a los votantes del PP"},"content":{"rendered":"<p>              <strong>TP<\/strong><\/p>\n<p>Cuca Gamarra, vicesecretaria de Regeneraci\u00f3n Institucional del PP, ha sido entrevistada este martes en Las Ma\u00f1anas de Radio Nacional. Gamarra ha celebrado los resultados obtenidos en Arag\u00f3n el pasado domingo y, cuestionada sobre posibles pactos con la formaci\u00f3n de Santiago Abascal, ha se\u00f1alado: \u00abVox debe respetar a los votantes del PP. Somos un partido con un proyecto, con unos principios, con unas ideas muy claras y habr\u00e1 que buscar los puntos de encuentro&#8230;\u00bb. <\/p>\n<p>Cuca Gamarra ha reiterado que los resultados de las urnas est\u00e1n demostrando que los ciudadanos quieren un cambio porque el presidente Pedro S\u00e1nchez \u00abno es capaz de dar soluci\u00f3n a los problemas de los espa\u00f1oles\u00bb. La vicesecretaria de Regeneraci\u00f3n Institucional del PP ha valorado muy negativamente la situaci\u00f3n del PSOE y se ha referido expresamente a la candidata del PSOE en Arag\u00f3n, Pilar Alegr\u00eda: \u00abSi en Extremadura tuvo que dimitir el candidato porque era malo, pues f\u00edjese lo que ha pasado en Arag\u00f3n siendo la portavoz del sanchismo\u00bb.<\/p>\n<p>Cuestionada sobre la intenci\u00f3n de Movimiento Sumar, M\u00e1s Madrid, Comuns e Izquierda Unida de conformar una confluencia de cara a las elecciones generales, Gamarra ha asegurado que \u00abestos partidos, que son todos socios del sanchismo, saben que estar cerca del sanchismo y apoyar al sanchismo es corrosivo, y es eso lo que los est\u00e1 llevando tambi\u00e9n hacia la desaparici\u00f3n\u00bb, ha afirmado<\/p>\n","protected":false},"excerpt":{"rendered":"TP Cuca Gamarra, vicesecretaria de Regeneraci\u00f3n Institucional del PP, ha sido entrevistada este martes en Las Ma\u00f1anas de&hellip;\n","protected":false},"author":2,"featured_media":389574,"comment_status":"","ping_status":"","sticky":false,"template":"","format":"standard","meta":{"footnotes":""},"categories":[8],"tags":[17,18,25,24,13,14,33411,11,33005,19,20,9,10,15,16,133,1448,1986,1987,84821,23,12,21,22],"class_list":["post-389573","post","type-post","status-publish","format-standard","has-post-thumbnail","category-espana","tag-breaking-news","tag-breakingnews","tag-es","tag-espana","tag-featured-news","tag-featurednews","tag-gamarra","tag-headlines","tag-las-mananas-de-rne","tag-latest-news","tag-latestnews","tag-news","tag-noticias","tag-noticias-destacadas","tag-noticiasdestacadas","tag-online","tag-radio","tag-rne","tag-rtve-play","tag-sobre-posibles-pactos-con-los-de-abascal-vox-debe-respetar-a-los-votantes-del-pp","tag-spain","tag-titulares","tag-ultimas-noticias","tag-ultimasnoticias"],"share_on_mastodon":{"url":"https:\/\/pubeurope.com\/@es\/116046381916520598","error":""},"_links":{"self":[{"href":"https:\/\/www.europesays.com\/es\/wp-json\/wp\/v2\/posts\/389573","targetHints":{"allow":["GET"]}}],"collection":[{"href":"https:\/\/www.europesays.com\/es\/wp-json\/wp\/v2\/posts"}],"about":[{"href":"https:\/\/www.europesays.com\/es\/wp-json\/wp\/v2\/types\/post"}],"author":[{"embeddable":true,"href":"https:\/\/www.europesays.com\/es\/wp-json\/wp\/v2\/users\/2"}],"replies":[{"embeddable":true,"href":"https:\/\/www.europesays.com\/es\/wp-json\/wp\/v2\/comments?post=389573"}],"version-history":[{"count":0,"href":"https:\/\/www.europesays.com\/es\/wp-json\/wp\/v2\/posts\/389573\/revisions"}],"wp:featuredmedia":[{"embeddable":true,"href":"https:\/\/www.europesays.com\/es\/wp-json\/wp\/v2\/media\/389574"}],"wp:attachment":[{"href":"https:\/\/www.europesays.com\/es\/wp-json\/wp\/v2\/media?parent=389573"}],"wp:term":[{"taxonomy":"category","embeddable":true,"href":"https:\/\/www.europesays.com\/es\/wp-json\/wp\/v2\/categories?post=389573"},{"taxonomy":"post_tag","embeddable":true,"href":"https:\/\/www.europesays.com\/es\/wp-json\/wp\/v2\/tags?post=389573"}],"curies":[{"name":"wp","href":"https:\/\/api.w.org\/{rel}","templated":true}]}}