{"id":38961,"date":"2025-08-10T21:35:10","date_gmt":"2025-08-10T21:35:10","guid":{"rendered":"https:\/\/www.europesays.com\/es\/38961\/"},"modified":"2025-08-10T21:35:10","modified_gmt":"2025-08-10T21:35:10","slug":"chacabuco-se-prepara-para-vivir-el-festival-del-libro-y-la-cultura-2025-diario-democracia","status":"publish","type":"post","link":"https:\/\/www.europesays.com\/es\/38961\/","title":{"rendered":"Chacabuco se prepara para vivir el Festival del Libro y la Cultura 2025 \u2022 Diario Democracia"},"content":{"rendered":"<p>Durante el 12, 13 y 14 de septiembre, el evento promete tres d\u00edas llenos de literatura, m\u00fasica, juegos y actividades para toda la familia.<\/p>\n<p>Del 12 al 14 de septiembre, el Sal\u00f3n de los Espejos, ubicado en Primera Junta 24 de la ciudad de Chacabuco, abrir\u00e1 sus puertas para recibir una nueva edici\u00f3n del Festival del Libro y la Cultura, un encuentro que ya se ha convertido en una cita obligada para los amantes de la lectura y la creatividad en toda la regi\u00f3n. Con entrada libre y gratuita, el evento promete tres d\u00edas llenos de literatura, m\u00fasica, juegos y actividades para toda la familia.<\/p>\n<p>El festival ofrece una amplia propuesta editorial, con t\u00edtulos que van desde los cl\u00e1sicos de siempre hasta las \u00faltimas novedades del mercado. \u201cLevant\u00e1, hoje\u00e1 y sumergite en nuevas historias\u201d, invitan desde la organizaci\u00f3n, que tambi\u00e9n ha preparado un espacio especial para los fan\u00e1ticos de los juegos de mesa: all\u00ed, los visitantes podr\u00e1n no solo adquirirlos, sino tambi\u00e9n disfrutarlos en partidas en vivo durante el evento.<\/p>\n<p>Pero la literatura no ser\u00e1 la \u00fanica protagonista. La m\u00fasica y el arte tambi\u00e9n dir\u00e1n presente con espect\u00e1culos pensados para grandes y chicos. Uno de ellos ser\u00e1 el del talentoso Leandro Gajate, cantante de la reconocida banda infantil Koufequin y oriundo de Chacabuco. Gajate presentar\u00e1 su show \u201cCanciones, cuentos y sorpresas\u201d, una propuesta interactiva que combina historias, m\u00fasica y momentos l\u00fadicos para estimular la imaginaci\u00f3n y la creatividad. Con una trayectoria que incluye docencia, animaci\u00f3n infantil y clown, el artista se ha ganado el cari\u00f1o de p\u00fablicos en todo el pa\u00eds, y ahora regresa a su ciudad para compartir su arte.<\/p>\n<p><img decoding=\"async\" src=\"https:\/\/www.europesays.com\/es\/wp-content\/uploads\/2025\/08\/FOTO 2_iVNJU9E.jpg\"\/><\/p>\n<p>Por otro lado, la tercera edici\u00f3n del festival tambi\u00e9n contar\u00e1 con la presencia de Sandra Siemens, una de las autoras m\u00e1s le\u00eddas por ni\u00f1os y adolescentes en el \u00e1mbito escolar. Reconocida con premios como el Norma-Fundalectura y El Barco de Vapor, Siemens es la candidata argentina al prestigioso Astrid Lindgren Memorial Award(ALMA). Su obra ha sido publicada por editoriales como Periplo, Fondo de Cultura Econ\u00f3mica, Colihue y L\u00fadico Ediciones. En esta ocasi\u00f3n, presentar\u00e1 la reedici\u00f3n ilustrada de su libro \u201cUn nudo en la garganta\u201d, publicada por Periplo con ilustraciones de Natalia Aguerre. Durante el festival, ofrecer\u00e1 actividades para estudiantes y adultos, compartiendo su experiencia y reflexiones sobre el poder de las palabras.<\/p>\n<p>Desde la organizaci\u00f3n invitan no solo a los lectores, sino tambi\u00e9n a marcas y empresas que compartan los valores de la cultura, educaci\u00f3n e innovaci\u00f3n a sumarse como patrocinadores y ser parte de un evento que moviliza a toda la comunidad.<\/p>\n","protected":false},"excerpt":{"rendered":"Durante el 12, 13 y 14 de septiembre, el evento promete tres d\u00edas llenos de literatura, m\u00fasica, juegos&hellip;\n","protected":false},"author":2,"featured_media":38962,"comment_status":"","ping_status":"","sticky":false,"template":"","format":"standard","meta":{"footnotes":""},"categories":[172],"tags":[283,224,2353,146,147,25,24,315,19090,225,10,2330,23],"class_list":{"0":"post-38961","1":"post","2":"type-post","3":"status-publish","4":"format-standard","5":"has-post-thumbnail","7":"category-libros","8":"tag-argentina","9":"tag-books","10":"tag-buenos-aires","11":"tag-entertainment","12":"tag-entretenimiento","13":"tag-es","14":"tag-espana","15":"tag-hoy","16":"tag-junin","17":"tag-libros","18":"tag-noticias","19":"tag-prensa","20":"tag-spain"},"share_on_mastodon":{"url":"","error":""},"_links":{"self":[{"href":"https:\/\/www.europesays.com\/es\/wp-json\/wp\/v2\/posts\/38961","targetHints":{"allow":["GET"]}}],"collection":[{"href":"https:\/\/www.europesays.com\/es\/wp-json\/wp\/v2\/posts"}],"about":[{"href":"https:\/\/www.europesays.com\/es\/wp-json\/wp\/v2\/types\/post"}],"author":[{"embeddable":true,"href":"https:\/\/www.europesays.com\/es\/wp-json\/wp\/v2\/users\/2"}],"replies":[{"embeddable":true,"href":"https:\/\/www.europesays.com\/es\/wp-json\/wp\/v2\/comments?post=38961"}],"version-history":[{"count":0,"href":"https:\/\/www.europesays.com\/es\/wp-json\/wp\/v2\/posts\/38961\/revisions"}],"wp:featuredmedia":[{"embeddable":true,"href":"https:\/\/www.europesays.com\/es\/wp-json\/wp\/v2\/media\/38962"}],"wp:attachment":[{"href":"https:\/\/www.europesays.com\/es\/wp-json\/wp\/v2\/media?parent=38961"}],"wp:term":[{"taxonomy":"category","embeddable":true,"href":"https:\/\/www.europesays.com\/es\/wp-json\/wp\/v2\/categories?post=38961"},{"taxonomy":"post_tag","embeddable":true,"href":"https:\/\/www.europesays.com\/es\/wp-json\/wp\/v2\/tags?post=38961"}],"curies":[{"name":"wp","href":"https:\/\/api.w.org\/{rel}","templated":true}]}}