{"id":389625,"date":"2026-02-10T13:21:08","date_gmt":"2026-02-10T13:21:08","guid":{"rendered":"https:\/\/www.europesays.com\/es\/389625\/"},"modified":"2026-02-10T13:21:08","modified_gmt":"2026-02-10T13:21:08","slug":"ursula-corbero-y-chino-darin-le-dan-la-bienvenida-a-su-primer-hijo","status":"publish","type":"post","link":"https:\/\/www.europesays.com\/es\/389625\/","title":{"rendered":"\u00darsula Corber\u00f3 y Chino Dar\u00edn le dan la bienvenida a su primer hijo"},"content":{"rendered":"<p style=\"\"><a href=\"https:\/\/www.abc.es\/gente\/amor-trabajo-generoso-patrimonio-ursula-corbero-20250918165317-nt.html\" target=\"_self\" data-voc-vtm-id=\"in-text-traffic\" title=\"\u00darsula Corber\u00f3\" data-mrf-link=\"www.abc.es\" rel=\"nofollow noopener\">\u00darsula Corber\u00f3<\/a> y <a href=\"https:\/\/www.abc.es\/gente\/vivio-ricardo-darin-noticia-embarazo-chino-ursula-20250911170000-nt.html\" target=\"_self\" data-voc-vtm-id=\"in-text-traffic\" title=\"Chino Dar\u00edn\" data-mrf-link=\"www.abc.es\" rel=\"nofollow noopener\">Chino Dar\u00edn<\/a> ya son padres. La pareja ha dado la bienvenida a su primer hijo en com\u00fan, una noticia que ha corrido como la p\u00f3lvora en cuesti\u00f3n de minutos y que pone el broche a un embarazo que hab\u00eda despertado  &#8230; enorme expectaci\u00f3n desde su anuncio el pasado mes de septiembre. La informaci\u00f3n fue adelantada por Lorena V\u00e1zquez en el programa Y ahora Sonsoles, donde detall\u00f3 adem\u00e1s que el nacimiento se habr\u00eda producido en Barcelona tras un cambio de planes de \u00faltima hora.<\/p>\n<p class=\"voc-p\" style=\"\">Aunque, por ahora, ninguno de los dos ha emitido un comunicado oficial ni ha compartido im\u00e1genes, el hermetismo no sorprende. Ambos han sabido equilibrar durante a\u00f1os la exposici\u00f3n p\u00fablica con una f\u00e9rrea defensa de su intimidad, una l\u00ednea que previsiblemente mantendr\u00e1n tambi\u00e9n en esta nueva etapa familiar.<\/p>\n<p>\nUn anuncio que paraliz\u00f3 las redes\n<\/p>\n<p class=\"voc-p\" style=\"\">Fue el 9 de septiembre cuando \u00darsula silenci\u00f3 rumores con una imagen tan sencilla como contundente. Sentada en un sof\u00e1 blanco, con un camis\u00f3n del mismo tono y mostrando su incipiente barriga, escribi\u00f3 una frase que se volvi\u00f3 viral en cuesti\u00f3n de horas: \u00abEsto no es IA\u00bb. A partir de ah\u00ed, cada gesto, cada fotograf\u00eda y cada aparici\u00f3n p\u00fablica fueron le\u00eddos como peque\u00f1as pistas de una espera vivida con ilusi\u00f3n pero sin excesos medi\u00e1ticos.<\/p>\n<p class=\"voc-p\" style=\"\">Durante los meses posteriores, la actriz comparti\u00f3 solo fragmentos muy medidos de su embarazo: una postal desde Buenos Aires, una imagen casual en la que la tripa ya era evidente o una historia en la que se ve\u00eda a Chino montando la cuna. Nada m\u00e1s. Lo justo para confirmar felicidad, sin convertir su maternidad en un escaparate.<\/p>\n<p>\nDiez a\u00f1os de historia que culminan en familia\n<\/p>\n<p class=\"voc-p\" style=\"\">La relaci\u00f3n entre los actores comenz\u00f3 en 2015 durante el rodaje de &#8216;La Embajada&#8217;. Lo que empez\u00f3 como una complicidad profesional termin\u00f3 transform\u00e1ndose en una de las parejas m\u00e1s s\u00f3lidas y discretas del panorama interpretativo. Viajes constantes, agendas imposibles y proyectos internacionales no impidieron que consolidaran un v\u00ednculo que ahora alcanza un nuevo cap\u00edtulo: la paternidad.<\/p>\n<p class=\"voc-p\" style=\"\">En este proceso tambi\u00e9n ha estado muy presente la familia de Dar\u00edn. Ricardo Dar\u00edn, que se estrena como abuelo, ya hab\u00eda compartido meses atr\u00e1s su entusiasmo en una entrevista televisiva: \u00abUna de las cosas que m\u00e1s reconforta es ver que a mucha gente le genera alegr\u00eda. En medio de tantas noticias para atr\u00e1s, una linda noticia hace que la gente se ilumine\u00bb, dec\u00eda entonces, reflejando la emoci\u00f3n contenida que rodeaba la llegada del beb\u00e9.<\/p>\n<p class=\"voc-p\" style=\"\">El nacimiento no solo supone la llegada de un nuevo miembro a la familia, sino tambi\u00e9n el inicio de una etapa que, previsiblemente, estar\u00e1 marcada por la misma premisa que ha definido su relaci\u00f3n durante a\u00f1os: cercan\u00eda en lo personal y prudencia en lo p\u00fablico.<\/p>\n","protected":false},"excerpt":{"rendered":"\u00darsula Corber\u00f3 y Chino Dar\u00edn ya son padres. La pareja ha dado la bienvenida a su primer hijo&hellip;\n","protected":false},"author":2,"featured_media":389626,"comment_status":"","ping_status":"","sticky":false,"template":"","format":"standard","meta":{"footnotes":""},"categories":[91],"tags":[5228,15299,29353,7441,32370,146,147,25,24,30,977,23,29352],"class_list":["post-389625","post","type-post","status-publish","format-standard","has-post-thumbnail","category-entretenimiento","tag-bienvenida","tag-chino","tag-corbero","tag-dan","tag-darin","tag-entertainment","tag-entretenimiento","tag-es","tag-espana","tag-hijo","tag-primer","tag-spain","tag-ursula"],"share_on_mastodon":{"url":"https:\/\/pubeurope.com\/@es\/116046547093794878","error":""},"_links":{"self":[{"href":"https:\/\/www.europesays.com\/es\/wp-json\/wp\/v2\/posts\/389625","targetHints":{"allow":["GET"]}}],"collection":[{"href":"https:\/\/www.europesays.com\/es\/wp-json\/wp\/v2\/posts"}],"about":[{"href":"https:\/\/www.europesays.com\/es\/wp-json\/wp\/v2\/types\/post"}],"author":[{"embeddable":true,"href":"https:\/\/www.europesays.com\/es\/wp-json\/wp\/v2\/users\/2"}],"replies":[{"embeddable":true,"href":"https:\/\/www.europesays.com\/es\/wp-json\/wp\/v2\/comments?post=389625"}],"version-history":[{"count":0,"href":"https:\/\/www.europesays.com\/es\/wp-json\/wp\/v2\/posts\/389625\/revisions"}],"wp:featuredmedia":[{"embeddable":true,"href":"https:\/\/www.europesays.com\/es\/wp-json\/wp\/v2\/media\/389626"}],"wp:attachment":[{"href":"https:\/\/www.europesays.com\/es\/wp-json\/wp\/v2\/media?parent=389625"}],"wp:term":[{"taxonomy":"category","embeddable":true,"href":"https:\/\/www.europesays.com\/es\/wp-json\/wp\/v2\/categories?post=389625"},{"taxonomy":"post_tag","embeddable":true,"href":"https:\/\/www.europesays.com\/es\/wp-json\/wp\/v2\/tags?post=389625"}],"curies":[{"name":"wp","href":"https:\/\/api.w.org\/{rel}","templated":true}]}}