{"id":38978,"date":"2025-08-10T21:45:09","date_gmt":"2025-08-10T21:45:09","guid":{"rendered":"https:\/\/www.europesays.com\/es\/38978\/"},"modified":"2025-08-10T21:45:09","modified_gmt":"2025-08-10T21:45:09","slug":"la-huelga-en-el-handling-de-ryanair-comienza-este-viernes-en-toda-espana","status":"publish","type":"post","link":"https:\/\/www.europesays.com\/es\/38978\/","title":{"rendered":"La huelga en el &#8216;handling&#8217; de Ryanair comienza este viernes en toda Espa\u00f1a"},"content":{"rendered":"<p class=\"c-paragraph\">La plantilla de la empresa Azul Handling, que presta servicios de asistencia en tierra a las <b>aerol\u00edneas del grupo <a href=\"https:\/\/www.20minutos.es\/tags\/instituciones-empresas\/ryanair.html\" title=\"Ryanair\" rel=\"nofollow noopener\" target=\"_blank\">Ryanair<\/a><\/b> en los aeropuertos espa\u00f1oles, est\u00e1 convocada a huelga desde este pr\u00f3ximo viernes 15 de agosto.\u00a0La huelga, promovida por <a href=\"https:\/\/www.20minutos.es\/tags\/temas\/ugt.html\" title=\"UGT\" rel=\"nofollow noopener\" target=\"_blank\">UGT<\/a>, afectar\u00e1 a todas las bases y centros de trabajo de la empresa en <a href=\"https:\/\/www.20minutos.es\/tags\/lugares\/espana.html\" title=\"Espa\u00f1a\" rel=\"nofollow noopener\" target=\"_blank\">Espa\u00f1a<\/a> y <b>se desarrollar\u00e1 de 5.00 a 9.00 horas, de 12 a 15.00 horas y de 21 a 23.59 horas.<\/b><\/p>\n<p class=\"c-paragraph\">Tras los tres primeros d\u00edas (15, 16 y 17 de agosto) continuar\u00e1 <b>todos los mi\u00e9rcoles, viernes, s\u00e1bados y domingos<\/b> hasta el 31 de diciembre de 2025.<\/p>\n<p class=\"c-paragraph\">Los motivos alegados por el sindicato son la falta de creaci\u00f3n de empleo estable y de consolidaci\u00f3n de jornada para el personal fijo a tiempo parcial, <b>la \u00abimposici\u00f3n y coacci\u00f3n\u00bb en la realizaci\u00f3n <\/b>de horas complementarias aplicando en algunos casos sanciones \u00abdesproporcionadas\u00bb.\u00a0<\/p>\n<p class=\"c-paragraph\">Tambi\u00e9n alegan<b> el \u00abincumplimiento reiterado\u00bb de dict\u00e1menes<\/b> de la Comisi\u00f3n Paritaria del convenio sectorial sobre garant\u00edas y pluses y las restricciones a la reincorporaci\u00f3n tras el alta m\u00e9dica y la adaptaci\u00f3n de jornada para ejercer el derecho a la conciliaci\u00f3n familiar.<\/p>\n<p class=\"c-paragraph\">El sector a\u00e9reo de FeSMC-UGT exigi\u00f3 a la empresa <b>que retire las sanciones,<\/b> cumpla los dict\u00e1menes de la Comisi\u00f3n Paritaria y abra de inmediato un proceso de negociaci\u00f3n real.<\/p>\n","protected":false},"excerpt":{"rendered":"La plantilla de la empresa Azul Handling, que presta servicios de asistencia en tierra a las aerol\u00edneas del&hellip;\n","protected":false},"author":2,"featured_media":38979,"comment_status":"","ping_status":"","sticky":false,"template":"","format":"standard","meta":{"footnotes":""},"categories":[8],"tags":[17,18,1366,25,24,13,14,14209,11,13181,19,20,9,10,15,16,4478,23,12,21,22,381],"class_list":{"0":"post-38978","1":"post","2":"type-post","3":"status-publish","4":"format-standard","5":"has-post-thumbnail","7":"category-espana","8":"tag-breaking-news","9":"tag-breakingnews","10":"tag-comienza","11":"tag-es","12":"tag-espana","13":"tag-featured-news","14":"tag-featurednews","15":"tag-handling","16":"tag-headlines","17":"tag-huelga","18":"tag-latest-news","19":"tag-latestnews","20":"tag-news","21":"tag-noticias","22":"tag-noticias-destacadas","23":"tag-noticiasdestacadas","24":"tag-ryanair","25":"tag-spain","26":"tag-titulares","27":"tag-ultimas-noticias","28":"tag-ultimasnoticias","29":"tag-viernes"},"share_on_mastodon":{"url":"","error":""},"_links":{"self":[{"href":"https:\/\/www.europesays.com\/es\/wp-json\/wp\/v2\/posts\/38978","targetHints":{"allow":["GET"]}}],"collection":[{"href":"https:\/\/www.europesays.com\/es\/wp-json\/wp\/v2\/posts"}],"about":[{"href":"https:\/\/www.europesays.com\/es\/wp-json\/wp\/v2\/types\/post"}],"author":[{"embeddable":true,"href":"https:\/\/www.europesays.com\/es\/wp-json\/wp\/v2\/users\/2"}],"replies":[{"embeddable":true,"href":"https:\/\/www.europesays.com\/es\/wp-json\/wp\/v2\/comments?post=38978"}],"version-history":[{"count":0,"href":"https:\/\/www.europesays.com\/es\/wp-json\/wp\/v2\/posts\/38978\/revisions"}],"wp:featuredmedia":[{"embeddable":true,"href":"https:\/\/www.europesays.com\/es\/wp-json\/wp\/v2\/media\/38979"}],"wp:attachment":[{"href":"https:\/\/www.europesays.com\/es\/wp-json\/wp\/v2\/media?parent=38978"}],"wp:term":[{"taxonomy":"category","embeddable":true,"href":"https:\/\/www.europesays.com\/es\/wp-json\/wp\/v2\/categories?post=38978"},{"taxonomy":"post_tag","embeddable":true,"href":"https:\/\/www.europesays.com\/es\/wp-json\/wp\/v2\/tags?post=38978"}],"curies":[{"name":"wp","href":"https:\/\/api.w.org\/{rel}","templated":true}]}}