{"id":389843,"date":"2026-02-10T16:01:25","date_gmt":"2026-02-10T16:01:25","guid":{"rendered":"https:\/\/www.europesays.com\/es\/389843\/"},"modified":"2026-02-10T16:01:25","modified_gmt":"2026-02-10T16:01:25","slug":"vacunarse-contra-la-gripe-reduce-el-riesgo-de-demencia","status":"publish","type":"post","link":"https:\/\/www.europesays.com\/es\/389843\/","title":{"rendered":"Vacunarse contra la gripe reduce el riesgo de demencia"},"content":{"rendered":"<p class=\"mostrar_fragmento\">Cient\u00edficos de diversos centros italianos han revisado la evidencia existente sobre la vacunaci\u00f3n antigripal y el riesgo de demencia, y han hallado que esta intervenci\u00f3n reduce hasta en un 40 % el riesgo de la enfermedad de Alzheimer en personas mayores de 64 a\u00f1os. La reducci\u00f3n absoluta fue del 3,4 &#8230;            &#13;\n        <\/p>\n<p> &#13;<br \/>\n&#13;<br \/>\n&#13;<\/p>\n<p>Cient\u00edficos de diversos centros italianos han revisado la evidencia existente sobre la vacunaci\u00f3n antigripal y el riesgo de demencia, y han hallado que <strong>esta intervenci\u00f3n reduce hasta en un 40 % el riesgo de la enfermedad de Alzheimer en personas mayores de 64 a\u00f1os<\/strong>. La reducci\u00f3n absoluta fue del 3,4 %, lo que indica que se evita un caso de este tipo de demencia por cada 29 personas vacunadas.<\/p>\n<p>As\u00ed lo afirma <strong>Marco Del Riccio<\/strong>, investigador de la Universidad de Florencia y director del <a href=\"https:\/\/pubmed.ncbi.nlm.nih.gov\/41543642\/\" rel=\"nofollow noopener\" target=\"_blank\">estudio<\/a>, quien a\u00f1ade que esta asociaci\u00f3n ha sido corroborada en el an\u00e1lisis de m\u00faltiples cohortes, una de ellas con m\u00e1s de dos millones de personas, y con <strong>una protecci\u00f3n especialmente marcada frente a la demencia de tipo vascular<\/strong>. Adem\u00e1s, se constat\u00f3 una manifiesta relaci\u00f3n entre el beneficio y la frecuencia de vacunaci\u00f3n.<\/p>\n<p>Esta tambi\u00e9n <strong>redujo en un 34 % el riesgo de eventos cardiovasculares graves en el a\u00f1o siguiente<\/strong>, seg\u00fan se desprende de un metan\u00e1lisis de seis ensayos con m\u00e1s de 9000 personas, con un beneficio a\u00fan mayor en quienes hab\u00edan sufrido un s\u00edndrome coronario agudo reciente, seg\u00fan asegura Del Riccio. En pacientes con infarto de miocardio previo o con alto riesgo coronario, <strong>la vacunaci\u00f3n redujo la mortalidad por cualquier causa o por causas cardiovasculares<\/strong>, as\u00ed como la recurrencia del infarto y la trombosis asociada al stent, a\u00f1ade el cient\u00edfico.<\/p>\n<p>Del Riccio se\u00f1ala que, en modelos experimentales, <strong>incluso cepas no neurotr\u00f3picas del virus de la gripe A inducen una activaci\u00f3n prolongada de la microgl\u00eda<\/strong>, una p\u00e9rdida sin\u00e1ptica y un deterioro de la memoria que persisten tras la eliminaci\u00f3n del virus, lo que sugiere que la infecci\u00f3n podr\u00eda tener un impacto acumulativo sobre el cerebro. Aunque los datos disponibles no permiten afirmar una causalidad, <strong>la vacunaci\u00f3n anual frente a la gripe es una intervenci\u00f3n segura<\/strong>, ya recomendada y de bajo coste, con beneficios demostrados m\u00e1s all\u00e1 del aparato respiratorio y con potencial para contribuir a un envejecimiento cognitivo saludable, concluye el investigador.<\/p>\n<p> &#13;<br \/>\n&#13;<br \/>\n&#13;<\/p>\n<p>&#13;<br \/>\n            SEGUIR LEYENDO&#13;\n        <\/p>\n","protected":false},"excerpt":{"rendered":"Cient\u00edficos de diversos centros italianos han revisado la evidencia existente sobre la vacunaci\u00f3n antigripal y el riesgo de&hellip;\n","protected":false},"author":2,"featured_media":389844,"comment_status":"","ping_status":"","sticky":false,"template":"","format":"standard","meta":{"footnotes":""},"categories":[92],"tags":[5960,1705,56459,21142,8722,65822,17547,11101,1289,7993,32061,25,24,1084,14001,7749,165,908,847,597,34374,3385,1288,166,11683,23,7589,46941],"class_list":["post-389843","post","type-post","status-publish","format-standard","has-post-thumbnail","category-salud","tag-accidentes","tag-analisis","tag-antigripal","tag-anual","tag-asi","tag-asigna","tag-cardiovasculares","tag-cognitivo","tag-demencia","tag-envejecimiento","tag-epidemiologicos","tag-es","tag-espana","tag-estudios","tag-graves","tag-gripe","tag-health","tag-importante","tag-papel","tag-prevencion","tag-realizado","tag-reduce","tag-riesgo","tag-salud","tag-saludable","tag-spain","tag-vacunacion","tag-vacunarse"],"share_on_mastodon":{"url":"https:\/\/pubeurope.com\/@es\/116047176338238354","error":""},"_links":{"self":[{"href":"https:\/\/www.europesays.com\/es\/wp-json\/wp\/v2\/posts\/389843","targetHints":{"allow":["GET"]}}],"collection":[{"href":"https:\/\/www.europesays.com\/es\/wp-json\/wp\/v2\/posts"}],"about":[{"href":"https:\/\/www.europesays.com\/es\/wp-json\/wp\/v2\/types\/post"}],"author":[{"embeddable":true,"href":"https:\/\/www.europesays.com\/es\/wp-json\/wp\/v2\/users\/2"}],"replies":[{"embeddable":true,"href":"https:\/\/www.europesays.com\/es\/wp-json\/wp\/v2\/comments?post=389843"}],"version-history":[{"count":0,"href":"https:\/\/www.europesays.com\/es\/wp-json\/wp\/v2\/posts\/389843\/revisions"}],"wp:featuredmedia":[{"embeddable":true,"href":"https:\/\/www.europesays.com\/es\/wp-json\/wp\/v2\/media\/389844"}],"wp:attachment":[{"href":"https:\/\/www.europesays.com\/es\/wp-json\/wp\/v2\/media?parent=389843"}],"wp:term":[{"taxonomy":"category","embeddable":true,"href":"https:\/\/www.europesays.com\/es\/wp-json\/wp\/v2\/categories?post=389843"},{"taxonomy":"post_tag","embeddable":true,"href":"https:\/\/www.europesays.com\/es\/wp-json\/wp\/v2\/tags?post=389843"}],"curies":[{"name":"wp","href":"https:\/\/api.w.org\/{rel}","templated":true}]}}