{"id":389853,"date":"2026-02-10T16:06:09","date_gmt":"2026-02-10T16:06:09","guid":{"rendered":"https:\/\/www.europesays.com\/es\/389853\/"},"modified":"2026-02-10T16:06:09","modified_gmt":"2026-02-10T16:06:09","slug":"el-hospital-de-paraplejicos-homenajea-a-las-mujeres-en-la-ciencia-con-una-exposicion-sobre-sus-propias-investigadoras","status":"publish","type":"post","link":"https:\/\/www.europesays.com\/es\/389853\/","title":{"rendered":"El Hospital de Parapl\u00e9jicos homenajea a las mujeres en la ciencia con una exposici\u00f3n sobre sus propias investigadoras"},"content":{"rendered":"<p style=\"\">Este martes se ha inaugurado en Toledo la exposici\u00f3n &#8216;Mujeres cient\u00edficas del Hospital Nacional de Parapl\u00e9jicos&#8217;, una <strong>muestra fotogr\u00e1fica<\/strong> que se exhibe en este centro hospitalario y con la que se pretende conmemorar el D\u00eda Internacional de la Mujer y la Ni\u00f1a en la  &#8230; Ciencia, que se celebra el 11 de febrero.<\/p>\n<p class=\"voc-p\" style=\"\">La exposici\u00f3n busca <strong>promover la participaci\u00f3n \u00abplena y equitativa\u00bb de las mujeres y las ni\u00f1as en la ciencia<\/strong>, la tecnolog\u00eda, la ingenier\u00eda y las matem\u00e1ticas, a trav\u00e9s de una serie de fotograf\u00edas que explican la trayectoria e hitos de \u00abnumerosas\u00bb investigadoras del Hospital.<\/p>\n<p class=\"voc-p\" style=\"\">Maite Mart\u00edn, directora de Humanizaci\u00f3n y Atenci\u00f3n Sociosanitaria del Hospital Nacional de Parapl\u00e9jicos (HNP), ha presentado esta muestra que \u00abpermite\u00bb descubrir la trayectoria de las investigadoras del centro \u00abreconociendo\u00bb el talento femenino del mismo.<\/p>\n<p class=\"voc-p\" style=\"\">Mart\u00edn ha subrayado en su intervenci\u00f3n que la discriminaci\u00f3n hacia la mujer en el \u00e1mbito de la ciencia es algo que \u00abse est\u00e1 superando\u00bb y que \u00abla ra\u00edz\u00bb de esta superaci\u00f3n recae en el \u00abapoyo que se hace desde la administraci\u00f3n y desde las empresas\u00bb.<\/p>\n<p class=\"voc-p\" style=\"\">Asimismo, la directora tambi\u00e9n ha incidido en la \u00abvisibilidad que ha adquirido la mujer en este \u00e1mbito\u00bb, que ha resultado en que las ni\u00f1as de hoy tengan referentes \u00abque no ten\u00edan las ni\u00f1as en su \u00e9poca\u00bb, ha asegurado. <strong>Referentes femeninos<\/strong> a los que \u00abimitar, caminos que seguir y puertas que ya est\u00e1n abiertas\u00bb.<\/p>\n<p class=\"voc-p\" style=\"\">A continuaci\u00f3n, un grupo de j\u00f3venes investigadoras del centro han le\u00eddo un manifiesto en relaci\u00f3n a esta celebraci\u00f3n, donde han querido subrayar \u00abla importancia\u00bb de <strong>visibilizar el esfuerzo de cient\u00edficas a lo largo de la historia<\/strong>, destacando \u00abla relevancia\u00bb que han tenido en campos como la rehabilitaci\u00f3n, la neurociencia o la ingeniera bioqu\u00edmica, entre otros.<\/p>\n<p class=\"voc-p\" style=\"\">Por otro lado, han destacado que en la exposici\u00f3n pueden encontrarse \u00abreferentes\u00bb del talento femenino, que \u00abno solo pueden servir como inspiraci\u00f3n\u00bb, sino tambi\u00e9n \u00abde reconocimiento\u00bb a la labor que realizan diariamente en sus diferentes campos de estudio e investigaci\u00f3n.<\/p>\n<p>\n\u00abA\u00fan hay trabajo que hacer\u00bb\n<\/p>\n<p class=\"voc-p\" style=\"\">Virginia del Sol y Natalia D\u00edez Revuelta son cient\u00edficas en el HNP y han dado su punto de vista, en declaraciones a los medios, sobre la situaci\u00f3n de la mujer en el \u00e1mbito de la investigaci\u00f3n cient\u00edfica. Ambas coinciden en que, aunque las estad\u00edsticas muestran que las personas que empiezan con la investigaci\u00f3n \u00abson m\u00e1s las mujeres que los hombres\u00bb, han se\u00f1alado que \u00aba\u00fan hay trabajo que hacer\u00bb en ciertos aspectos para lograr \u00abuna mayor igualdad\u00bb.<\/p>\n<p class=\"voc-p\" style=\"\">Del Sol ha dirigido desde 2008 el servicio de Citometr\u00eda de Flujo en el HNP, proporcionando asesoramiento cient\u00edfico t\u00e9cnico, impartiendo formaci\u00f3n especializada y analizando datos complejos para la implantaci\u00f3n de nuevas t\u00e9cnicas.<\/p>\n<p class=\"voc-p\" style=\"\">La experta ha se\u00f1alado que las soluciones para mejorar la situaci\u00f3n de la mujer en este \u00e1mbito \u00abpasan primero por la educaci\u00f3n\u00bb y ha resaltado la dificultad que a\u00fan existe para acceder a \u00abpuestos de responsabilidad\u00bb. En este sentido, ha pedido<strong> \u00abacciones positivas\u00bb,<\/strong> para poder \u00abfavorecer\u00bb que las mujeres puedan acceder a ese tipo de puestos.<\/p>\n<p class=\"voc-p\" style=\"\">D\u00edez, por su parte, es bi\u00f3loga y doctora en Biolog\u00eda Molecular, ha trabajado desde 2008 en el Laboratorio de Biolog\u00eda de Membranas y Reparaci\u00f3n Axonal. Adem\u00e1s forma parte de la Comisi\u00f3n de Divulgaci\u00f3n del HNP, colaborando en numerosas actividades para llevar la ciencia a todo tipo de p\u00fablico.<\/p>\n<p class=\"voc-p\" style=\"\">Desde su experiencia, la investigadora ha argumentado que ve una v<strong>ocaci\u00f3n por la investigaci\u00f3n y por la ciencia \u00abincre\u00edble entre el mundo de las mujeres\u00bb<\/strong>. Paralelamente, ha se\u00f1alado que a medida que se va desarrollando la carrera investigadora, \u00abson m\u00e1s las mujeres que se van quedando atr\u00e1s y m\u00e1s los hombres que se van promocionando\u00bb.<\/p>\n<p class=\"voc-p\" style=\"\">D\u00edez ha se\u00f1alado as\u00ed el conocido como \u00abtecho de cristal\u00bb, describiendo que se \u00abexige mucho m\u00e1s a las mujeres que a los hombres a todos los niveles, no solo en el trabajo\u00bb, sino tambi\u00e9n a la hora de \u00abconciliar con la vida familiar, la compatibilidad de desarrollar una carrera profesional con el ser mujer en general, con tener tu familia y con continuar con tu d\u00eda a d\u00eda\u00bb.<\/p>\n","protected":false},"excerpt":{"rendered":"Este martes se ha inaugurado en Toledo la exposici\u00f3n &#8216;Mujeres cient\u00edficas del Hospital Nacional de Parapl\u00e9jicos&#8217;, una muestra&hellip;\n","protected":false},"author":2,"featured_media":389854,"comment_status":"","ping_status":"","sticky":false,"template":"","format":"standard","meta":{"footnotes":""},"categories":[8],"tags":[17,18,119,25,24,2003,13,14,11,2712,3345,10068,19,20,4044,9,10,15,16,84862,3554,57,23,12,21,22],"class_list":["post-389853","post","type-post","status-publish","format-standard","has-post-thumbnail","category-espana","tag-breaking-news","tag-breakingnews","tag-ciencia","tag-es","tag-espana","tag-exposicion","tag-featured-news","tag-featurednews","tag-headlines","tag-homenajea","tag-hospital","tag-investigadoras","tag-latest-news","tag-latestnews","tag-mujeres","tag-news","tag-noticias","tag-noticias-destacadas","tag-noticiasdestacadas","tag-paraplejicos","tag-propias","tag-sobre","tag-spain","tag-titulares","tag-ultimas-noticias","tag-ultimasnoticias"],"share_on_mastodon":{"url":"https:\/\/pubeurope.com\/@es\/116047196272704292","error":""},"_links":{"self":[{"href":"https:\/\/www.europesays.com\/es\/wp-json\/wp\/v2\/posts\/389853","targetHints":{"allow":["GET"]}}],"collection":[{"href":"https:\/\/www.europesays.com\/es\/wp-json\/wp\/v2\/posts"}],"about":[{"href":"https:\/\/www.europesays.com\/es\/wp-json\/wp\/v2\/types\/post"}],"author":[{"embeddable":true,"href":"https:\/\/www.europesays.com\/es\/wp-json\/wp\/v2\/users\/2"}],"replies":[{"embeddable":true,"href":"https:\/\/www.europesays.com\/es\/wp-json\/wp\/v2\/comments?post=389853"}],"version-history":[{"count":0,"href":"https:\/\/www.europesays.com\/es\/wp-json\/wp\/v2\/posts\/389853\/revisions"}],"wp:featuredmedia":[{"embeddable":true,"href":"https:\/\/www.europesays.com\/es\/wp-json\/wp\/v2\/media\/389854"}],"wp:attachment":[{"href":"https:\/\/www.europesays.com\/es\/wp-json\/wp\/v2\/media?parent=389853"}],"wp:term":[{"taxonomy":"category","embeddable":true,"href":"https:\/\/www.europesays.com\/es\/wp-json\/wp\/v2\/categories?post=389853"},{"taxonomy":"post_tag","embeddable":true,"href":"https:\/\/www.europesays.com\/es\/wp-json\/wp\/v2\/tags?post=389853"}],"curies":[{"name":"wp","href":"https:\/\/api.w.org\/{rel}","templated":true}]}}