{"id":390541,"date":"2026-02-11T00:54:05","date_gmt":"2026-02-11T00:54:05","guid":{"rendered":"https:\/\/www.europesays.com\/es\/390541\/"},"modified":"2026-02-11T00:54:05","modified_gmt":"2026-02-11T00:54:05","slug":"bad-bunny-hace-honor-a-su-cancion-y-elimina-todas-sus-fotos-de-redes-sociales-despues-de-triunfar-en-la-super-bowl-hype","status":"publish","type":"post","link":"https:\/\/www.europesays.com\/es\/390541\/","title":{"rendered":"Bad Bunny hace honor a su canci\u00f3n y elimina todas sus fotos de redes sociales despu\u00e9s de triunfar en la Super Bowl | Hype"},"content":{"rendered":"<p class=\"loc\">Madrid<\/p>\n<p>Bad Bunny ha hecho historia con su <a href=\"https:\/\/cadenaser.com\/nacional\/2026\/02\/09\/el-secreto-que-escondia-la-impresionante-actuacion-de-bad-bunny-en-la-super-bowl-y-que-nadie-vio-en-pantalla-cadena-ser\/\" target=\"_blank\" rel=\"nofollow noopener\" title=\"https:\/\/cadenaser.com\/nacional\/2026\/02\/09\/el-secreto-que-escondia-la-impresionante-actuacion-de-bad-bunny-en-la-super-bowl-y-que-nadie-vio-en-pantalla-cadena-ser\/\">actuaci\u00f3n en la Super Bowl<\/a> y el mensaje que con ella ha dejado, pero tras este hist\u00f3rico intermedio ha tomado una decisi\u00f3n inesperada. Haciendo honor a uno de sus temas m\u00e1s reconocidos, el cantante ha eliminado todas sus fotos en redes sociales.<\/p>\n<p>M\u00e1s informaci\u00f3n<\/p>\n<p>Su cuenta de Instagram aparece ahora completamente vac\u00eda, ya que ha llegado a eliminar incluso su foto de perfil. En X tambi\u00e9n ha tomado la decisi\u00f3n de borrar su imagen, aunque mantiene una bandera de Puerto Rico en el encabezado de su perfil.<\/p>\n<p>No obstante, su n\u00famero de seguidores contin\u00faa siendo notable con 53,5 millones en Instagram y 5 millones en X. La desaparici\u00f3n de sus fotograf\u00edas en redes sociales ha tenido lugar pocas horas despu\u00e9s de ser el anfitri\u00f3n en la actuaci\u00f3n del intermedio de la Super Bowl, en la que ha reivindicado la cultura latinoamericana y puertorrique\u00f1a, adem\u00e1s de plantar cara a las pol\u00edticas migratorias de la Administraci\u00f3n Trump, demostrando que Estados Unidos es un pa\u00eds diverso y que el continente americano va m\u00e1s all\u00e1 de las fronteras de Washington.<\/p>\n<p><img decoding=\"async\" src=\"https:\/\/www.europesays.com\/es\/wp-content\/uploads\/2026\/02\/G5MGZKUPVZHHXP4LK2TZRZKMJA.png\" alt=\" \" width=\"4\" height=\"3\"  loading=\"lazy\"\/><\/p>\n<p>Captura de pantalla de la cuenta de Instagram de Bad Bunny.<\/p>\n<p>Ampliar<img decoding=\"async\" src=\"https:\/\/www.europesays.com\/es\/wp-content\/uploads\/2026\/02\/1770771245_616_G5MGZKUPVZHHXP4LK2TZRZKMJA.png\" alt=\" \" width=\"4\" height=\"3\" loading=\"lazy\"\/><\/p>\n<p>Captura de pantalla de la cuenta de Instagram de Bad Bunny.<\/p>\n<p>Cerrar<\/p>\n<p>Esta ausencia de im\u00e1genes contrasta, sin embargo, con la actualidad medi\u00e1tica, ya que el rostro de <a href=\"https:\/\/cadenaser.com\/nacional\/2026\/02\/09\/quien-es-el-nino-al-que-bad-bunny-le-entrego-el-grammy-durante-la-super-bowl-cadena-ser\/\" target=\"_blank\" rel=\"nofollow noopener\" title=\"https:\/\/cadenaser.com\/nacional\/2026\/02\/09\/quien-es-el-nino-al-que-bad-bunny-le-entrego-el-grammy-durante-la-super-bowl-cadena-ser\/\">Bad Bunny<\/a> est\u00e1 presente en la mayor\u00eda de medios de comunicaci\u00f3n. De forma similar, los usuarios de redes sociales no dejan de publicar an\u00e1lisis y reacciones a su actuaci\u00f3n, destacando especialmente las de la comunidad latina, que se ha visto representada en un evento de talla mundial.<\/p>\n<p>Seg\u00fan datos de la plataforma de an\u00e1lisis Launchmetrics, la actuaci\u00f3n de Bad Bunny en el descanso del partido final de la Liga Nacional de F\u00fatbol Americano \u00abdomin\u00f3 instant\u00e1neamente las redes sociales\u00bb, con un impacto que impuls\u00f3 un 39% de la cobertura total del evento, generando casi 143 millones de euros (170 millones de d\u00f3lares) en impacto de marca solo 12 horas despu\u00e9s de la transmisi\u00f3n.<\/p>\n<p>Auge en redes sociales y aumento del inter\u00e9s por el espa\u00f1ol<\/p>\n<p>La decisi\u00f3n del cantante choca tambi\u00e9n con sus n\u00fameros en Spotify, donde sus escuchas en EEUU han aumentado un 470% y las globales en un 210% tras el espect\u00e1culo. En el caso de Espa\u00f1a, sus reproducciones en esta plataforma <a href=\"https:\/\/cadenaser.com\/nacional\/2026\/02\/10\/la-consecuencia-inesperada-que-deja-bad-bunny-en-espana-tras-su-actuacion-en-la-super-bowl-mas-de-un-85-en-horas-cadena-ser\/\" target=\"_blank\" rel=\"nofollow noopener\" title=\"https:\/\/cadenaser.com\/nacional\/2026\/02\/10\/la-consecuencia-inesperada-que-deja-bad-bunny-en-espana-tras-su-actuacion-en-la-super-bowl-mas-de-un-85-en-horas-cadena-ser\/\">han crecido un 85%<\/a>.<\/p>\n<p>El show de Bad Bunny en la Super Bowl destac\u00f3 tambi\u00e9n por haber sido mayoritariamente en espa\u00f1ol, un hecho que ha despertado el inter\u00e9s por aprender esta lengua. Seg\u00fan la plataforma de idiomas <a href=\"https:\/\/cadenaser.com\/nacional\/2026\/02\/10\/duolingo-anota-un-alza-del-35-en-los-alumnos-de-espanol-tras-la-actuacion-de-bad-bunny-en-la-super-bowl-cadena-ser\/\" target=\"_blank\" rel=\"nofollow noopener\" title=\"https:\/\/cadenaser.com\/nacional\/2026\/02\/10\/duolingo-anota-un-alza-del-35-en-los-alumnos-de-espanol-tras-la-actuacion-de-bad-bunny-en-la-super-bowl-cadena-ser\/\">Duolingo, esta registr\u00f3 un incremento del 35%<\/a> con respecto a la semana anterior en los usuarios que iniciaron lecciones de espa\u00f1ol despu\u00e9s del espect\u00e1culo del puertorrique\u00f1o.<\/p>\n","protected":false},"excerpt":{"rendered":"Madrid Bad Bunny ha hecho historia con su actuaci\u00f3n en la Super Bowl y el mensaje que con&hellip;\n","protected":false},"author":2,"featured_media":390542,"comment_status":"","ping_status":"","sticky":false,"template":"","format":"standard","meta":{"footnotes":""},"categories":[174],"tags":[2114,255,146,147,25,24,256,84453,11268,23,46110],"class_list":["post-390541","post","type-post","status-publish","format-standard","has-post-thumbnail","category-famosos","tag-american-football","tag-celebrities","tag-entertainment","tag-entretenimiento","tag-es","tag-espana","tag-famosos","tag-halftime-show","tag-nfl","tag-spain","tag-super-bowl"],"share_on_mastodon":{"url":"https:\/\/pubeurope.com\/@es\/116049276096119938","error":""},"_links":{"self":[{"href":"https:\/\/www.europesays.com\/es\/wp-json\/wp\/v2\/posts\/390541","targetHints":{"allow":["GET"]}}],"collection":[{"href":"https:\/\/www.europesays.com\/es\/wp-json\/wp\/v2\/posts"}],"about":[{"href":"https:\/\/www.europesays.com\/es\/wp-json\/wp\/v2\/types\/post"}],"author":[{"embeddable":true,"href":"https:\/\/www.europesays.com\/es\/wp-json\/wp\/v2\/users\/2"}],"replies":[{"embeddable":true,"href":"https:\/\/www.europesays.com\/es\/wp-json\/wp\/v2\/comments?post=390541"}],"version-history":[{"count":0,"href":"https:\/\/www.europesays.com\/es\/wp-json\/wp\/v2\/posts\/390541\/revisions"}],"wp:featuredmedia":[{"embeddable":true,"href":"https:\/\/www.europesays.com\/es\/wp-json\/wp\/v2\/media\/390542"}],"wp:attachment":[{"href":"https:\/\/www.europesays.com\/es\/wp-json\/wp\/v2\/media?parent=390541"}],"wp:term":[{"taxonomy":"category","embeddable":true,"href":"https:\/\/www.europesays.com\/es\/wp-json\/wp\/v2\/categories?post=390541"},{"taxonomy":"post_tag","embeddable":true,"href":"https:\/\/www.europesays.com\/es\/wp-json\/wp\/v2\/tags?post=390541"}],"curies":[{"name":"wp","href":"https:\/\/api.w.org\/{rel}","templated":true}]}}