{"id":390700,"date":"2026-02-11T02:54:10","date_gmt":"2026-02-11T02:54:10","guid":{"rendered":"https:\/\/www.europesays.com\/es\/390700\/"},"modified":"2026-02-11T02:54:10","modified_gmt":"2026-02-11T02:54:10","slug":"scarlett-johansson-se-aleja-de-thunderbolts-pedi-que-eliminaran-mi-credito-no-estuve-involucrada","status":"publish","type":"post","link":"https:\/\/www.europesays.com\/es\/390700\/","title":{"rendered":"Scarlett Johansson se aleja de Thunderbolts: \u201cPed\u00ed que eliminaran mi cr\u00e9dito, no estuve involucrada\u201d"},"content":{"rendered":"<p><img alt=\"Scarlett Johansson pidi\u00f3 quitar su\" class=\"global-image\" decoding=\"async\" fetchpriority=\"high\" height=\"4000\" loading=\"eager\" src=\"https:\/\/www.europesays.com\/es\/wp-content\/uploads\/2026\/02\/RHHIMDYFEZAYXMDV4YP5EDG6UY.JPG\" width=\"6000\"\/>Scarlett Johansson pidi\u00f3 quitar su nombre como productora ejecutiva de Thunderbolts debido a su ausencia en la realizaci\u00f3n del filme<br \/>\n(REUTERS\/Carlos Osorio)<\/p>\n<p class=\"paragraph\">La actriz <a href=\"https:\/\/www.infobae.com\/tag\/scarlett-johansson\/\" target=\"_blank\" rel=\"noreferrer nofollow noopener\" title=\"https:\/\/www.infobae.com\/tag\/scarlett-johansson\/\"><b>Scarlett Johansson<\/b><\/a> solicit\u00f3 que su nombre fuera retirado de los cr\u00e9ditos de <a href=\"https:\/\/www.infobae.com\/tag\/thunderbolts\/\" target=\"_blank\" rel=\"noreferrer nofollow noopener\" title=\"https:\/\/www.infobae.com\/tag\/thunderbolts\/\"><b>Thunderbolts<\/b><\/a> (2025) como productora ejecutiva, argumentando que no particip\u00f3 activamente en la realizaci\u00f3n del filme, pese a que figuraba en los cr\u00e9ditos por cuestiones contractuales, seg\u00fan inform\u00f3 el portal especializado SensaCine.<\/p>\n<p class=\"paragraph\"><b>Johansson<\/b>, figura clave en el <b>Universo Cinematogr\u00e1fico de <\/b><a href=\"https:\/\/www.infobae.com\/tag\/marvel-studios\/\" target=\"_blank\" rel=\"noreferrer nofollow noopener\" title=\"https:\/\/www.infobae.com\/tag\/marvel-studios\/\"><b>Marvel <\/b><\/a><b>(UCM)<\/b>, pidi\u00f3 de manera directa eliminar su cr\u00e9dito como productora ejecutiva. \u201c<b>Ped\u00ed que eliminaran mi cr\u00e9dito porque no estuve involucrada<\/b>\u201d, explic\u00f3 la actriz en declaraciones recogidas por SensaCine. <\/p>\n<p class=\"paragraph\">Su nombre aparec\u00eda por una obligaci\u00f3n contractual ligada a acuerdos anteriores, pero la int\u00e9rprete de <b>Natasha Romanoff<\/b> insisti\u00f3 en que no correspond\u00eda recibir esa distinci\u00f3n sin haber intervenido en la producci\u00f3n.<\/p>\n<p><img alt=\"Marvel Studios acept\u00f3 la solicitud\" class=\"global-image\" decoding=\"async\" fetchpriority=\"low\" height=\"2666\" loading=\"lazy\" src=\"https:\/\/www.europesays.com\/es\/wp-content\/uploads\/2026\/02\/IYV76B4SKZBJTG4S2Y32CRWP3E.jpg\" width=\"4000\"\/>Marvel Studios acept\u00f3 la solicitud de Scarlett Johansson de desvincularse de los cr\u00e9ditos de Thunderbolts por falta de participaci\u00f3n creativa<br \/>\nMARVEL STUDIOS<\/p>\n<p class=\"paragraph\">El caso pone de relieve la relaci\u00f3n entre los cr\u00e9ditos en grandes franquicias y el grado de implicaci\u00f3n real de sus protagonistas. En el caso de <b>Thunderbolts<\/b>, la falta de participaci\u00f3n de <b>Johansson<\/b> contrast\u00f3 con su rol en <b>Viuda Negra<\/b> (2021), el \u00fanico filme del UCM que hab\u00eda producido hasta la fecha. Esta diferencia marc\u00f3 el l\u00edmite \u00e9tico que la actriz quiso establecer con <b>Marvel Studios<\/b>.<\/p>\n<p class=\"paragraph\">La direcci\u00f3n de <b>Thunderbolts<\/b> est\u00e1 a cargo de <b>Jake Schreier<\/b> y el elenco es liderado por <b>Florence Pugh<\/b> en el papel de <b>Yelena Belova<\/b>, consolidando el recambio generacional en la franquicia. <\/p>\n<p class=\"paragraph\"><b>Johansson<\/b>, que hab\u00eda regresado a <b>Marvel<\/b> para este proyecto tras varios a\u00f1os alejada, opt\u00f3 por no asociar su nombre a una producci\u00f3n en la que no tuvo injerencia creativa ni ejecutiva.<\/p>\n<p><img alt=\"Thunderbolts introduce un elenco renovado,\" class=\"global-image\" decoding=\"async\" fetchpriority=\"low\" height=\"1608\" loading=\"lazy\" src=\"https:\/\/www.europesays.com\/es\/wp-content\/uploads\/2026\/02\/C64HBTRFFJHRNABVWJ4MLQK6BI.jpg\" width=\"3286\"\/>Thunderbolts introduce un elenco renovado, liderado por Florence Pugh, que consolida el recambio generacional en Marvel Studios<br \/>\n(Disney-Marvel Studios v\u00eda AP)<\/p>\n<p class=\"paragraph\"><b>David Harbour<\/b>, quien interpreta a <b>Alexei Shostakov\/Guardi\u00e1n Rojo<\/b>, comparti\u00f3 una an\u00e9cdota sobre la expectativa en torno a <b>Johansson<\/b>. <\/p>\n<p class=\"paragraph\">\u201c<b>Es el d\u00eda del estreno de una pel\u00edcula en la que, b\u00e1sicamente, eres el s\u00e9ptimo Thunderbolt. Tu personaje est\u00e1 en toda la pel\u00edcula&#8230; Eres productora ejecutiva. \u00a1Felicidades!<\/b>\u201d, relat\u00f3 en una conversaci\u00f3n citada por SensaCine. Esta reacci\u00f3n evidenci\u00f3 el peso simb\u00f3lico del nombre de <b>Johansson<\/b> en <b>Marvel<\/b> y el efecto de su decisi\u00f3n en el entorno de la franquicia.<\/p>\n<p class=\"paragraph\">La relaci\u00f3n de <b>Scarlett Johansson<\/b> con <b>Marvel Studios<\/b> comenz\u00f3 en 2010 con su debut como <b>Natasha Romanoff<\/b> en Iron Man 2. Su personaje result\u00f3 esencial en t\u00edtulos como Los Vengadores (2012), Capit\u00e1n Am\u00e9rica: El Soldado de Invierno (2014) y otras producciones corales, incluida su despedida en Viuda Negra. <\/p>\n<p><img alt=\"La trayectoria de Scarlett Johansson\" class=\"global-image\" decoding=\"async\" fetchpriority=\"low\" height=\"660\" loading=\"lazy\" src=\"https:\/\/www.europesays.com\/es\/wp-content\/uploads\/2026\/02\/YB3E44FXOJBE7B7XAXJVLB4WT4.jpg\" width=\"1024\"\/>La trayectoria de Scarlett Johansson en Marvel comenz\u00f3 en 2010 y finaliz\u00f3 con su emotiva despedida en Viuda Negra y Vengadores: Endgame<br \/>\n(MARVEL STUDIOS)<\/p>\n<p class=\"paragraph\">El sacrificio de <b>Natasha<\/b> en Vengadores: Endgame (2019) dej\u00f3 una huella profunda tanto en el grupo de superh\u00e9roes como en la audiencia global.<\/p>\n<p class=\"paragraph\">Durante m\u00e1s de una d\u00e9cada, <b>Johansson<\/b> consolid\u00f3 un v\u00ednculo profesional y emocional con la franquicia, transformando su propia identidad art\u00edstica. Seg\u00fan ha manifestado la actriz, la intensidad y dedicaci\u00f3n requeridas por estos proyectos marcaron su carrera, demostrando que el compromiso actoral puede trascender el simple reconocimiento formal en los cr\u00e9ditos.<\/p>\n<p class=\"paragraph\">Actualmente, el <b>Universo Cinematogr\u00e1fico de Marvel<\/b> atraviesa una etapa de transformaci\u00f3n tras una serie de resultados irregulares en taquilla. <b>Thunderbolts<\/b> y <b>Los 4 Fant\u00e1sticos: Primeros pasos<\/b> (2025) han recibido atenci\u00f3n de la cr\u00edtica especializada, aunque no lograron cifras comerciales extraordinarias. <\/p>\n<p><img alt=\"Vengadores: Doomsday se estrenar\u00e1 el\" class=\"global-image\" decoding=\"async\" fetchpriority=\"low\" height=\"2401\" loading=\"lazy\" src=\"https:\/\/www.europesays.com\/es\/wp-content\/uploads\/2026\/02\/C4WET54AN5F5ZCX7GTBA57CAAI.jpeg\" width=\"1920\"\/>Vengadores: Doomsday se estrenar\u00e1 el 16 de diciembre con Robert Downey Jr., Chris Evans y Chris Hemsworth, pero sin Scarlett Johansson ni otros hist\u00f3ricos del UCM<\/p>\n<p class=\"paragraph\">El futuro de la saga apunta hacia la incorporaci\u00f3n de nuevas generaciones de h\u00e9roes, lo que implica una <b>ausencia confirmada de Scarlett Johansson<\/b> como Viuda Negra en los pr\u00f3ximos estrenos, incluidos Vengadores: Doomsday.<\/p>\n<p class=\"paragraph\">El reparto de Vengadores: Doomsday, dirigido por <b>Joe y Anthony Russo<\/b>, reunir\u00e1 a figuras como <b>Robert Downey Jr.<\/b> (Doctor Muerte), <b>Chris Evans<\/b> (Capit\u00e1n Am\u00e9rica) y <b>Chris Hemsworth<\/b> (Thor), pero no contar\u00e1 con <b>Johansson<\/b> ni con referentes hist\u00f3ricos como <b>Jeremy Renner<\/b> o <b>Mark Ruffalo<\/b>. En contraste, <b>David Harbour<\/b> y <b>Florence Pugh<\/b> continuar\u00e1n presentes en la narrativa central que definir\u00e1 la nueva etapa del <b>UCM<\/b>.<\/p>\n<p class=\"paragraph\">Vengadores: Doomsday llegar\u00e1 a los cines el <b>16 de diciembre<\/b> y marcar\u00e1 el inicio de un ciclo sin la presencia de la actriz que defini\u00f3 el papel de Viuda Negra para una generaci\u00f3n, seg\u00fan remarc\u00f3 <b>SensaCine<\/b>.<\/p>\n","protected":false},"excerpt":{"rendered":"Scarlett Johansson pidi\u00f3 quitar su nombre como productora ejecutiva de Thunderbolts debido a su ausencia en la realizaci\u00f3n&hellip;\n","protected":false},"author":2,"featured_media":390701,"comment_status":"","ping_status":"","sticky":false,"template":"","format":"standard","meta":{"footnotes":""},"categories":[169],"tags":[3118,177,146,147,25,24,176,175,3119,23,9802],"class_list":["post-390700","post","type-post","status-publish","format-standard","has-post-thumbnail","category-cine","tag-arts-culture-entertainment","tag-cine","tag-entertainment","tag-entretenimiento","tag-es","tag-espana","tag-film","tag-movies","tag-north-america","tag-spain","tag-toronto"],"share_on_mastodon":{"url":"","error":""},"_links":{"self":[{"href":"https:\/\/www.europesays.com\/es\/wp-json\/wp\/v2\/posts\/390700","targetHints":{"allow":["GET"]}}],"collection":[{"href":"https:\/\/www.europesays.com\/es\/wp-json\/wp\/v2\/posts"}],"about":[{"href":"https:\/\/www.europesays.com\/es\/wp-json\/wp\/v2\/types\/post"}],"author":[{"embeddable":true,"href":"https:\/\/www.europesays.com\/es\/wp-json\/wp\/v2\/users\/2"}],"replies":[{"embeddable":true,"href":"https:\/\/www.europesays.com\/es\/wp-json\/wp\/v2\/comments?post=390700"}],"version-history":[{"count":0,"href":"https:\/\/www.europesays.com\/es\/wp-json\/wp\/v2\/posts\/390700\/revisions"}],"wp:featuredmedia":[{"embeddable":true,"href":"https:\/\/www.europesays.com\/es\/wp-json\/wp\/v2\/media\/390701"}],"wp:attachment":[{"href":"https:\/\/www.europesays.com\/es\/wp-json\/wp\/v2\/media?parent=390700"}],"wp:term":[{"taxonomy":"category","embeddable":true,"href":"https:\/\/www.europesays.com\/es\/wp-json\/wp\/v2\/categories?post=390700"},{"taxonomy":"post_tag","embeddable":true,"href":"https:\/\/www.europesays.com\/es\/wp-json\/wp\/v2\/tags?post=390700"}],"curies":[{"name":"wp","href":"https:\/\/api.w.org\/{rel}","templated":true}]}}