{"id":390724,"date":"2026-02-11T03:13:30","date_gmt":"2026-02-11T03:13:30","guid":{"rendered":"https:\/\/www.europesays.com\/es\/390724\/"},"modified":"2026-02-11T03:13:30","modified_gmt":"2026-02-11T03:13:30","slug":"el-museo-del-louvre-revela-las-primeras-imagenes-de-la-corona-de-eugenia-tras-su-robo-una-restauracion-de-40-000-euros","status":"publish","type":"post","link":"https:\/\/www.europesays.com\/es\/390724\/","title":{"rendered":"El Museo del Louvre revela las primeras im\u00e1genes de la corona de Eugenia tras su robo: una restauraci\u00f3n de 40.000 euros"},"content":{"rendered":"<p><img alt=\"Estado de la corona de\" class=\"global-image\" decoding=\"async\" fetchpriority=\"high\" height=\"709\" loading=\"eager\" src=\"https:\/\/www.europesays.com\/es\/wp-content\/uploads\/2026\/02\/XHT5G2VCUJEWPJUOP6ZYPFQQCQ.png\" width=\"1078\"\/>Estado de la corona de Mar\u00eda Eugenia, despu\u00e9s de sufrir da\u00f1os durante el robo en el Louvre. (Thomas Clot\/Museo del Louvre\/AFP)<\/p>\n<p class=\"paragraph\">Era el 19 de octubre de 2025 cuando saltaron las alarmas en el Museo del Louvre. En \u00e9l se llevaron hasta <b>ocho art\u00edculos<\/b> entre joyas y objetos y una de las piezas m\u00e1s emblem\u00e1ticas: la corona de la emperatriz Eugenia. Afortunadamente, en la huida, la corona cay\u00f3 de una de las bolsas y a pesar de los da\u00f1os sufridos, el museo ha confirmado que conserva su \u201cintegridad casi total\u201d, lo que permitir\u00e1 su <a rel=\"noopener noreferrer nofollow\" href=\"https:\/\/www.infobae.com\/espana\/2026\/02\/04\/el-louvre-anuncia-que-la-corona-de-la-emperatriz-eugenia-robada-en-octubre-podra-restaurarse-sin-necesidad-de-reconstruccion\/\" target=\"_self\" title=\"https:\/\/www.infobae.com\/espana\/2026\/02\/04\/el-louvre-anuncia-que-la-corona-de-la-emperatriz-eugenia-robada-en-octubre-podra-restaurarse-sin-necesidad-de-reconstruccion\/\">restauraci\u00f3n completa sin necesidad de reconstrucci\u00f3n<\/a> ni recreaci\u00f3n.<\/p>\n<p class=\"paragraph\">La conclusi\u00f3n figura en el informe t\u00e9cnico preliminar elaborado por el director y la subdirectora del Departamento de Artes Decorativas del Louvre, Olivier Gabet y Anne Dion, y fue avalada por <a href=\"https:\/\/www.infobae.com\/espana\/cultura\/2025\/10\/19\/los-problemas-de-seguridad-del-louvre-que-preocupan-en-paris-el-oro-robado-valorado-en-600000-euros-y-otras-pistas-de-por-que-es-tan-facil-robar-en-los-museos\/\" target=\"_blank\" rel=\"noreferrer nofollow noopener\" title=\"https:\/\/www.infobae.com\/espana\/cultura\/2025\/10\/19\/los-problemas-de-seguridad-del-louvre-que-preocupan-en-paris-el-oro-robado-valorado-en-600000-euros-y-otras-pistas-de-por-que-es-tan-facil-robar-en-los-museos\/\">la direcci\u00f3n del museo<\/a>, encabezada por Laurence des Cars. Ahora, el Louvre difundi\u00f3 las primeras im\u00e1genes del<b> estado actual de la pieza<\/b>, la \u00fanica joya recuperada tras el robo.<\/p>\n<p class=\"paragraph\">Seg\u00fan el an\u00e1lisis t\u00e9cnico, la corona sufri\u00f3 una deformaci\u00f3n significativa como consecuencia de dos momentos clave. En primer lugar, la tensi\u00f3n ejercida al ser extra\u00edda de la vitrina a trav\u00e9s de \u201c<b>una abertura relativamente estrecha <\/b>realizada con una amoladora angular\u201d, lo que provoc\u00f3 el desprendimiento de varios aros. Posteriormente, \u201cun impacto violento probablemente<b> aplast\u00f3 la pieza<\/b>\u201d, explic\u00f3 el museo.<\/p>\n<p><img alt=\"Estado de la corona de\" class=\"global-image\" decoding=\"async\" fetchpriority=\"low\" height=\"432\" loading=\"lazy\" src=\"https:\/\/www.europesays.com\/es\/wp-content\/uploads\/2026\/02\/FDKIPJBCEFBO5GLOO7YBPY3TAA.webp.jpeg\" width=\"768\"\/>Estado de la corona de Mar\u00eda Eugenia, despu\u00e9s de sufrir da\u00f1os durante el robo en el Louvre. (Thomas Clot\/Museo del Louvre\/AFP)<\/p>\n<p class=\"paragraph\">Las im\u00e1genes difundidas permiten constatar que la mayor parte de los elementos originales se conservan. La corona estaba compuesta por <b>ocho palmetas de diamantes y esmeraldas<\/b>, alternadas con ocho \u00e1guilas de oro. Todas las palmetas est\u00e1n presentes, aunque cuatro se desprendieron del engaste y <a rel=\"noopener noreferrer nofollow\" href=\"https:\/\/www.infobae.com\/espana\/2025\/12\/10\/el-robo-del-louvre-podria-haberse-evitado-en-30-segundos-segun-los-investigadores\/\" target=\"_self\" title=\"https:\/\/www.infobae.com\/espana\/2025\/12\/10\/el-robo-del-louvre-podria-haberse-evitado-en-30-segundos-segun-los-investigadores\/\">algunas se deformaron<\/a>. De las \u00e1guilas, solo falta una.<\/p>\n<p class=\"paragraph\">Por suerte, el globo central de diamantes y esmeraldas permanece intacto y unido al marco. La pieza conserva las <b>56 esmeraldas<\/b> originales y, de los <b>1.354 diamantes<\/b>, faltan aproximadamente diez, de tama\u00f1o muy peque\u00f1o y situados en el per\u00edmetro de la base. Otros nueve se desprendieron durante el robo, pero fueron recuperados.<\/p>\n<p class=\"paragraph\">\u201cAunque la forma de la corona ha sido alterada, se conservan casi todos sus componentes. Solo falta uno de sus elementos decorativos\u201d, precis\u00f3 el Louvre. \u201cPor lo tanto, <b>su restauraci\u00f3n completa ser\u00e1 posible<\/b> sin necesidad de reconstrucci\u00f3n ni recreaci\u00f3n. Simplemente, implicar\u00e1 la remodelaci\u00f3n de su estructura\u201d, se\u00f1al\u00f3.<\/p>\n<p><img alt=\"Estado de la corona de\" class=\"global-image\" decoding=\"async\" fetchpriority=\"low\" height=\"432\" loading=\"lazy\" src=\"https:\/\/www.europesays.com\/es\/wp-content\/uploads\/2026\/02\/XPEPKVFGO5DGPGOMTOIARF7EHE.webp.jpeg\" width=\"768\"\/>Estado de la corona de Mar\u00eda Eugenia, despu\u00e9s de sufrir da\u00f1os durante el robo en el Louvre. (Thomas Clot\/Museo del Louvre\/AFP) (Imagen Ilustrativa Infobae)<\/p>\n<p class=\"paragraph\">La restauraci\u00f3n se encomendar\u00e1 a un conservador acreditado mediante un <b>proceso de licitaci\u00f3n<\/b>, conforme al C\u00f3digo del Patrimonio, la Ley de Museos y el C\u00f3digo de Contrataci\u00f3n P\u00fablica. Paralelamente, se elaborar\u00e1n informes t\u00e9cnicos m\u00e1s detallados sobre el estado de conservaci\u00f3n de la pieza.<\/p>\n<p class=\"paragraph\">Dada la \u201c<b>naturaleza simb\u00f3lica y sin precedentes<\/b>\u201d de la intervenci\u00f3n y la \u201cnotable especificidad\u201d del objeto, el trabajo estar\u00e1 supervisado por un comit\u00e9 asesor de expertos. Presidido por la directora del Louvre, estar\u00e1 integrado por responsables del museo, una historiadora de la joyer\u00eda, una conservadora especializada en el Segundo Imperio del Museo de Orsay, un mineralogista, un experto en metales hist\u00f3ricos y representantes de cinco casas hist\u00f3ricas de joyer\u00eda francesa: Mellerio, Chaumet, Cartier, Boucheron y Van Cleef &amp; Arpels.<\/p>\n<p class=\"paragraph\">Olivier Gabet se\u00f1al\u00f3 al diario The New York Times que el <a rel=\"noopener noreferrer nofollow\" href=\"https:\/\/www.infobae.com\/espana\/cultura\/2025\/10\/19\/coronas-piedras-preciosas-y-uno-de-los-diamantes-mas-famosos-del-mundo-el-tesoro-del-museo-del-louvre-donde-han-robado-joyas-de-un-valor-inestimable\/\" target=\"_self\" title=\"https:\/\/www.infobae.com\/espana\/cultura\/2025\/10\/19\/coronas-piedras-preciosas-y-uno-de-los-diamantes-mas-famosos-del-mundo-el-tesoro-del-museo-del-louvre-donde-han-robado-joyas-de-un-valor-inestimable\/\">coste final de la restauraci\u00f3n<\/a> a\u00fan no se ha determinado, aunque una primera estimaci\u00f3n lo sit\u00faa en torno a los<b> 40.000 euros.<\/b><\/p>\n<p><img alt=\"El museo del Louvre revela\" class=\"global-image\" decoding=\"async\" fetchpriority=\"low\" height=\"1000\" loading=\"lazy\" src=\"https:\/\/www.europesays.com\/es\/wp-content\/uploads\/2026\/02\/FCFE3WSNBNEABEIYOQXSYC32G4.jpg\" width=\"1500\"\/>El museo del Louvre revela las primeras im\u00e1genes de la corona de Eugenia tras su robo. (EFE\/Museo del Louvre)<\/p>\n<p class=\"paragraph\">La corona de la emperatriz Eugenia fue encargada por <b>Napole\u00f3n III <\/b>al joyero oficial del emperador, Alexandre Gabriel Lemonnier, con motivo de la Exposici\u00f3n Universal de 1855. El artesano cre\u00f3 dos coronas, una para el emperador y otra para su esposa, hoy consideradas piezas centrales del patrimonio joyero del Segundo Imperio franc\u00e9s. Forma parte del reducido conjunto de joyas de la Corona que sobrevivieron a la <b>Revoluci\u00f3n frances<\/b>a o fueron recuperadas posteriormente, y constituye uno de los <a rel=\"noopener noreferrer nofollow\" href=\"https:\/\/www.infobae.com\/espana\/cultura\/2025\/11\/17\/dos-influencers-dejan-en-evidencia-al-louvre-colocando-un-cuadro-suyo-cerca-de-la-mona-lisa-sin-que-la-seguridad-del-museo-se-diera-cuenta\/\" target=\"_self\" title=\"https:\/\/www.infobae.com\/espana\/cultura\/2025\/11\/17\/dos-influencers-dejan-en-evidencia-al-louvre-colocando-un-cuadro-suyo-cerca-de-la-mona-lisa-sin-que-la-seguridad-del-museo-se-diera-cuenta\/\">principales atractivos hist\u00f3ricos<\/a> de la Galer\u00eda Apolo<\/p>\n","protected":false},"excerpt":{"rendered":"Estado de la corona de Mar\u00eda Eugenia, despu\u00e9s de sufrir da\u00f1os durante el robo en el Louvre. (Thomas&hellip;\n","protected":false},"author":2,"featured_media":390725,"comment_status":"","ping_status":"","sticky":false,"template":"","format":"standard","meta":{"footnotes":""},"categories":[173],"tags":[11897,229,233,231,230,232,234,146,147,25,24,41530,11989,23],"class_list":["post-390724","post","type-post","status-publish","format-standard","has-post-thumbnail","category-arte-y-diseno","tag-afp","tag-arte","tag-arte-y-diseno","tag-arts","tag-arts-and-design","tag-design","tag-diseno","tag-entertainment","tag-entretenimiento","tag-es","tag-espana","tag-museo-del-louvre","tag-robos","tag-spain"],"share_on_mastodon":{"url":"https:\/\/pubeurope.com\/@es\/116049818775299609","error":""},"_links":{"self":[{"href":"https:\/\/www.europesays.com\/es\/wp-json\/wp\/v2\/posts\/390724","targetHints":{"allow":["GET"]}}],"collection":[{"href":"https:\/\/www.europesays.com\/es\/wp-json\/wp\/v2\/posts"}],"about":[{"href":"https:\/\/www.europesays.com\/es\/wp-json\/wp\/v2\/types\/post"}],"author":[{"embeddable":true,"href":"https:\/\/www.europesays.com\/es\/wp-json\/wp\/v2\/users\/2"}],"replies":[{"embeddable":true,"href":"https:\/\/www.europesays.com\/es\/wp-json\/wp\/v2\/comments?post=390724"}],"version-history":[{"count":0,"href":"https:\/\/www.europesays.com\/es\/wp-json\/wp\/v2\/posts\/390724\/revisions"}],"wp:featuredmedia":[{"embeddable":true,"href":"https:\/\/www.europesays.com\/es\/wp-json\/wp\/v2\/media\/390725"}],"wp:attachment":[{"href":"https:\/\/www.europesays.com\/es\/wp-json\/wp\/v2\/media?parent=390724"}],"wp:term":[{"taxonomy":"category","embeddable":true,"href":"https:\/\/www.europesays.com\/es\/wp-json\/wp\/v2\/categories?post=390724"},{"taxonomy":"post_tag","embeddable":true,"href":"https:\/\/www.europesays.com\/es\/wp-json\/wp\/v2\/tags?post=390724"}],"curies":[{"name":"wp","href":"https:\/\/api.w.org\/{rel}","templated":true}]}}