{"id":390806,"date":"2026-02-11T04:32:10","date_gmt":"2026-02-11T04:32:10","guid":{"rendered":"https:\/\/www.europesays.com\/es\/390806\/"},"modified":"2026-02-11T04:32:10","modified_gmt":"2026-02-11T04:32:10","slug":"la-senadora-indigena-aida-quilcue-es-liberada-tras-varias-horas-de-secuestro","status":"publish","type":"post","link":"https:\/\/www.europesays.com\/es\/390806\/","title":{"rendered":"La senadora ind\u00edgena Aida Quilcu\u00e9 es liberada tras varias horas de secuestro"},"content":{"rendered":"<p class=\"\">La <a href=\"https:\/\/elpais.com\/america-colombia\/2023-06-16\/aida-quilcue-es-hora-de-que-el-pais-deje-de-pensar-que-somos-menores-de-edad.html\" target=\"_self\" rel=\"nofollow noopener\" title=\"https:\/\/elpais.com\/america-colombia\/2023-06-16\/aida-quilcue-es-hora-de-que-el-pais-deje-de-pensar-que-somos-menores-de-edad.html\">senadora ind\u00edgena Aida Quilcu\u00e9<\/a> permaneci\u00f3 secuestrada durante varias horas. Alrededor del mediod\u00eda de este martes, perdi\u00f3 comunicaci\u00f3n con sus asesores mientras transitaba por la v\u00eda entre Inz\u00e1 y Totor\u00f3, en su natal departamento del Cauca y en la que fue asesinado su esposo en 2008. El equipo de la lideresa del pueblo nasa y del Consejo Regional Ind\u00edgena del Cauca (CRIC) fue quien primero denunci\u00f3 lo que ve\u00edan como un probable secuestro de ella y de su esquema de seguridad. Un poco m\u00e1s tarde, el secuestro qued\u00f3 comprobado. \u201cMe confirmaron que fue secuestrada, lo informaron los grupos Gaula del Ej\u00e9rcito\u201d, asegur\u00f3 sobre las 3.30 de la tarde su hija, Aida Marina Quilcu\u00e9 Vivas, a Caracol Radio. Pero, pasadas las 4 de la tarde, la guardia ind\u00edgena anunci\u00f3 que Quilcu\u00e9 hab\u00eda aparecido, y que estaba sana, salva y libre en la zona de Guanacas, cordillera adentro. \u201cTodos est\u00e1n bien\u201d, indic\u00f3 el ministro de Defensa, el general en retiro Pedro S\u00e1nchez, a trav\u00e9s de su cuenta de X, y a\u00f1adi\u00f3: \u201cNuestra Fuerza P\u00fablica avanza a la zona. Una vez se tenga mayor informaci\u00f3n, ser\u00e1 comunicada\u201d. <\/p>\n<p><img decoding=\"auto\" class=\"_re lazyload a_m-h\" height=\"276\"  width=\"414\"  src=\"https:\/\/www.europesays.com\/es\/wp-content\/uploads\/2026\/02\/S6NX4DJHOBEYPN6GNGLV4T2CFI.jpeg\" loading=\"lazy\"\/>Imagen de la senadora tras su liberaci\u00f3n, compartida por la Guardia Ind\u00edgena.Guardia ind\u00edgena<\/p>\n<p class=\"\">La mayora, como es llamada por su liderazgo entre el movimiento ind\u00edgena, iba camino a su casa, en la zona de Tierradentro, en el coraz\u00f3n de los Andes, cuando fue interceptada por hombres armados. A\u00fan no hay informaci\u00f3n oficial sobre qu\u00e9 grupo estar\u00eda detr\u00e1s del secuestro. El hecho se present\u00f3 en la misma carretera en la que asesinaron a su esposo en 2008, en un atentado que se cree iba dirigido en contra de ella. Tambi\u00e9n fue all\u00ed donde atentaron contra la senadora en 2022, cuando varios hombres en moto rodearon su carro y le dispararon por detr\u00e1s. Quilcu\u00e9 se acurruc\u00f3 dentro del veh\u00edculo, que sigui\u00f3 en marcha. \u201cEl conductor me dijo que me tirara al suelo, y lo hice mientras logr\u00e1bamos salir. Yo solo escuchaba los impactos\u201d, dijo entonces.<\/p>\n<p class=\"\">La Guardia Ind\u00edgena fue la primera en llegar al punto donde se perdi\u00f3 el rastro de Quilcu\u00e9, en el municipio de Totor\u00f3, donde despleg\u00f3 un operativo para dar con el paradero de la lideresa. Por su parte, el ministro S\u00e1nchez anunci\u00f3 v\u00eda X la primera respuesta del Gobierno: \u201cToda la Fuerza P\u00fablica est\u00e1 en reacci\u00f3n y adelantando la b\u00fasqueda de nuestra senadora\u201d. Seg\u00fan fuentes de la regi\u00f3n, un helic\u00f3ptero de las fuerzas militares empez\u00f3 a sobrevolar la zona.<\/p>\n<p class=\"\">Pasadas las 3 de la tarde de este martes, antes de que se conociera su liberaci\u00f3n, el ministro de Defensa hab\u00eda informado que la Guardia Ind\u00edgena hab\u00eda encontrado en la carretera la camioneta en la que viajaba la senadora, pero vac\u00eda. \u201cSe contin\u00faa la b\u00fasqueda. Cualquier informaci\u00f3n, llame al 147 o 165\u201d, dijo el Ministerio. La Guardia hab\u00eda informado que en ese punto, en la vereda Salado Blanco del resguardo ind\u00edgena de Totor\u00f3, cerca de la cabecera municipal de ese municipio, no se encontraban rastros de caminantes por las monta\u00f1as. Por lo tanto, consideraron muy posible que hubieran llevado a Quilcu\u00e9 y su equipo a otro veh\u00edculo.<\/p>\n<p><img decoding=\"auto\" class=\"_re lazyload a_m-h\" height=\"233\"  width=\"414\"  src=\"https:\/\/www.europesays.com\/es\/wp-content\/uploads\/2026\/02\/FJRGF44UPRAKFEIPJ2YTTJFV54.jpg\" loading=\"lazy\"\/>Es la camioneta abandonada en la vereda Salado Blanco, este martes.Guardia ind\u00edgena<\/p>\n<p class=\"\">Antes de que hubiera mayor claridad sobre lo ocurrido, el presidente Gustavo Petro se hab\u00eda referido a la falta de contacto con Quilcu\u00e9. En medio del Consejo de Ministros que estaba liderando en Monter\u00eda, y que trata de las inundaciones en el departamento de C\u00f3rdoba, exigi\u00f3 disponer de todos los organismos para esclarecer la situaci\u00f3n y rechaz\u00f3 los hechos. \u201cEste tipo de acciones cruzan una l\u00ednea roja, al atentar contra las autoridades y referentes \u00e9ticos, espirituales y pol\u00edticos de las comunidades\u201d, ha dicho. \u201cDonde no la suelten es un grito de guerra contra todos los ind\u00edgenas del pa\u00eds\u201d, expuso, tras anunciar que familiares y guardias ind\u00edgenas se dirig\u00edan hacia la zona, sin dar m\u00e1s detalles.<\/p>\n<p class=\"\">\u201cLa senadora sali\u00f3 de La Plata tomando la v\u00eda a Popay\u00e1n por Inz\u00e1. Por ah\u00ed delinque la estructura Dagoberto Ramos\u201d, explic\u00f3 a su turno el encargado del Interior, Armando Benedetti. Hace referencia a una de las llamadas disidencias de las extintas FARC, liderada por Alex Vitongo Andela,<b> <\/b>conocido como David o Mipez. El frente forma parte del llamado Estado Mayor Conjunto que lidera Iv\u00e1n Mordisco, el l\u00edder disidente a quien el presidente Petro ha convertido en su mayor objetivo militar. \u201cSabemos que hay un plan de Mordisco contra el pueblo Nasa en el norte del Cauca\u201d, dijo luego Susana Muhamad, exministra de Petro.<\/p>\n<p class=\"\">El secuestro de Quilcu\u00e9 se suma al <a href=\"https:\/\/elpais.com\/america-colombia\/2026-02-05\/al-menos-dos-muertos-deja-un-atentado-contra-la-caravana-de-seguridad-del-senador-jairo-castellanos-en-arauca.html\" target=\"_self\" rel=\"nofollow noopener\" title=\"https:\/\/elpais.com\/america-colombia\/2026-02-05\/al-menos-dos-muertos-deja-un-atentado-contra-la-caravana-de-seguridad-del-senador-jairo-castellanos-en-arauca.html\">ataque contra el esquema de seguridad del senador Jairo Castellanos<\/a> en el departamento de Arauca, y marca la campa\u00f1a para las elecciones legislativas del pr\u00f3ximo 8 de marzo con un ambiente de violencia y zozobra, especialmente en departamentos en los que hacen presencia grupos armados ilegales. <\/p>\n<p class=\"\">El crimen ha suscitado un rechazo un\u00e1nime de todos los sectores pol\u00edticos. \u201cExigimos al gobierno dar con su paradero, y a sus captores su liberaci\u00f3n inmediata.\u201d, ha escrito la aspirante presidencial del uribismo, la senadora caucana y opositora Paloma Valencia. \u201cExijo que mi compa\u00f1era, colega y amiga Aida Quilcu\u00e9 sea encontrada pronto, sana y salva. Expreso toda mi solidaridad al CRIC, a los pueblos ind\u00edgenas y me pongo a disposici\u00f3n para lo que se requiera hacer de inmediato\u201d, escribi\u00f3 a su vez el candidato oficialista Iv\u00e1n Cepeda. \u201c\u00a1Esto es inaceptable Cuando la vida de una l\u00edder pol\u00edtica est\u00e1 en riesgo, toda la democracia est\u00e1 en riesgo. Condeno el secuestro de la senadora Aida Quilcu\u00e9 y su equipo. Toda mi solidaridad con sus familiares y cercanos. El Gobierno nacional debe dar garant\u00edas reales de seguridad a todos, sin importar el partido\u00bb, ha terciado el candidato de centro, Sergio Fajardo.<\/p>\n","protected":false},"excerpt":{"rendered":"La senadora ind\u00edgena Aida Quilcu\u00e9 permaneci\u00f3 secuestrada durante varias horas. Alrededor del mediod\u00eda de este martes, perdi\u00f3 comunicaci\u00f3n&hellip;\n","protected":false},"author":2,"featured_media":390807,"comment_status":"","ping_status":"","sticky":false,"template":"","format":"standard","meta":{"footnotes":""},"categories":[42],"tags":[889,17,18,45333,1803,85026,13,14,11,13937,61,62,63,64,19,20,1804,9,10,15,16,12,21,22,65,66,67],"class_list":["post-390806","post","type-post","status-publish","format-standard","has-post-thumbnail","category-internacional","tag-america","tag-breaking-news","tag-breakingnews","tag-cauca","tag-colombia","tag-congreso-colombia","tag-featured-news","tag-featurednews","tag-headlines","tag-indigenas","tag-internacional","tag-international","tag-international-news","tag-internationalnews","tag-latest-news","tag-latestnews","tag-latinoamerica","tag-news","tag-noticias","tag-noticias-destacadas","tag-noticiasdestacadas","tag-titulares","tag-ultimas-noticias","tag-ultimasnoticias","tag-world","tag-world-news","tag-worldnews"],"share_on_mastodon":{"url":"https:\/\/pubeurope.com\/@es\/116050129501328969","error":""},"_links":{"self":[{"href":"https:\/\/www.europesays.com\/es\/wp-json\/wp\/v2\/posts\/390806","targetHints":{"allow":["GET"]}}],"collection":[{"href":"https:\/\/www.europesays.com\/es\/wp-json\/wp\/v2\/posts"}],"about":[{"href":"https:\/\/www.europesays.com\/es\/wp-json\/wp\/v2\/types\/post"}],"author":[{"embeddable":true,"href":"https:\/\/www.europesays.com\/es\/wp-json\/wp\/v2\/users\/2"}],"replies":[{"embeddable":true,"href":"https:\/\/www.europesays.com\/es\/wp-json\/wp\/v2\/comments?post=390806"}],"version-history":[{"count":0,"href":"https:\/\/www.europesays.com\/es\/wp-json\/wp\/v2\/posts\/390806\/revisions"}],"wp:featuredmedia":[{"embeddable":true,"href":"https:\/\/www.europesays.com\/es\/wp-json\/wp\/v2\/media\/390807"}],"wp:attachment":[{"href":"https:\/\/www.europesays.com\/es\/wp-json\/wp\/v2\/media?parent=390806"}],"wp:term":[{"taxonomy":"category","embeddable":true,"href":"https:\/\/www.europesays.com\/es\/wp-json\/wp\/v2\/categories?post=390806"},{"taxonomy":"post_tag","embeddable":true,"href":"https:\/\/www.europesays.com\/es\/wp-json\/wp\/v2\/tags?post=390806"}],"curies":[{"name":"wp","href":"https:\/\/api.w.org\/{rel}","templated":true}]}}