{"id":391125,"date":"2026-02-11T08:38:11","date_gmt":"2026-02-11T08:38:11","guid":{"rendered":"https:\/\/www.europesays.com\/es\/391125\/"},"modified":"2026-02-11T08:38:11","modified_gmt":"2026-02-11T08:38:11","slug":"radio-vaticana-celebra-el-dia-mundial-de-la-radio-con-siete-programas-multilingues","status":"publish","type":"post","link":"https:\/\/www.europesays.com\/es\/391125\/","title":{"rendered":"Radio Vaticana celebra el D\u00eda Mundial de la Radio con siete programas multiling\u00fces"},"content":{"rendered":"<p>El 13 de febrero de 2026, con motivo del D\u00eda Mundial de la Radio (WRD), Radio Vaticana \u2013 Vatican News promueve una iniciativa especial en siete idiomas con siete programas de radio que se convertir\u00e1n en podcasts tem\u00e1ticos dedicados al futuro de la radio, al servicio p\u00fablico, a la innovaci\u00f3n y a la relaci\u00f3n entre los medios, la sociedad y la inteligencia artificial, bajo el lema \u201cAI is a tool, not a voice\u201d (La IA es una herramienta, no una voz).<\/p>\n<p style=\"text-align: justify;\">Vatican News<\/p>\n<p style=\"text-align: justify;\">La iniciativa llega un d\u00eda despu\u00e9s del 95\u00ba cumplea\u00f1os de la Radio de los Papas: el 12 de febrero de 2026. Fundada en 1931 por voluntad del Papa P\u00edo XI y realizada por el padre de la radio, Guglielmo Marconi, la emisora del Papa representa una de las experiencias radiof\u00f3nicas m\u00e1s antiguas del mundo, nacida para conectar a la Santa Sede con todos los rincones del planeta y hablar a diversos pueblos, culturas e idiomas.<\/p>\n<p>\u201cAI is a tool, not a voice\u201d <\/p>\n<p style=\"text-align: justify;\">En el centro de los programas estar\u00e1 el tema elegido para el WRD 2026: \u201cAI is a tool, not a voice\u201d. Una afirmaci\u00f3n que se convierte en punto de reflexi\u00f3n y di\u00e1logo a la luz del <a href=\"https:\/\/www.vatican.va\/content\/leo-xiv\/es\/messages\/communications\/documents\/20260124-messaggio-comunicazioni-sociali.html\" rel=\"external nofollow noopener\" target=\"_blank\">Mensaje del Santo Padre para la Jornada Mundial de las Comunicaciones Sociales 2026<\/a>, que reclama el valor de la responsabilidad humana, del discernimiento y de la voz aut\u00e9ntica en la comunicaci\u00f3n en la era de la inteligencia artificial.<\/p>\n<p>      <a href=\"https:\/\/www.vaticannews.va\/es\/papa\/news\/2026-01\/jornada-mundial-comunicaciones-2026-voces-rostros-humano-ia.html\" title=\"Jornada Mundial de las Comunicaciones: Preservar las voces y rostros humanos\" rel=\"nofollow noopener\" target=\"_blank\"><\/p>\n<p>         <img decoding=\"async\" src=\"data:image\/gif;base64,R0lGODlhAQABAIAAAAAAAP\/\/\/yH5BAEAAAAALAAAAAABAAEAAAIBRAA7\" data-original=\"https:\/\/www.vaticannews.va\/content\/dam\/vaticannews\/multimedia\/2026\/gennaio\/24\/WhatsApp-Image-2026-01-24-at-11.19.21_rsz.jpg\/_jcr_content\/renditions\/cq5dam.thumbnail.cropped.500.281.jpeg\" alt=\"Jornada Mundial de las Comunicaciones: Preservar las voces y rostros humanos\"\/><\/p>\n<p>       <\/a><\/p>\n<p>\n       En su mensaje para la 60 Jornada Mundial de las Comunicaciones Sociales el Papa Le\u00f3n XIV llama a una alianza entre responsabilidad, cooperaci\u00f3n y educaci\u00f3n para preservar las voces &#8230;\n      <\/p>\n<p> <br \/>\nLas voces de expertos internacionales, directivos, acad\u00e9micos e innovadores <\/p>\n<p style=\"text-align: justify;\">Los siete programas contar\u00e1n con la participaci\u00f3n de expertos internacionales, directivos de emisoras, acad\u00e9micos, innovadores y profesionales del sector radiof\u00f3nico y medi\u00e1tico. Todos ellos han sido convocados para reflexionar sobre c\u00f3mo la radio -un medio profundamente humano, hecho de voz, relaci\u00f3n y proximidad- puede habitar el tiempo de la IA sin perder su propia identidad.<\/p>\n<p style=\"text-align: justify;\">Para el programa en lengua italiana, intervendr\u00e1n Andrea Borgnino, responsable editorial de RaiPlay Sound; Ivana Faccioli, directora de RTL 102.5 News; Massimiliano Menichetti, vicedirector editorial responsable de Radio Vaticana \u2013 Vatican News; y Alessandro Gisotti, presidente del Radio and Audio News Group de la EBU.<\/p>\n<p>Los invitados de los programas en ingl\u00e9s, franc\u00e9s y alem\u00e1n <\/p>\n<p style=\"text-align: justify;\">En la emisi\u00f3n en lengua inglesa participar\u00e1n el Padre Felmar Castrodes Fiel, SVD, director general de Radio Veritas Asia, junto a Elizabeth O\u2019Malley, responsable de redacci\u00f3n y programaci\u00f3n de Radio Maria England. Por su parte, el programa en lengua francesa contar\u00e1 con las aportaciones de Baptiste Detombe, autor del libro \u201cL&#8217;homme d\u00e9mantel\u00e9\u201d; el Padre Ernest Kouadio, doctor en comunicaci\u00f3n social y especialista en la relaci\u00f3n entre Iglesia e IA; y Florent Latrive, responsable de estrategias digitales de Radio France.<\/p>\n<p style=\"text-align: justify;\">En cuanto a la lengua alemana, se podr\u00e1n escuchar las reflexiones de Gregor Schmalzried, experto en IA, periodista y podcaster de ARD en Alemania; Stefan Kollinger, director de innovaci\u00f3n de la ORF austriaca; y Philip Meyer, miembro del consejo editorial de la SRF suiza.<\/p>\n<p>Las voces de los programas en espa\u00f1ol, portugu\u00e9s y polaco <\/p>\n<p style=\"text-align: justify;\">Los invitados encargados de enriquecer el debate en espa\u00f1ol ser\u00e1n Noel D\u00edaz, director de la red Radio ESNE para EE. UU. y Centroam\u00e9rica; Fray Miguel Gull\u00f3n, presidente de la Asociaci\u00f3n Latinoamericana de Educaci\u00f3n y Comunicaci\u00f3n Popular (ALER); y Eva Fern\u00e1ndez, corresponsal de Radio COPE Espa\u00f1a.<\/p>\n<p style=\"text-align: justify;\">En lengua portuguesa, participar\u00e1n el Padre Jos\u00e9 In\u00e1cio de Medeiros, CSsR, exdirector general de R\u00e1dio Aparecida; Fernando Geronazzo, asesor de comunicaci\u00f3n de la Archidi\u00f3cesis de S\u00e3o Paulo; el Padre Danilo Pinto dos Santos de la Archidi\u00f3cesis de Salvador; y el director de R\u00e1dio Excelsior da Bahia.<\/p>\n<p style=\"text-align: justify;\">Finalmente, para la lengua polaca, intervendr\u00e1n Patrycja Micho\u0144ska, CEO de Radio Plus (Eurozet); Don Mariusz Wedziuk, director del Foro de Radios Cat\u00f3licas Independientes; Miros\u0142aw Kasprzak, responsable de Radio Lublin; y Krzysztof Kiryczyk, coordinador de redactores de Radio Zet.<\/p>\n<p>Radio Vaticana: unir al mundo con las ondas de la voz <\/p>\n<p style=\"text-align: justify;\">Los programas pondr\u00e1n en di\u00e1logo experiencias provenientes de Europa, \u00c1frica, Am\u00e9rica Latina y Asia, mostrando c\u00f3mo la radio sigue siendo un instrumento insustituible de proximidad, educaci\u00f3n, evangelizaci\u00f3n, servicio p\u00fablico e innovaci\u00f3n.<\/p>\n<p style=\"text-align: justify;\">A 95 a\u00f1os de su nacimiento, la Radio del Papa, construida por Marconi, confirma as\u00ed su vocaci\u00f3n originaria: unir al mundo a trav\u00e9s de las ondas de la voz, hoy tambi\u00e9n a trav\u00e9s de los podcasts y las nuevas plataformas digitales. En la \u00e9poca de la inteligencia artificial, la radio quiere recordar al mundo que: la tecnolog\u00eda puede ser sin duda una herramienta, pero la voz seguir\u00e1 siendo siempre humana.<\/p>\n","protected":false},"excerpt":{"rendered":"El 13 de febrero de 2026, con motivo del D\u00eda Mundial de la Radio (WRD), Radio Vaticana \u2013&hellip;\n","protected":false},"author":2,"featured_media":391126,"comment_status":"","ping_status":"","sticky":false,"template":"","format":"standard","meta":{"footnotes":""},"categories":[170],"tags":[146,147,25,24,136,2950,184,185,12629,59502,23],"class_list":["post-391125","post","type-post","status-publish","format-standard","has-post-thumbnail","category-musica","tag-entertainment","tag-entretenimiento","tag-es","tag-espana","tag-inteligencia-artificial","tag-medios-de-comunicacion","tag-music","tag-musica","tag-papa","tag-radio-vaticano","tag-spain"],"share_on_mastodon":{"url":"https:\/\/pubeurope.com\/@es\/116051096958946045","error":""},"_links":{"self":[{"href":"https:\/\/www.europesays.com\/es\/wp-json\/wp\/v2\/posts\/391125","targetHints":{"allow":["GET"]}}],"collection":[{"href":"https:\/\/www.europesays.com\/es\/wp-json\/wp\/v2\/posts"}],"about":[{"href":"https:\/\/www.europesays.com\/es\/wp-json\/wp\/v2\/types\/post"}],"author":[{"embeddable":true,"href":"https:\/\/www.europesays.com\/es\/wp-json\/wp\/v2\/users\/2"}],"replies":[{"embeddable":true,"href":"https:\/\/www.europesays.com\/es\/wp-json\/wp\/v2\/comments?post=391125"}],"version-history":[{"count":0,"href":"https:\/\/www.europesays.com\/es\/wp-json\/wp\/v2\/posts\/391125\/revisions"}],"wp:featuredmedia":[{"embeddable":true,"href":"https:\/\/www.europesays.com\/es\/wp-json\/wp\/v2\/media\/391126"}],"wp:attachment":[{"href":"https:\/\/www.europesays.com\/es\/wp-json\/wp\/v2\/media?parent=391125"}],"wp:term":[{"taxonomy":"category","embeddable":true,"href":"https:\/\/www.europesays.com\/es\/wp-json\/wp\/v2\/categories?post=391125"},{"taxonomy":"post_tag","embeddable":true,"href":"https:\/\/www.europesays.com\/es\/wp-json\/wp\/v2\/tags?post=391125"}],"curies":[{"name":"wp","href":"https:\/\/api.w.org\/{rel}","templated":true}]}}