{"id":391755,"date":"2026-02-11T16:26:08","date_gmt":"2026-02-11T16:26:08","guid":{"rendered":"https:\/\/www.europesays.com\/es\/391755\/"},"modified":"2026-02-11T16:26:08","modified_gmt":"2026-02-11T16:26:08","slug":"la-otan-lanza-una-mision-de-vigilancia-en-el-artico-tras-la-crisis-de-groenlandia-internacional","status":"publish","type":"post","link":"https:\/\/www.europesays.com\/es\/391755\/","title":{"rendered":"La OTAN lanza una misi\u00f3n de vigilancia en el \u00c1rtico tras la crisis de Groenlandia | Internacional"},"content":{"rendered":"<p class=\"\">La OTAN ha anunciado este mi\u00e9rcoles la puesta en marcha de una misi\u00f3n de vigilancia reforzada en la zona del \u00c1rtico. Denominado Arctic Sentry (Centinela \u00c1rtico), el operativo, del que todav\u00eda se tienen que perfilar muchos detalles, as\u00ed como qu\u00e9 fuerzas lo integrar\u00e1n, responde al <a href=\"https:\/\/elpais.com\/internacional\/2026-01-21\/trump-anuncia-un-principio-de-acuerdo-sobre-groenlandia-y-retira-la-amenaza-de-aranceles.html\" target=\"_self\" rel=\"nofollow noopener\" title=\"https:\/\/elpais.com\/internacional\/2026-01-21\/trump-anuncia-un-principio-de-acuerdo-sobre-groenlandia-y-retira-la-amenaza-de-aranceles.html\">principio de acuerdo alcanzado en el foro de Davos<\/a> (Suiza) entre el presidente estadounidense, Donald Trump, y el secretario general de la Alianza, Marc Rutte, para bajar la tensi\u00f3n tras las amenazas anexionistas del republicano sobre Groenlandia. <\/p>\n<p class=\"\">Dicho pacto abordaba dos asuntos principales. Por un lado, la cuesti\u00f3n de Groenlandia en s\u00ed y los intereses de Estados Unidos sobre este territorio aut\u00f3nomo de Dinamarca, que ha rechazado una y otra vez cualquier cesi\u00f3n de soberan\u00eda, est\u00e1n siendo negociados, con mucha discreci\u00f3n, <a href=\"https:\/\/elpais.com\/internacional\/2026-01-22\/dinamarca-asegura-que-el-acuerdo-de-ee-uu-y-la-otan-sobre-groenlandia-no-cuestiona-la-soberania-danesa.html\" target=\"_self\" rel=\"nofollow noopener\" title=\"https:\/\/elpais.com\/internacional\/2026-01-22\/dinamarca-asegura-que-el-acuerdo-de-ee-uu-y-la-otan-sobre-groenlandia-no-cuestiona-la-soberania-danesa.html\">de forma bilateral<\/a> \u2014o trilateral, dado que incluye a las autoridades groenlandesas\u2014 entre Washington y Copenhague. Pero Rutte se hab\u00eda comprometido a responder en nombre de la OTAN a las inquietudes en materia de seguridad de la zona del \u00c1rtico, donde se est\u00e1n abriendo cada vez m\u00e1s v\u00edas mar\u00edtimas por el cambio clim\u00e1tico, y las potenciales amenazas que supone el inter\u00e9s creciente de Rusia y China. La respuesta a esta parte del acuerdo es la misi\u00f3n ahora perfilada.<\/p>\n<p class=\"\">\u201cEl \u00c1rtico y el alto Norte son cada vez m\u00e1s importantes para nuestra seguridad colectiva\u201d, ha subrayado Rutte al anunciar la nueva misi\u00f3n. En este sentido, \u201cArctic Sentry subraya el compromiso de la Alianza de proteger a sus miembros y mantener la estabilidad en una de las zonas m\u00e1s importantes desde el punto de vista estrat\u00e9gico y m\u00e1s dif\u00edciles desde el punto de vista medioambiental del mundo\u201d, ha declarado, por su parte, el comandante supremo de las fuerzas aliadas en Europa, el general estadounidense Alexus G. Grynkewich, bajo cuyo mando se han trazado los planes del operativo. Este \u201caprovechar\u00e1 la fuerza de la OTAN para proteger\u201d el territorio \u201cy garantizar la seguridad del \u00c1rtico y el Extremo Norte\u201d, ha agregado en un comunicado.<\/p>\n<p class=\"\">Pese a que la crisis entre Europa y Washington por las ambiciones de Trump sobre la isla \u00e1rtica ha precipitado el operativo, fuentes de la OTAN aseguran que \u201cno se trata solo de Groenlandia\u201d, algo que ser\u00eda una visi\u00f3n \u201cmiope\u201d, sino de reforzar la vigilancia en una regi\u00f3n que cada vez preocupa m\u00e1s. Y subrayan que no se trata de una operaci\u00f3n ofensiva, sino que tiene car\u00e1cter \u201cdefensivo, transparente y cooperativo\u201d. Lo que se busca es que los aliados est\u00e9n m\u00e1s \u201calineados\u201d y sean m\u00e1s \u201c\u00e1giles\u201d ante cualquier amenaza a la seguridad en el \u00c1rtico que pueda surgir, y que la respuesta se produzca en el marco de la Alianza Atl\u00e1ntica.<\/p>\n<p class=\"\">Entre los detalles a\u00fan por especificar est\u00e1 la composici\u00f3n de la misi\u00f3n, aunque las fuentes ya han adelantado que constar\u00e1, entre otros, de vigilancia mar\u00edtima y a\u00e9rea en la zona. Tambi\u00e9n est\u00e1 por ver qu\u00e9 pa\u00edses participar\u00e1n en el despliegue, que busca integrar otras operaciones en la regi\u00f3n, como los ejercicios militares de Noruega Cold Response o los que Dinamarca ha lanzado con apoyo de algunas tropas internacionales en Groenlandia bajo el nombre Arctic Endurance. <\/p>\n<p class=\"\">Fue precisamente el env\u00edo de algunos militares y oficiales de enlace de pa\u00edses como Francia, Noruega, Finlandia o Reino Unido a Groenlandia a comienzos de a\u00f1o lo que desat\u00f3 la furia de Trump, que amenaz\u00f3 a esos pa\u00edses con <a href=\"https:\/\/elpais.com\/internacional\/2026-01-17\/trump-anuncia-que-impondra-nuevos-aranceles-del-25-a-los-paises-que-participan-en-las-maniobras-en-groenlandia.html\" target=\"_self\" rel=\"nofollow noopener\" title=\"https:\/\/elpais.com\/internacional\/2026-01-17\/trump-anuncia-que-impondra-nuevos-aranceles-del-25-a-los-paises-que-participan-en-las-maniobras-en-groenlandia.html\">aranceles de hasta un 25% si no se retiraban de la isla<\/a> que ans\u00eda, elevando al m\u00e1ximo la tensi\u00f3n transatl\u00e1ntica. Esa \u00faltima amenaza provoc\u00f3 una firme respuesta de la UE, que cerr\u00f3 filas con Dinamarca y se dijo dispuesta a dar una fuerte respuesta a Washington, desde levantar la suspensi\u00f3n de aranceles adicionales a las importaciones de EE UU por valor de 93.000 millones de euros a hacer uso de su instrumento anticoerci\u00f3n, nunca antes utilizado. Horas antes de que los l\u00edderes europeos decidieran alguna medida en una reuni\u00f3n de emergencia convocada en Bruselas, la mediaci\u00f3n de Rutte permiti\u00f3 desescalar la crisis con una salida negociada que ahora tiene su primer resultado en esta misi\u00f3n de la OTAN.<\/p>\n<p><img decoding=\"auto\" class=\"_re lazyload a_m-h\" height=\"277\"  width=\"414\"  src=\"https:\/\/www.europesays.com\/es\/wp-content\/uploads\/2026\/02\/3A2DQ5QFSBMZJMFNBIL2RUSPC4.jpg\" loading=\"lazy\"\/>El secretario general de la OTAN, Mark Rutte, este mi\u00e9rcoles en Bruselas. Tom Nicholson (REUTERS)<\/p>\n<p class=\"\">Arctic Sentry no tiene una fecha concreta de duraci\u00f3n, algo que, subrayan fuentes aliadas, tampoco se hace con otras misiones similares, como la lanzada en el B\u00e1ltico (Baltic Sentry) en enero de 2025 para responder a amenazas h\u00edbridas de Rusia, de la que se sospecha que estaba detr\u00e1s de los sabotajes a los cables submarinos que cruzan el B\u00e1ltico. En septiembre pasado, la OTAN lanz\u00f3 otra misi\u00f3n de vigilancia <a href=\"https:\/\/elpais.com\/internacional\/2025-09-12\/la-otan-desplegara-nuevos-cazas-para-blindar-el-flanco-este-tras-la-incursion-de-drones-en-polonia.html\" target=\"_self\" rel=\"nofollow noopener\" title=\"https:\/\/elpais.com\/internacional\/2025-09-12\/la-otan-desplegara-nuevos-cazas-para-blindar-el-flanco-este-tras-la-incursion-de-drones-en-polonia.html\">en su flanco este<\/a> tras la incursi\u00f3n de drones rusos en Polonia. <\/p>\n<p class=\"\">Fuentes aliadas europeas reconocen que el objetivo m\u00e1s a corto plazo de esta misi\u00f3n es aplacar a Trump y demostrar que se responde a sus quejas por la seguridad para que no vuelva a las andadas con Groenlandia, extremo que, sin embargo, nadie se atreve a descartar. Pero tambi\u00e9n indican que la preocupaci\u00f3n por el potencial peligro que implica el deshielo en el \u00c1rtico \u2014que se calienta cuatro veces m\u00e1s r\u00e1pido que el resto del planeta\u2014 es anterior a Trump y que ya se estaba trabajando en explorar c\u00f3mo la OTAN puede o debe responder a esas amenazas de un futuro m\u00e1s o menos inmediato. <\/p>\n<p class=\"\">Esta zona ya no es una frontera lejana; el cambio clim\u00e1tico est\u00e1 cambiando la situaci\u00f3n y esto es algo que la Alianza se toma muy en serio, se subraya tambi\u00e9n desde la estructura de la organizaci\u00f3n transatl\u00e1ntica. \u201cPara la OTAN, el \u00c1rtico ya no es una periferia lejana, es una primera l\u00ednea\u201d, ha declarado al respecto una alta fuente de la organizaci\u00f3n a periodistas bajo condici\u00f3n de anonimato. Seg\u00fan afirma, no se trata solo de la apertura con el deshielo de nuevas rutas mar\u00edtimas. Se ha registrado tambi\u00e9n, asegura, un aumento de la actividad militar de Rusia, que ha ampliado sus bases en el \u00c1rtico y ha desplegado armamento avanzado. <\/p>\n<p class=\"\">Tambi\u00e9n se ha constatado el creciente inter\u00e9s de China, que se ha declarado un \u201cEstado casi \u00e1rtico y est\u00e1 invirtiendo en infraestructuras polares\u201d. Todo ello unido a una \u201cfragilidad medioambiental\u201d provocada por el deshielo que hace que \u201ccualquier conflicto o accidente pueda tener consecuencias irreversibles para la OTAN\u201d.<\/p>\n","protected":false},"excerpt":{"rendered":"La OTAN ha anunciado este mi\u00e9rcoles la puesta en marcha de una misi\u00f3n de vigilancia reforzada en la&hellip;\n","protected":false},"author":2,"featured_media":391756,"comment_status":"","ping_status":"","sticky":false,"template":"","format":"standard","meta":{"footnotes":""},"categories":[42],"tags":[1618,17,18,1616,2496,15229,352,13,14,29392,11,61,62,63,64,19,20,9,10,15,16,1613,32075,12,21,22,1617,65,66,67],"class_list":["post-391755","post","type-post","status-publish","format-standard","has-post-thumbnail","category-internacional","tag-artico","tag-breaking-news","tag-breakingnews","tag-defensa","tag-dinamarca","tag-diplomacia","tag-donald-trump","tag-featured-news","tag-featurednews","tag-groenlandia","tag-headlines","tag-internacional","tag-international","tag-international-news","tag-internationalnews","tag-latest-news","tag-latestnews","tag-news","tag-noticias","tag-noticias-destacadas","tag-noticiasdestacadas","tag-otan","tag-tensiones-territoriales","tag-titulares","tag-ultimas-noticias","tag-ultimasnoticias","tag-union-europea","tag-world","tag-world-news","tag-worldnews"],"share_on_mastodon":{"url":"","error":"Validation failed: Text character limit of 500 exceeded"},"_links":{"self":[{"href":"https:\/\/www.europesays.com\/es\/wp-json\/wp\/v2\/posts\/391755","targetHints":{"allow":["GET"]}}],"collection":[{"href":"https:\/\/www.europesays.com\/es\/wp-json\/wp\/v2\/posts"}],"about":[{"href":"https:\/\/www.europesays.com\/es\/wp-json\/wp\/v2\/types\/post"}],"author":[{"embeddable":true,"href":"https:\/\/www.europesays.com\/es\/wp-json\/wp\/v2\/users\/2"}],"replies":[{"embeddable":true,"href":"https:\/\/www.europesays.com\/es\/wp-json\/wp\/v2\/comments?post=391755"}],"version-history":[{"count":0,"href":"https:\/\/www.europesays.com\/es\/wp-json\/wp\/v2\/posts\/391755\/revisions"}],"wp:featuredmedia":[{"embeddable":true,"href":"https:\/\/www.europesays.com\/es\/wp-json\/wp\/v2\/media\/391756"}],"wp:attachment":[{"href":"https:\/\/www.europesays.com\/es\/wp-json\/wp\/v2\/media?parent=391755"}],"wp:term":[{"taxonomy":"category","embeddable":true,"href":"https:\/\/www.europesays.com\/es\/wp-json\/wp\/v2\/categories?post=391755"},{"taxonomy":"post_tag","embeddable":true,"href":"https:\/\/www.europesays.com\/es\/wp-json\/wp\/v2\/tags?post=391755"}],"curies":[{"name":"wp","href":"https:\/\/api.w.org\/{rel}","templated":true}]}}