{"id":391931,"date":"2026-02-11T19:01:09","date_gmt":"2026-02-11T19:01:09","guid":{"rendered":"https:\/\/www.europesays.com\/es\/391931\/"},"modified":"2026-02-11T19:01:09","modified_gmt":"2026-02-11T19:01:09","slug":"atresmedia-registra-este-titulo-para-su-programa","status":"publish","type":"post","link":"https:\/\/www.europesays.com\/es\/391931\/","title":{"rendered":"Atresmedia registra este t\u00edtulo para su programa"},"content":{"rendered":"<p class=\"article-text\">\n        <strong>Atresmedia <\/strong>contin\u00faa dando forma al <strong>nuevo programa<\/strong> de <strong>Marc Gir\u00f3<\/strong>, su <a href=\"https:\/\/www.eldiario.es\/vertele\/noticias\/marc-giro-deja-rtve-ficha-atresmedia-presentar-nuevo-programa-lasexta_1_12900322.html\" target=\"_blank\" data-mrf-recirculation=\"links-noticia\" class=\"link\" rel=\"nofollow noopener\">gran fichaje<\/a> anunciado el pasado mes de enero y que desembarcar\u00e1 en el <strong>prime time de laSexta<\/strong> a lo largo de 2026. El grupo audiovisual se encuentra barajando distintas opciones para vertebrar los contenidos del formato, adem\u00e1s del <strong>t\u00edtulo<\/strong> con el que se presentar\u00e1 ante la audiencia. Por el momento, <strong>Cara al show<\/strong> es una de las denominaciones con mayor peso.\n    <\/p>\n<p>    <a href=\"https:\/\/www.eldiario.es\/vertele\/noticias\/ultimo-late-xou-marc-giro-rtve-mensaje-despedida-comentario-no-presagiar-final_1_12922969.html\" data-mrf-recirculation=\"saber-mas\" data-dl-event=\"saber-mas\" rel=\"nofollow noopener\" target=\"_blank\"><\/p>\n<p class=\"know-more__title\">As\u00ed fue el \u00faltimo &#8216;Late Xou&#8217; de Marc Gir\u00f3 en RTVE, sin mensaje de despedida y al ritmo de La Internacional<\/p>\n<p>            <img decoding=\"async\" class=\"lazy\" loading=\"lazy\" data-src=\"https:\/\/static.eldiario.es\/clip\/f3470ed6-646e-4799-b958-5656db447bae_16-9-aspect-ratio_default_0.jpg\" src=\"data:image\/svg+xml,%3Csvg xmlns=\" http:=\"\" viewbox=\"0 0 880 495\" alt=\"As\u00ed fue el \u00faltimo 'Late Xou' de Marc Gir\u00f3 en RTVE, sin mensaje de despedida y al ritmo de La Internacional\"\/><\/p>\n<p>                        <\/a><\/p>\n<p class=\"article-text\">\n        La <strong>propuesta de nombre<\/strong> para el programa, adelantado por <a href=\"https:\/\/www.elconfidencialdigital.com\/articulo\/medios\/cara-show-asi-es-nuevo-programa-marc-giro-sexta\/202602110500001003029.html\" target=\"_blank\" data-mrf-recirculation=\"links-noticia\" class=\"link\" rel=\"nofollow noopener\">El Confidencial Digital<\/a> y confirmado por <strong>verTele<\/strong>, acompa\u00f1ar\u00e1 a una <strong>f\u00f3rmula de entretenimiento<\/strong> a\u00fan por cerrar. Se trata de una evidente alusi\u00f3n al himno falangista, cuyos postulados extremos han sido p\u00fablicamente criticados por Gir\u00f3 en distintos <a href=\"https:\/\/www.eldiario.es\/vertele\/noticias\/marc-giro-late-xou-rtve-franco-no-quieren-conmemorar-muerte-culpa-estuve-cinco-anos-profugo_1_12031014.html\" target=\"_blank\" data-mrf-recirculation=\"links-noticia\" class=\"link\" rel=\"nofollow noopener\">mon\u00f3logos<\/a> a lo largo de su carrera. Esta denominaci\u00f3n ya est\u00e1 registrada<strong> <\/strong>en la <strong>Oficina Espa\u00f1ola de Patentes y Marcas (OEPM)<\/strong>.\n    <\/p>\n<p class=\"article-text\">\n        M\u00e1s all\u00e1 del t\u00edtulo, la columna vertebral del nuevo programa que se estrenar\u00e1 pr\u00f3ximamente en laSexta estar\u00e1 formada por elevadas dosis de <strong>humor y entrevistas<\/strong> a rostros muy reconocidos por los espectadores. Marc Gir\u00f3 asegur\u00f3 anteriormente en RAC1 que su intenci\u00f3n era que Cara al show mantuviese una<strong> tendencia continuista<\/strong> con <strong>Late Xou<\/strong>, el formato que present\u00f3 entre 2023 y 2026 a trav\u00e9s de los distintos canales de <strong>RTVE<\/strong>.\n    <\/p>\n<p class=\"article-text\">\n        El presentador, ya en la n\u00f3mina de Atresmedia, se convirti\u00f3 en uno de los rostros de cabecera para la radiotelevisi\u00f3n p\u00fablica. Su desembarco se produjo exactamente el domingo 15 de enero de 2023, con la primera entrega de Late Xou en el<strong> late night de La 1<\/strong> para Catalu\u00f1a y en catal\u00e1n. Meses m\u00e1s tarde, dio el salto al <strong>late night de La 2<\/strong>, con sus emisiones ya en castellano. A comienzos del 2025, Gir\u00f3 <strong>&#8216;ascendi\u00f3&#8217; al prime time <\/strong>de la principal cadena estatal.\n    <\/p>\n<p>    <a href=\"https:\/\/www.eldiario.es\/vertele\/noticias\/ataque-machista-rosa-belmonte-sarah-santaolalla-hormiguero-mitad-tonta-mitad-tetas_1_12980807.html\" data-mrf-recirculation=\"saber-mas-abajo\" data-dl-event=\"saber-mas-abajo\" rel=\"nofollow noopener\" target=\"_blank\"><\/p>\n<p class=\"know-more__title\">Ataque machista de Rosa Belmonte a Sarah Santaolalla desde &#8216;El Hormiguero&#8217;: \u201c\u00bfLa mitad tonta y la mitad tetas?\u201d<\/p>\n<p>            <img decoding=\"async\" class=\"lazy\" loading=\"lazy\" data-src=\"https:\/\/static.eldiario.es\/clip\/4f318b78-34f1-4dc5-866e-12f32c2bcace_16-9-aspect-ratio_default_0.jpg\" src=\"data:image\/svg+xml,%3Csvg xmlns=\" http:=\"\" viewbox=\"0 0 880 495\" alt=\"Ataque machista de Rosa Belmonte a Sarah Santaolalla desde 'El Hormiguero': &quot;\u00bfLa mitad tonta y la mitad tetas?&quot;\"\/><\/p>\n<p>                        <\/a><\/p>\n<p>            <img decoding=\"async\" class=\"lazy\" loading=\"lazy\" data-src=\"https:\/\/static.eldiario.es\/clip\/da7af31a-c96f-4aad-828c-b69605126a05_16-9-discover-aspect-ratio_default_0.jpg\" src=\"data:image\/svg+xml,%3Csvg xmlns=\" http:=\"\" viewbox=\"0 0 1200 675\" alt=\"Marc Gir\u00f3 ficha por Atresmedia tras varias temporadas en RTVE\"\/><\/p>\n<p>    El regreso de Marc Gir\u00f3 a laSexta con &#8216;Cara al show&#8217;<\/p>\n<p class=\"article-text\">\n        Con el anuncio de su fichaje, Atresmedia confirm\u00f3 el regreso de Marc Gir\u00f3 a laSexta. La cadena fue la primera en apostar por \u00e9l a nivel nacional en el a\u00f1o 2013, cuando se estren\u00f3 como colaborador de <strong>En el aire<\/strong>. Tiempo despu\u00e9s de trabajar con Andreu Buenafuente dio el salto a espacios como <strong>Zapeando<\/strong>, <strong>Espejo P\u00fablico<\/strong> o incluso como presentador de las <strong>pre\u00favas <\/strong>en <strong>Feliz A\u00f1o Neox<\/strong>. El nuevo programa se concibe como un paso m\u00e1s en la apuesta del grupo por el humor irreverente.\n    <\/p>\n","protected":false},"excerpt":{"rendered":"Atresmedia contin\u00faa dando forma al nuevo programa de Marc Gir\u00f3, su gran fichaje anunciado el pasado mes de&hellip;\n","protected":false},"author":2,"featured_media":350102,"comment_status":"","ping_status":"","sticky":false,"template":"","format":"standard","meta":{"footnotes":""},"categories":[171],"tags":[380,151,2608,146,85146,147,25,24,7957,5622,6489,2145,8873,2269,526,23,2349,214],"class_list":["post-391931","post","type-post","status-publish","format-standard","has-post-thumbnail","category-tv","tag-al","tag-atresmedia","tag-cara","tag-entertainment","tag-entonara","tag-entretenimiento","tag-es","tag-espana","tag-giro","tag-lasexta","tag-marc","tag-programa","tag-propio","tag-registra","tag-show","tag-spain","tag-titulo","tag-tv"],"share_on_mastodon":{"url":"https:\/\/pubeurope.com\/@es\/116053546287742350","error":""},"_links":{"self":[{"href":"https:\/\/www.europesays.com\/es\/wp-json\/wp\/v2\/posts\/391931","targetHints":{"allow":["GET"]}}],"collection":[{"href":"https:\/\/www.europesays.com\/es\/wp-json\/wp\/v2\/posts"}],"about":[{"href":"https:\/\/www.europesays.com\/es\/wp-json\/wp\/v2\/types\/post"}],"author":[{"embeddable":true,"href":"https:\/\/www.europesays.com\/es\/wp-json\/wp\/v2\/users\/2"}],"replies":[{"embeddable":true,"href":"https:\/\/www.europesays.com\/es\/wp-json\/wp\/v2\/comments?post=391931"}],"version-history":[{"count":0,"href":"https:\/\/www.europesays.com\/es\/wp-json\/wp\/v2\/posts\/391931\/revisions"}],"wp:featuredmedia":[{"embeddable":true,"href":"https:\/\/www.europesays.com\/es\/wp-json\/wp\/v2\/media\/350102"}],"wp:attachment":[{"href":"https:\/\/www.europesays.com\/es\/wp-json\/wp\/v2\/media?parent=391931"}],"wp:term":[{"taxonomy":"category","embeddable":true,"href":"https:\/\/www.europesays.com\/es\/wp-json\/wp\/v2\/categories?post=391931"},{"taxonomy":"post_tag","embeddable":true,"href":"https:\/\/www.europesays.com\/es\/wp-json\/wp\/v2\/tags?post=391931"}],"curies":[{"name":"wp","href":"https:\/\/api.w.org\/{rel}","templated":true}]}}