{"id":391993,"date":"2026-02-11T19:55:09","date_gmt":"2026-02-11T19:55:09","guid":{"rendered":"https:\/\/www.europesays.com\/es\/391993\/"},"modified":"2026-02-11T19:55:09","modified_gmt":"2026-02-11T19:55:09","slug":"meloni-reactiva-las-deportaciones-de-migrantes-a-albania-y-la-posibilidad-de-bloquear-buques-de-rescate-internacional","status":"publish","type":"post","link":"https:\/\/www.europesays.com\/es\/391993\/","title":{"rendered":"Meloni reactiva las deportaciones de migrantes a Albania y la posibilidad de bloquear buques de rescate | Internacional"},"content":{"rendered":"<p class=\"\">El Gobierno italiano de la ultraderechista Giorgia Meloni, tras aprobar la semana pasada <a href=\"https:\/\/elpais.com\/internacional\/2026-02-05\/meloni-aprueba-que-la-policia-pueda-retener-12-horas-a-sospechosos-de-potenciales-altercados-antes-de-una-manifestacion.html\" target=\"_self\" rel=\"nofollow noopener\" title=\"https:\/\/elpais.com\/internacional\/2026-02-05\/meloni-aprueba-que-la-policia-pueda-retener-12-horas-a-sospechosos-de-potenciales-altercados-antes-de-una-manifestacion.html\">un decreto ley que restringe el derecho de manifestaci\u00f3n<\/a>, ha aprobado este mi\u00e9rcoles un proyecto de ley que permite establecer un bloqueo naval, de uno a seis meses, que impida a embarcaciones entrar en aguas territoriales italianas, pensado para botes de migrantes y buques de las ONG que los rescatan en alta mar. Seg\u00fan el texto legal citado por los medios italianos, ser\u00e1 posible cuando las autoridades consideren que se dan una serie de circunstancias de seguridad u orden p\u00fablico. Por ejemplo, un aumento \u201cexcepcional\u201d de la presi\u00f3n migratoria, una emergencia sanitaria, riesgo de infiltraci\u00f3n de terroristas o eventos internacionales de alto nivel. Las violaciones del bloqueo acarrear\u00e1n multas de 10.000 a 50.000 euros y en caso de reincidencia, el secuestro de la nave.<\/p>\n<p class=\"\">Ya hay juristas que advierten de que esta medida va contra la legislaci\u00f3n internacional y la Convenci\u00f3n de la ONU sobre Derecho del Mar, ratificada por Italia. Es decir, se avecina un nuevo choque entre el Gobierno y los jueces italianos. Seg\u00fan la Convenci\u00f3n, no se puede impedir el paso de una nave que sea inofensiva y ning\u00fan pa\u00eds puede a\u00f1adir supuestos a los que ya se contemplan. A\u00fan menos, opinan los expertos, a naves que han prestado socorro a n\u00e1ufragos en una operaci\u00f3n SAR (Search And Rescue, b\u00fasqueda y rescate) y piden un puerto seguro para atracar. <\/p>\n<p class=\"\">Adem\u00e1s, recurriendo a la posibilidad que <a href=\"https:\/\/elpais.com\/internacional\/2026-02-10\/europa-avanza-hacia-la-creacion-de-centros-de-deportacion-de-inmigrantes-fuera-de-la-ue.html\" target=\"_self\" rel=\"nofollow noopener\" title=\"https:\/\/elpais.com\/internacional\/2026-02-10\/europa-avanza-hacia-la-creacion-de-centros-de-deportacion-de-inmigrantes-fuera-de-la-ue.html\">ya apuntan los cambios legislativos en la UE<\/a>, la nueva ley italiana prev\u00e9, seg\u00fan los medios italianos, que los migrantes interceptados en alta mar puedan ser llevados a \u201cterceros pa\u00edses distintos del de pertenencia o procedencia\u201d con los que Italia tenga acuerdos y a centros \u201ccon fines de repatriaci\u00f3n\u201d. Traducido, Meloni vuelve a reactivar las controvertidas deportaciones a Albania, que hasta ahora<a href=\"https:\/\/elpais.com\/internacional\/2024-11-26\/meloni-renuncia-por-ahora-a-las-deportaciones-a-albania-el-centro-de-internamiento-se-vacia-y-el-personal-vuelve-a-casa.html\" target=\"_self\" rel=\"nofollow noopener\" title=\"https:\/\/elpais.com\/internacional\/2024-11-26\/meloni-renuncia-por-ahora-a-las-deportaciones-a-albania-el-centro-de-internamiento-se-vacia-y-el-personal-vuelve-a-casa.html\"> han sido un fracaso y un derroche de dinero p\u00fablico<\/a>. Ya lo hab\u00eda anunciado: en diciembre <a href=\"https:\/\/elpais.com\/internacional\/2025-12-17\/los-cambios-sobre-migracion-en-la-ue-envalentonan-a-meloni-para-retomar-las-deportaciones-a-albania.html\" target=\"_self\" rel=\"nofollow noopener\" title=\"https:\/\/elpais.com\/internacional\/2025-12-17\/los-cambios-sobre-migracion-en-la-ue-envalentonan-a-meloni-para-retomar-las-deportaciones-a-albania.html\">proclam\u00f3 a gritos en un mitin, marcando las s\u00edlabas, que pensaba volver a poner en marcha las deportaciones<\/a> en 2026: \u201c\u00a1Fun-cio-na-r\u00e1n!\u201c.<\/p>\n<p>Posibles destinos<\/p>\n<p class=\"\">Los jueces italianos han anulado hasta ahora los tres traslados de migrantes del Gobierno al campo de internamiento de Gjad\u00ebr, en el noroeste de Albania, entre octubre de 2024 y enero de 2025. Desde entonces est\u00e1 pr\u00e1cticamente vac\u00edo, aunque ha estado deportando<a href=\"https:\/\/elpais.com\/internacional\/2025-04-11\/meloni-hace-un-cuarto-intento-de-trasladar-migrantes-a-albania-tras-otro-retoque-legal-a-la-norma.html\" target=\"_self\" rel=\"nofollow noopener\" title=\"https:\/\/elpais.com\/internacional\/2025-04-11\/meloni-hace-un-cuarto-intento-de-trasladar-migrantes-a-albania-tras-otro-retoque-legal-a-la-norma.html\"> migrantes que ya estaban retenidos en Italia en centros de repatriaci\u00f3n<\/a>.<\/p>\n<p class=\"\">Esta vez, sin embargo, Meloni cree que por fin ha llegado su momento, arropada por la UE. La nueva lista de pa\u00edses considerados seguros, aprobada el martes en el Parlamento Europeo, incluye a Banglad\u00e9s, Colombia, Egipto, Kosovo, India, Marruecos y T\u00fanez. Por tanto, a las personas de estos pa\u00edses se les podr\u00e1 aplicar un protocolo r\u00e1pido de rechazo de la petici\u00f3n de asilo, pues se presupone que no tienen derecho a \u00e9l. <\/p>\n<p class=\"\">Es justo lo que siempre ha querido hacer Meloni en el centro de internamiento italiano en Albania, y lo que empiezan a barajar otros pa\u00edses de la UE con destinos como Uganda o Montenegro. Precisamente de Banglad\u00e9s y Egipto es de donde vienen la mayor parte de los migrantes que llegan por mar a Italia desde Libia y T\u00fanez. En 2025 desembarcaron en Italia m\u00e1s de 66.000 migrantes, una cifra similar a la del a\u00f1o anterior. En Espa\u00f1a, fueron casi la mitad en 2025, 36.775, y en 2024, 64.000.<\/p>\n<p>Bloqueo naval<\/p>\n<p class=\"\">Por otro lado, con el bloqueo naval Meloni cumple una de sus promesas electorales m\u00e1s dr\u00e1sticas. Es tambi\u00e9n una vieja obsesi\u00f3n del l\u00edder de la Liga y vicepresidente del Gobierno, Matteo Salvini, que como ministro de Interior entre 2018 y 2019 declar\u00f3 una pol\u00edtica de \u201cpuertos cerrados\u201d y abri\u00f3 una aut\u00e9ntica cruzada contra las ONG de rescate de migrantes. <\/p>\n<p class=\"\">No obstante, a la hora de aplicar el bloqueo naval las ONG extranjeras no est\u00e1n obligadas a acatar \u00f3rdenes de un Gobierno ajeno para que desembarque n\u00e1ufragos en un tercer pa\u00eds, seg\u00fan establecen las normas internacionales. Ya suced\u00eda con las deportaciones a Albania: solo pod\u00edan enviarse al pa\u00eds balc\u00e1nico los migrantes auxiliados por naves italianas, tanto de guardia costera como de ONG.<\/p>\n<p><img decoding=\"auto\" class=\"_re lazyload a_m-h\" height=\"277\"  width=\"414\"  src=\"https:\/\/www.europesays.com\/es\/wp-content\/uploads\/2026\/02\/ZTPLO3XB3BFENIZOPUUSZE2M2I.JPG\" loading=\"lazy\"\/>El buque &#8216;Aquarius&#8217; de SOS M\u00e9diterran\u00e9e fletado por la ONG M\u00e9dicos Sin Fronteras, en junio de 2018.OSCAR CORRAL<\/p>\n<p class=\"\">Por tanto, es probable que llegue pronto otro choque entre Gobierno italiano y organizaciones de socorro de migrantes, como sucedi\u00f3 entre 2018 y 2019. Entonces, el caso m\u00e1s emblem\u00e1tico fue el del Aquarius, una nave con m\u00e1s de 600 migrantes a bordo a la que en junio de 2018 Salvini prohibi\u00f3 el desembarco en Italia. <a href=\"https:\/\/elpais.com\/politica\/2018\/06\/11\/actualidad\/1528738561_755266.html\" target=\"_self\" rel=\"nofollow noopener\" title=\"https:\/\/elpais.com\/politica\/2018\/06\/11\/actualidad\/1528738561_755266.html\">Acab\u00f3 siendo acogida en Espa\u00f1a<\/a> por el reci\u00e9n estrenado Gobierno de Pedro S\u00e1nchez, que acababa de ganar la moci\u00f3n de censura. <\/p>\n<p class=\"\">El verano siguiente estuvo marcado por nuevos incidentes y uno de ellos, con el barco espa\u00f1ol Open Arms, acab\u00f3 llevando a Salvini al banquillo, acusado de secuestro de personas por impedir el desembarco de 147 migrantes que llevaba a bordo. <a href=\"https:\/\/elpais.com\/internacional\/2025-12-17\/el-supremo-italiano-absuelve-definitivamente-a-salvini-por-impedir-el-desembarco-de-migrantes-del-barco-open-arms.html\" target=\"_self\" rel=\"nofollow noopener\" title=\"https:\/\/elpais.com\/internacional\/2025-12-17\/el-supremo-italiano-absuelve-definitivamente-a-salvini-por-impedir-el-desembarco-de-migrantes-del-barco-open-arms.html\">Fue absuelto definitivamente el pasado mes de diciembre<\/a>, un desenlace decisivo para que haya entrado de nuevo en escena el bloqueo naval. Pero sobre todo lo esencial es que el marco europeo ha cambiado: <a href=\"https:\/\/elpais.com\/internacional\/2025-11-17\/una-decada-de-muros-invisibles-el-legado-de-la-crisis-de-refugiados-en-europa.html\" target=\"_self\" rel=\"nofollow noopener\" title=\"https:\/\/elpais.com\/internacional\/2025-11-17\/una-decada-de-muros-invisibles-el-legado-de-la-crisis-de-refugiados-en-europa.html\">lo que antes era una anomal\u00eda del populismo italiano ahora ya es pol\u00edtica de la UE<\/a>.<\/p>\n<p class=\"\">El proyecto de ley, de 18 art\u00edculos, incluye otros puntos que restringen el derecho de asilo, seg\u00fan avanzan los medios italianos. Se limitan los motivos para recurrir el rechazo de una solicitud y adem\u00e1s recurrir la decisi\u00f3n no interrumpe una repatriaci\u00f3n en marcha. Tambi\u00e9n se aplican nuevas normas restrictivas para los centros de repatriaci\u00f3n, como reducir el derecho a usar el m\u00f3vil a tiempos y horarios establecidos. Por otro lado, los jueces podr\u00e1n expulsar a extranjeros condenados por delitos de violencia o amenaza a funcionarios p\u00fablicos, resistencia a la autoridad y otros, como contra las personas y el patrimonio o por la participaci\u00f3n en revueltas en centros de retenci\u00f3n. <\/p>\n<p class=\"\">La decisi\u00f3n de Italia llega al d\u00eda siguiente de que el en <a href=\"https:\/\/elpais.com\/internacional\/2026-02-10\/europa-avanza-hacia-la-creacion-de-centros-de-deportacion-de-inmigrantes-fuera-de-la-ue.html\" target=\"_self\" rel=\"nofollow noopener\" title=\"https:\/\/elpais.com\/internacional\/2026-02-10\/europa-avanza-hacia-la-creacion-de-centros-de-deportacion-de-inmigrantes-fuera-de-la-ue.html\">el Parlamento de la UE apruebe cruciales modificaciones en las normas europeas<\/a> que restringen el derecho de asilo, establecen nuevos criterios de qu\u00e9 es un tercer pa\u00eds seguro y permiten trasferir inmigrantes a esos estados. Este giro en la pol\u00edtica de asilo, gracias a la uni\u00f3n de populares, conservadores y extrema derecha, pero tambi\u00e9n con votos socialistas liberales de algunos pa\u00edses, es visto por Meloni como un triunfo personal. Y ella no ha tardado ni un d\u00eda en hacer propias esas nuevas normas, que pliegan la visi\u00f3n europea a la suya.<\/p>\n<p class=\"\">Las modificaciones aprobadas en Estrasburgo a\u00fan deben ser ratificadas por el Consejo europeo, que re\u00fane a los jefes de Gobierno de los 27 Estados miembros de la UE. Del mismo modo, el pacto europeo de migraci\u00f3n y asilo que da un volantazo a la derecha en estas pol\u00edticas no entra en vigor hasta el pr\u00f3ximo 12 de junio. Pero el Gobierno italiano ha querido dar una se\u00f1al inmediata, y adem\u00e1s, se trata de un decreto ley que a\u00fan debe pasar por el Parlamento, donde puede sufrir variaciones, y cuya puesta en marcha llevar\u00e1 unos meses. El objetivo es que est\u00e9 todo listo cuando empiece el buen tiempo y aumente el n\u00famero de llegadas de migrantes por mar.<\/p>\n","protected":false},"excerpt":{"rendered":"El Gobierno italiano de la ultraderechista Giorgia Meloni, tras aprobar la semana pasada un decreto ley que restringe&hellip;\n","protected":false},"author":2,"featured_media":391994,"comment_status":"","ping_status":"","sticky":false,"template":"","format":"standard","meta":{"footnotes":""},"categories":[42],"tags":[17,18,13,14,14655,11,590,895,61,62,63,64,628,19,20,8987,85159,9,10,15,16,1899,17342,12,21,22,4247,1617,65,66,67],"class_list":["post-391993","post","type-post","status-publish","format-standard","has-post-thumbnail","category-internacional","tag-breaking-news","tag-breakingnews","tag-featured-news","tag-featurednews","tag-giorgia-meloni","tag-headlines","tag-inmigracion","tag-inmigracion-irregular","tag-internacional","tag-international","tag-international-news","tag-internationalnews","tag-italia","tag-latest-news","tag-latestnews","tag-mar-mediterraneo","tag-matteo-salvini","tag-news","tag-noticias","tag-noticias-destacadas","tag-noticiasdestacadas","tag-ong","tag-salvamento-maritimo","tag-titulares","tag-ultimas-noticias","tag-ultimasnoticias","tag-ultraderecha","tag-union-europea","tag-world","tag-world-news","tag-worldnews"],"share_on_mastodon":{"url":"","error":"Validation failed: Text character limit of 500 exceeded"},"_links":{"self":[{"href":"https:\/\/www.europesays.com\/es\/wp-json\/wp\/v2\/posts\/391993","targetHints":{"allow":["GET"]}}],"collection":[{"href":"https:\/\/www.europesays.com\/es\/wp-json\/wp\/v2\/posts"}],"about":[{"href":"https:\/\/www.europesays.com\/es\/wp-json\/wp\/v2\/types\/post"}],"author":[{"embeddable":true,"href":"https:\/\/www.europesays.com\/es\/wp-json\/wp\/v2\/users\/2"}],"replies":[{"embeddable":true,"href":"https:\/\/www.europesays.com\/es\/wp-json\/wp\/v2\/comments?post=391993"}],"version-history":[{"count":0,"href":"https:\/\/www.europesays.com\/es\/wp-json\/wp\/v2\/posts\/391993\/revisions"}],"wp:featuredmedia":[{"embeddable":true,"href":"https:\/\/www.europesays.com\/es\/wp-json\/wp\/v2\/media\/391994"}],"wp:attachment":[{"href":"https:\/\/www.europesays.com\/es\/wp-json\/wp\/v2\/media?parent=391993"}],"wp:term":[{"taxonomy":"category","embeddable":true,"href":"https:\/\/www.europesays.com\/es\/wp-json\/wp\/v2\/categories?post=391993"},{"taxonomy":"post_tag","embeddable":true,"href":"https:\/\/www.europesays.com\/es\/wp-json\/wp\/v2\/tags?post=391993"}],"curies":[{"name":"wp","href":"https:\/\/api.w.org\/{rel}","templated":true}]}}