{"id":392070,"date":"2026-02-11T21:04:09","date_gmt":"2026-02-11T21:04:09","guid":{"rendered":"https:\/\/www.europesays.com\/es\/392070\/"},"modified":"2026-02-11T21:04:09","modified_gmt":"2026-02-11T21:04:09","slug":"la-otan-rechaza-que-centinela-del-artico-sea-un-mero-cambio-de-marca-para-apaciguar-a-trump","status":"publish","type":"post","link":"https:\/\/www.europesays.com\/es\/392070\/","title":{"rendered":"La OTAN rechaza que &#8216;Centinela del \u00c1rtico&#8217; sea un mero cambio de marca para apaciguar a Trump"},"content":{"rendered":"<p>\n                    Publicado                 11\/02\/2026 &#8211; 21:28 CET\u2022Ultima actualizaci\u00f3n<br \/>\n                                     21:34\n                                        <\/p>\n<p>Pocas horas tras anunciar el lanzamiento de su programa &#8216;Centinela del \u00c1rtico&#8217; (en ingl\u00e9s, &#8216;Artic Sentry&#8217;) este mi\u00e9rcoles, la alianza militar de la OTAN enfrenta acusaciones de que el nuevo plan, destinado a apaciguar al presidente de Estados Unidos, Donald Trump, <a href=\"https:\/\/es.euronews.com\/green\/2026\/02\/10\/urge-regular-el-carbono-negro-para-salvar-el-artico-pero-pesan-mas-las-tensiones-geopoliti\" rel=\"nofollow noopener\" target=\"_blank\">para que no invada militarmente Groenlandia<\/a>, <strong>no supone m\u00e1s que un cambio de nombre<\/strong> de lo que ya se ven\u00eda haciendo. <\/p>\n<p>La nueva actividad, <a href=\"https:\/\/es.euronews.com\/my-europe\/2026\/01\/26\/rutte-negociaciones-tripartitas-entre-dinamarca-groenlandia-y-eeuu\" rel=\"nofollow noopener\" target=\"_blank\">acordada durante una reuni\u00f3n entre Trump y el secretario general de la OTAN, Mark Rutte<\/a>, en Davos el mes pasado, pretende reforzar la postura de la OTAN en el \u00c1rtico reuniendo las actividades de los 32 aliados en la regi\u00f3n <strong>bajo una estrategia operativa global.<\/strong><\/p>\n<p>Entre ellas se incluyen la &#8216;<strong>Resiliencia \u00c1rtica<\/strong>&#8216; de Dinamarca, una serie de ejercicios dise\u00f1ados para mejorar la capacidad de los aliados para operar en la regi\u00f3n, y el &#8216;<strong>Respuesta Fr\u00eda<\/strong>&#8216; de Noruega, al que ya han empezado a llegar tropas de toda la alianza, seg\u00fan un comunicado.<\/p>\n<p>\u00abAnte el aumento de la actividad militar de Rusia y el creciente inter\u00e9s de China en la zona, era crucial que hici\u00e9ramos m\u00e1s\u00bb, ha declarado Rutte ante la prensa. \u00abPor primera vez, reuniremos todo lo que hacemos en el \u00c1rtico bajo un mismo mando. Al hacerlo, no solo aprovecharemos lo que estamos haciendo de forma mucho m\u00e1s eficaz y tendremos un mayor impacto, sino que tambi\u00e9n podremos evaluar qu\u00e9 lagunas existen, cu\u00e1les tenemos que cubrir, y por supuesto que las cubriremos\u00bb.<\/p>\n<p>Un oficial militar de alto rango de la OTAN admite que la presencia de la Alianza en el \u00c1rtico \u00abfluctuar\u00e1 con el tiempo\u00bb, pero rechaza las acusaciones de que &#8216;Centinela del \u00c1rtico&#8217; sea poco m\u00e1s que un ejercicio de cambio de imagen, <strong>se\u00f1alando que el modelo es un reflejo del &#8216;Centinela del B\u00e1ltico&#8217;<\/strong> y de los esfuerzos de la Alianza <strong>en el flanco oriental<\/strong>, que tambi\u00e9n han evolucionado desde su creaci\u00f3n.<\/p>\n<p>\u00abParte de esto consiste en aumentar nuestra conciencia de la regi\u00f3n, que es vasta y dura\u00bb, afirma este oficial. \u00abOperar en esa regi\u00f3n requiere un cierto conjunto de capacidades que, como alianza, tendremos que desarrollar con el tiempo. Vincular las actividades nacionales con las de la OTAN, como hicimos con gran \u00e9xito en el B\u00e1ltico, aumenta nuestra capacidad para seguir lo que est\u00e1 ocurriendo. Eso nos permite planificar y ejecutar mejor a medida que avanzamos\u00bb.<\/p>\n<p>El oficial argumenta que &#8216;Centinela del \u00c1rtico&#8217; demuestra que la alianza est\u00e1 \u00abintentando adelantarse\u00bb a las amenazas. \u00abNo estamos esperando a que ocurra un incidente de corte de cables o una incursi\u00f3n de drones, por ejemplo. Estamos tratando de adelantarnos a eso\u00bb, opina el oficial. Preguntado por lo que constituir\u00eda un \u00e9xito, el oficial cree que los aliados estar\u00e1n observando <strong>c\u00f3mo responden Rusia y China a su mayor actividad en el \u00c1rtico<\/strong> y har\u00e1n los ajustes necesarios.<\/p>\n<p><strong>Una mayor vigilancia<\/strong><\/p>\n<p>El esfuerzo estar\u00e1 dirigido por el <strong>Mando Conjunto de Fuerzas de Norfolk<\/strong>, el cuartel general operativo m\u00e1s reciente de la OTAN, cuya \u00e1rea de responsabilidad se ampli\u00f3 en diciembre para incluir todo el \u00c1rtico.<\/p>\n<p>La actividad de vigilancia reforzada se produce apenas unas semanas despu\u00e9s de que Trump amenazara con tomar por la fuerza Groenlandia, un territorio semiaut\u00f3nomo del Reino de Dinamarca, poniendo en peligro la existencia misma de la alianza militar de 70 a\u00f1os. Trump argument\u00f3 que Estados Unidos necesitaba Groenlandia <a href=\"https:\/\/es.euronews.com\/green\/2026\/01\/09\/mineria-clima-y-cortinas-de-humo-las-claves-del-interes-de-trump-por-groenlandia\" rel=\"nofollow noopener\" target=\"_blank\">por razones de \u00abseguridad nacional\u00bb<\/a>, citando la creciente actividad en la zona tanto de Rusia como de China, y fustig\u00f3 repetidamente a los aliados europeos por \u00abno hacer lo suficiente\u00bb para protegerla.<\/p>\n<p>La disputa entre ambos lados del Atl\u00e1ntico se resolvi\u00f3 despu\u00e9s de que Trump y Rutte acordaran un \u00abmarco para un futuro acuerdo sobre Groenlandia\u00bb, <strong>cuyos detalles no se conocen p\u00fablicamente<\/strong>. Estados Unidos, Groenlandia y Dinamarca mantienen actualmente conversaciones trilaterales, de acuerdo con el secretario general. \u00abLa apertura de las rutas mar\u00edtimas aumentar\u00e1 y, por lo tanto, es necesario asegurarse de que protegemos esta parte vital del territorio de la OTAN\u00bb.<\/p>\n<p>Se espera que los aliados comprometan individualmente activos en la regi\u00f3n en los pr\u00f3ximos meses. Reino Unido anunci\u00f3 el mi\u00e9rcoles que <strong>el n\u00famero de tropas brit\u00e1nicas desplegadas en Noruega se duplicar\u00e1 en tres a\u00f1os<\/strong>, pasando de 1.000 a 2.000.<\/p>\n","protected":false},"excerpt":{"rendered":"Publicado 11\/02\/2026 &#8211; 21:28 CET\u2022Ultima actualizaci\u00f3n 21:34 Pocas horas tras anunciar el lanzamiento de su programa &#8216;Centinela del&hellip;\n","protected":false},"author":2,"featured_media":392071,"comment_status":"","ping_status":"","sticky":false,"template":"","format":"standard","meta":{"footnotes":""},"categories":[42],"tags":[1618,17,18,1616,13,14,11,61,62,63,64,19,20,13066,9,10,15,16,1613,12,21,22,65,66,67],"class_list":["post-392070","post","type-post","status-publish","format-standard","has-post-thumbnail","category-internacional","tag-artico","tag-breaking-news","tag-breakingnews","tag-defensa","tag-featured-news","tag-featurednews","tag-headlines","tag-internacional","tag-international","tag-international-news","tag-internationalnews","tag-latest-news","tag-latestnews","tag-mark-rutte","tag-news","tag-noticias","tag-noticias-destacadas","tag-noticiasdestacadas","tag-otan","tag-titulares","tag-ultimas-noticias","tag-ultimasnoticias","tag-world","tag-world-news","tag-worldnews"],"share_on_mastodon":{"url":"","error":""},"_links":{"self":[{"href":"https:\/\/www.europesays.com\/es\/wp-json\/wp\/v2\/posts\/392070","targetHints":{"allow":["GET"]}}],"collection":[{"href":"https:\/\/www.europesays.com\/es\/wp-json\/wp\/v2\/posts"}],"about":[{"href":"https:\/\/www.europesays.com\/es\/wp-json\/wp\/v2\/types\/post"}],"author":[{"embeddable":true,"href":"https:\/\/www.europesays.com\/es\/wp-json\/wp\/v2\/users\/2"}],"replies":[{"embeddable":true,"href":"https:\/\/www.europesays.com\/es\/wp-json\/wp\/v2\/comments?post=392070"}],"version-history":[{"count":0,"href":"https:\/\/www.europesays.com\/es\/wp-json\/wp\/v2\/posts\/392070\/revisions"}],"wp:featuredmedia":[{"embeddable":true,"href":"https:\/\/www.europesays.com\/es\/wp-json\/wp\/v2\/media\/392071"}],"wp:attachment":[{"href":"https:\/\/www.europesays.com\/es\/wp-json\/wp\/v2\/media?parent=392070"}],"wp:term":[{"taxonomy":"category","embeddable":true,"href":"https:\/\/www.europesays.com\/es\/wp-json\/wp\/v2\/categories?post=392070"},{"taxonomy":"post_tag","embeddable":true,"href":"https:\/\/www.europesays.com\/es\/wp-json\/wp\/v2\/tags?post=392070"}],"curies":[{"name":"wp","href":"https:\/\/api.w.org\/{rel}","templated":true}]}}