{"id":392417,"date":"2026-02-12T01:57:12","date_gmt":"2026-02-12T01:57:12","guid":{"rendered":"https:\/\/www.europesays.com\/es\/392417\/"},"modified":"2026-02-12T01:57:12","modified_gmt":"2026-02-12T01:57:12","slug":"el-documental-de-melania-trump-en-pie-de-guerra-con-dos-nominados-al-oscar","status":"publish","type":"post","link":"https:\/\/www.europesays.com\/es\/392417\/","title":{"rendered":"El documental de Melania Trump, en pie de guerra con dos nominados al Oscar"},"content":{"rendered":"<p class=\"c-paragraph\">Tras abordar el terrorismo antisistema en\u00a0Una batalla tras otra,\u00a0una de las favoritas para los <b>premios Oscar 2026, <\/b>el director <b>Paul Thomas Anderson <\/b>libra ahora su propio combate con\u00a0<b>Donald Trump <\/b>y se\u00f1ora. La raz\u00f3n: una pieza musical incluida en Melaina, el tan tra\u00eddo y llevado documental de <b>Brett Ratner <\/b>sobre la primera dama estadounidense.\u00a0<\/p>\n<p class=\"c-paragraph\"><a href=\"https:\/\/variety.com\/2026\/film\/news\/melania-anderson-greenwood-want-phantom-thread-music-removed-1236656857\/\" rel=\"nofollow noreferrer noopener\" target=\"_blank\">Variety<\/a> informa de que la pel\u00edcula de Ratner emplea fragmentos de la BSO de El hilo invisible, el drama sobre el mundo de la moda que Anderson estren\u00f3 en 2017 con <b>Daniel Day-Lewis <\/b>y <b>Vicky Krieps <\/b>de protagonistas. Algo que no le ha hecho ninguna gracia al director, y menos aun a <b>Jonny Greenwood, <\/b>guitarrista de <b>Radiohead <\/b>y compositor de dicha partitura.\u00a0<\/p>\n<p>\u00abHan roto su acuerdo con el compositor\u00bb<\/p>\n<p class=\"c-paragraph\">Anderson y su m\u00fasico de cabecera han emitido un comunicado conjunto en el que expresan su malestar por esta apropiaci\u00f3n. Adem\u00e1s, exigen <b>que la m\u00fasica de Greenwood sea retirada de &#8216;Melania&#8217;.<\/b><\/p>\n<p class=\"c-paragraph\">\u00abHa llegado a nuestro conocimiento que el documental Melania emplea una pieza de la BSO de El hilo invisible\u00bb, comienza el mensaje. \u00abAunque Jonny Greenwood no posee el copyright de su banda sonora, <b>Universal <\/b>no le consult\u00f3 sobre este uso por parte de un tercero, lo cual <b>rompe su acuerdo con el compositor\u00bb.\u00a0<\/b><\/p>\n<p class=\"c-paragraph\"><b>Marc Beckman, <\/b>productor de la pel\u00edcula, <a href=\"https:\/\/ew.com\/melania-producer-slams-oscar-nominees-over-claim-about-doc-11904142\" rel=\"nofollow noreferrer noopener\" target=\"_blank\">ha respondido<\/a> desde Breitbart, uno de los medios de cabecera del trumpismo. <b>\u00abEs una mentira flagrante\u00bb, <\/b>asegura acerca de las quejas de Anderson y Greenwood. \u00abTenemos el derecho legal y los permisos para usar todas las canciones y las piezas musicales que hay en la pel\u00edcula. Lo hemos hecho todo bien. Seguimos el protocolo. Respetamos a los artistas, y hemos compensado a todo el mundo por su m\u00fasica\u00bb.\u00a0<\/p>\n<p class=\"c-paragraph\">\u00bfEmprender\u00e1n Jonny Greenwood y Paul Thomas Anderson acciones legales contra Ratner, Universal y <b>Amazon MGM <\/b>por este uso presuntamente indebido? Cualquiera sabe, pero, de ser as\u00ed, es posible que esto obligue a estrenar una versi\u00f3n reeditada de Melania: todo un palo para un documental cuya recaudaci\u00f3n en EE UU ha sido de <b>13 millones de d\u00f3lares <\/b>frente a un presupuesto que rondar\u00eda los\u00a0<b>75 millones.\u00a0<\/b><\/p>\n<p class=\"c-paragraph\">Por otra parte, si hablamos de la repercusi\u00f3n de las dos pel\u00edculas tanto el cineasta como el m\u00fasico pueden estar tranquilos. Mientras que El hilo invisible se gan\u00f3 aplausos en todo el mundo y fue nominada a seis Oscar, de los que gan\u00f3 uno, Melania se ha enfrentado al desd\u00e9n de la cr\u00edtica (<a href=\"https:\/\/www.rottentomatoes.com\/m\/melania\" rel=\"nofollow noreferrer noopener\" target=\"_blank\">Rotten Tomatoes<\/a> recoge <b>un 8% de opiniones positivas)<\/b> y es poco probable que pase a la historia, salvo como an\u00e9cdota.\u00a0<\/p>\n","protected":false},"excerpt":{"rendered":"Tras abordar el terrorismo antisistema en\u00a0Una batalla tras otra,\u00a0una de las favoritas para los premios Oscar 2026, el&hellip;\n","protected":false},"author":2,"featured_media":392418,"comment_status":"","ping_status":"","sticky":false,"template":"","format":"standard","meta":{"footnotes":""},"categories":[169],"tags":[177,146,147,25,24,176,19628,175,30192,3529,23],"class_list":["post-392417","post","type-post","status-publish","format-standard","has-post-thumbnail","category-cine","tag-cine","tag-entertainment","tag-entretenimiento","tag-es","tag-espana","tag-film","tag-melania-trump","tag-movies","tag-paul-thomas-anderson","tag-radiohead","tag-spain"],"share_on_mastodon":{"url":"https:\/\/pubeurope.com\/@es\/116055182153442991","error":""},"_links":{"self":[{"href":"https:\/\/www.europesays.com\/es\/wp-json\/wp\/v2\/posts\/392417","targetHints":{"allow":["GET"]}}],"collection":[{"href":"https:\/\/www.europesays.com\/es\/wp-json\/wp\/v2\/posts"}],"about":[{"href":"https:\/\/www.europesays.com\/es\/wp-json\/wp\/v2\/types\/post"}],"author":[{"embeddable":true,"href":"https:\/\/www.europesays.com\/es\/wp-json\/wp\/v2\/users\/2"}],"replies":[{"embeddable":true,"href":"https:\/\/www.europesays.com\/es\/wp-json\/wp\/v2\/comments?post=392417"}],"version-history":[{"count":0,"href":"https:\/\/www.europesays.com\/es\/wp-json\/wp\/v2\/posts\/392417\/revisions"}],"wp:featuredmedia":[{"embeddable":true,"href":"https:\/\/www.europesays.com\/es\/wp-json\/wp\/v2\/media\/392418"}],"wp:attachment":[{"href":"https:\/\/www.europesays.com\/es\/wp-json\/wp\/v2\/media?parent=392417"}],"wp:term":[{"taxonomy":"category","embeddable":true,"href":"https:\/\/www.europesays.com\/es\/wp-json\/wp\/v2\/categories?post=392417"},{"taxonomy":"post_tag","embeddable":true,"href":"https:\/\/www.europesays.com\/es\/wp-json\/wp\/v2\/tags?post=392417"}],"curies":[{"name":"wp","href":"https:\/\/api.w.org\/{rel}","templated":true}]}}