{"id":392522,"date":"2026-02-12T03:23:09","date_gmt":"2026-02-12T03:23:09","guid":{"rendered":"https:\/\/www.europesays.com\/es\/392522\/"},"modified":"2026-02-12T03:23:09","modified_gmt":"2026-02-12T03:23:09","slug":"adrian-fernandez-confirma-la-entrada-de-figoli-y-aclara-la-postura-del-csd-albiazules-es-recre","status":"publish","type":"post","link":"https:\/\/www.europesays.com\/es\/392522\/","title":{"rendered":"Adri\u00e1n Fern\u00e1ndez confirma la entrada de F\u00edgoli y aclara la postura del CSD &#8211; Albiazules.es | Recre"},"content":{"rendered":"<p>El presidente albiazul dej\u00f3 claro que el empresario argentino ya forma parte del accionariado del club y los motivos por los que el Consejo Superior de Deportes es desconocedor de ello.<\/p>\n<p><img fetchpriority=\"high\" decoding=\"async\" class=\"aligncenter size-medium\" src=\"https:\/\/www.europesays.com\/es\/wp-content\/uploads\/2026\/02\/55091092775_4e3ff2e5d8_o.jpg\" width=\"792\" height=\"500\"\/><\/p>\n<p>El accionariado del <strong>Real Club Recreativo de Huelva<\/strong> suma un nuevo nombre propio. <strong>Marcelo F\u00edgoli ya forma parte del capital social del Decano<\/strong>. As\u00ed lo confirm\u00f3 el presidente albiazul, <strong>Adri\u00e1n Fern\u00e1ndez<\/strong>, durante su intervenci\u00f3n en el espacio \u2018Sin Prisas\u2019, conducido por el comunicador Jota, poniendo fin a las dudas surgidas en los \u00faltimos d\u00edas tras las informaciones publicadas por <a href=\"https:\/\/www.huelva24.com\/albiazules\/04022026-el-exalbiazul-martin-caceres-vuelve-a-su-pais-para-jugar-en-el-equipo-de-marcelo-figoli\/\" data-wpel-link=\"exclude\" rel=\"nofollow noopener\" target=\"_blank\"><strong>Albiazules.es<\/strong><\/a>.<\/p>\n<p>El dirigente explic\u00f3 que la presencia del empresario argentino no contraviene la informaci\u00f3n facilitada recientemente por el Consejo Superior de Deportes. De hecho, aclar\u00f3 que <strong>\u00abel Consejo Superior de Deportes, todo lo que est\u00e9 por debajo del 5%, no tiene por qu\u00e9 ser conocedor del mismo\u00bb<\/strong>, en referencia al porcentaje accionarial que posee F\u00edgoli.<\/p>\n<p>Cabe recordar que el CSD traslad\u00f3 a este medio que el propietario de clubes como el Burgos CF y La Juventud de Las Piedras no figuraba inscrito en el Registro Estatal de Entidades Deportivas como accionista con participaci\u00f3n significativa \u2014ni directa ni indirecta\u2014 del Recreativo. <strong>La clave est\u00e1 en el matiz: su participaci\u00f3n no alcanza el umbral del 5% que obliga a dicha comunicaci\u00f3n formal<\/strong>.<\/p>\n<p><strong>Radiograf\u00eda del accionariado<\/strong><\/p>\n<p>Con la situaci\u00f3n ya aclarada, el reparto actual del capital social de la S.A.D. queda definido de la siguiente manera:<\/p>\n<p><strong>Decano Investments S.L.<\/strong> (antes GS Vael Management): 71,95%<br \/><strong>Huelva Deportes S.L.<\/strong> (empresa municipal): 21,92%<br \/><strong>Marcelo F\u00edgoli:<\/strong> 4,85%<br \/><strong>Accionistas minoritarios:<\/strong> 1,28%<\/p>\n<p>En este escenario, Adri\u00e1n Fern\u00e1ndez Romero contin\u00faa siendo el \u00fanico accionista con participaci\u00f3n significativa en la entidad a trav\u00e9s de la sociedad mayoritaria.<\/p>\n<p><strong>Cambio de nombre, no de rumbo<\/strong><\/p>\n<p>Otro de los aspectos abordados fue el cambio de denominaci\u00f3n social de la mercantil propietaria del paquete mayoritario. <strong>GS Vael Management pas\u00f3 a llamarse Decano Investments S.L., un movimiento que, seg\u00fan el presidente, responde a una cuesti\u00f3n de imagen y estructura corporativa m\u00e1s que a la entrada de nuevos socios<\/strong>.<\/p>\n<p>Adri\u00e1n rest\u00f3 trascendencia estrat\u00e9gica a la modificaci\u00f3n y explic\u00f3 que <strong>\u00able he cambiado el nombre porque nos parece m\u00e1s chulo. Hay que ir montando la estructura de una cosa en condiciones que adem\u00e1s suene bien. \u00bfQui\u00e9n es el m\u00e1ximo accionista del Recre? Decano Investments suena mejor\u00bb<\/strong>.<\/p>\n<p>Copyright 2009-2026 Albiazules.es.<\/p>\n","protected":false},"excerpt":{"rendered":"El presidente albiazul dej\u00f3 claro que el empresario argentino ya forma parte del accionariado del club y los&hellip;\n","protected":false},"author":2,"featured_media":392523,"comment_status":"","ping_status":"","sticky":false,"template":"","format":"standard","meta":{"footnotes":""},"categories":[268],"tags":[168,25,24,280,282,25760,59793,63770,281,23,167],"class_list":["post-392522","post","type-post","status-publish","format-standard","has-post-thumbnail","category-futbol","tag-deportes","tag-es","tag-espana","tag-football","tag-futbol","tag-marcador","tag-marcelo-figoli","tag-real-club-recreativo-de-huelva","tag-soccer","tag-spain","tag-sports"],"share_on_mastodon":{"url":"https:\/\/pubeurope.com\/@es\/116055520339864645","error":""},"_links":{"self":[{"href":"https:\/\/www.europesays.com\/es\/wp-json\/wp\/v2\/posts\/392522","targetHints":{"allow":["GET"]}}],"collection":[{"href":"https:\/\/www.europesays.com\/es\/wp-json\/wp\/v2\/posts"}],"about":[{"href":"https:\/\/www.europesays.com\/es\/wp-json\/wp\/v2\/types\/post"}],"author":[{"embeddable":true,"href":"https:\/\/www.europesays.com\/es\/wp-json\/wp\/v2\/users\/2"}],"replies":[{"embeddable":true,"href":"https:\/\/www.europesays.com\/es\/wp-json\/wp\/v2\/comments?post=392522"}],"version-history":[{"count":0,"href":"https:\/\/www.europesays.com\/es\/wp-json\/wp\/v2\/posts\/392522\/revisions"}],"wp:featuredmedia":[{"embeddable":true,"href":"https:\/\/www.europesays.com\/es\/wp-json\/wp\/v2\/media\/392523"}],"wp:attachment":[{"href":"https:\/\/www.europesays.com\/es\/wp-json\/wp\/v2\/media?parent=392522"}],"wp:term":[{"taxonomy":"category","embeddable":true,"href":"https:\/\/www.europesays.com\/es\/wp-json\/wp\/v2\/categories?post=392522"},{"taxonomy":"post_tag","embeddable":true,"href":"https:\/\/www.europesays.com\/es\/wp-json\/wp\/v2\/tags?post=392522"}],"curies":[{"name":"wp","href":"https:\/\/api.w.org\/{rel}","templated":true}]}}