{"id":392559,"date":"2026-02-12T03:53:08","date_gmt":"2026-02-12T03:53:08","guid":{"rendered":"https:\/\/www.europesays.com\/es\/392559\/"},"modified":"2026-02-12T03:53:08","modified_gmt":"2026-02-12T03:53:08","slug":"la-explicacion-que-el-arbitro-ha-dado-a-los-capitanes-sobre-la-mano-de-laporte-la-tiene-practicamente-pegada","status":"publish","type":"post","link":"https:\/\/www.europesays.com\/es\/392559\/","title":{"rendered":"La explicaci\u00f3n que el \u00e1rbitro ha dado a los capitanes sobre la mano de Laporte: \u00abLa tiene pr\u00e1cticamente pegada\u00bb"},"content":{"rendered":"<p>Pol\u00e9mica en el minuto 44. Caleta Car remat\u00f3 de cabeza a la salida de un c\u00f3rner y el bal\u00f3n impact\u00f3 en la mano derecha de  &#8230; Aymeric Laporte dentro del \u00e1rea. La Real Sociedad reclam\u00f3 penalti de inmediato y con tremenda insistencia.<\/p>\n<p class=\"v-p\">Lo hicieron en el campo los jugadores txuriurdin mientras en el banquillo Pellegrino Matarazzo protestaba con vehemencia tras ver la repetici\u00f3n. El colegiado Jos\u00e9 Mar\u00eda S\u00e1nchez Mart\u00ednez detuvo el duelo varios minutos en medio de la incertidumbre. En el lado contrario, Ernesto Valverde hac\u00eda gestos de calma y negaba que hubiera infracci\u00f3n porque alegaba con raz\u00f3n que su central ten\u00eda la mano hacia abajo.<\/p>\n<p class=\"v-p\">Desde el VAR, Mario Melero no llam\u00f3 al \u00e1rbitro a revisar la jugada. S\u00e1nchez Mart\u00ednez reuni\u00f3 a los dos capitanes sobre el c\u00e9sped y les explic\u00f3 su decisi\u00f3n, reiterando con gestos que no hab\u00eda nada punible. Oyarzabal no qued\u00f3 satisfecho y al inicio de la segunda parte mantuvo sus quejas ante el colegiado. \u00bfQu\u00e9 les coment\u00f3 a los capitanes? \u00abNos ha dicho que lo iba a revisar. Que la mano que le da es la que m\u00e1s cerca del cuerpo est\u00e1 y que la tiene pr\u00e1cticamente pegada y que no es punible pitar esos penaltis. Este \u00e1rbitro es un grand\u00edsimo \u00e1rbitro. Tiene personalidad y el VAR ha estado bien\u00bb. <\/p>\n<p class=\"v-p\">La interpretaci\u00f3n pudo apoyarse en dos argumentos: una posible falta previa o la consideraci\u00f3n de posici\u00f3n natural del brazo, que estaba hacia abajo en el momento del impacto. <\/p>\n","protected":false},"excerpt":{"rendered":"Pol\u00e9mica en el minuto 44. Caleta Car remat\u00f3 de cabeza a la salida de un c\u00f3rner y el&hellip;\n","protected":false},"author":2,"featured_media":392560,"comment_status":"","ping_status":"","sticky":false,"template":"","format":"standard","meta":{"footnotes":""},"categories":[93],"tags":[1926,168,25,24,2179,3238,6346,34,798,23,167],"class_list":["post-392559","post","type-post","status-publish","format-standard","has-post-thumbnail","category-deportes","tag-accion","tag-deportes","tag-es","tag-espana","tag-laporte","tag-mano","tag-penalti","tag-pide","tag-real","tag-spain","tag-sports"],"share_on_mastodon":{"url":"https:\/\/pubeurope.com\/@es\/116055638197422192","error":""},"_links":{"self":[{"href":"https:\/\/www.europesays.com\/es\/wp-json\/wp\/v2\/posts\/392559","targetHints":{"allow":["GET"]}}],"collection":[{"href":"https:\/\/www.europesays.com\/es\/wp-json\/wp\/v2\/posts"}],"about":[{"href":"https:\/\/www.europesays.com\/es\/wp-json\/wp\/v2\/types\/post"}],"author":[{"embeddable":true,"href":"https:\/\/www.europesays.com\/es\/wp-json\/wp\/v2\/users\/2"}],"replies":[{"embeddable":true,"href":"https:\/\/www.europesays.com\/es\/wp-json\/wp\/v2\/comments?post=392559"}],"version-history":[{"count":0,"href":"https:\/\/www.europesays.com\/es\/wp-json\/wp\/v2\/posts\/392559\/revisions"}],"wp:featuredmedia":[{"embeddable":true,"href":"https:\/\/www.europesays.com\/es\/wp-json\/wp\/v2\/media\/392560"}],"wp:attachment":[{"href":"https:\/\/www.europesays.com\/es\/wp-json\/wp\/v2\/media?parent=392559"}],"wp:term":[{"taxonomy":"category","embeddable":true,"href":"https:\/\/www.europesays.com\/es\/wp-json\/wp\/v2\/categories?post=392559"},{"taxonomy":"post_tag","embeddable":true,"href":"https:\/\/www.europesays.com\/es\/wp-json\/wp\/v2\/tags?post=392559"}],"curies":[{"name":"wp","href":"https:\/\/api.w.org\/{rel}","templated":true}]}}