{"id":392584,"date":"2026-02-12T04:16:17","date_gmt":"2026-02-12T04:16:17","guid":{"rendered":"https:\/\/www.europesays.com\/es\/392584\/"},"modified":"2026-02-12T04:16:17","modified_gmt":"2026-02-12T04:16:17","slug":"los-reyes-entregan-los-premios-nacionales-del-deporte-correspondientes-a-2023-y-2024","status":"publish","type":"post","link":"https:\/\/www.europesays.com\/es\/392584\/","title":{"rendered":"Los Reyes entregan los Premios Nacionales del Deporte correspondientes a 2023 y 2024"},"content":{"rendered":"<ul>\n<li><strong>Los futbolistas Rodrigo Hern\u00e1ndez \u2018Rodri\u2019 y Aitana Bonmat\u00ed fueron los ganadores de los Premios Rey Felipe y Reina Letizia correspondientes a 2023, mientras que los atletas \u00c1lvaro Mart\u00edn y Mar\u00eda P\u00e9rez lograron estas mismas distinciones como mejores deportistas individuales en 2024.<\/strong><\/li>\n<li><strong>El acto se celebr\u00f3 en el Palacio de El Pardo en presencia de la ministra de Educaci\u00f3n, Formaci\u00f3n Profesional y Deportes, Milagros Tol\u00f3n, y del presidente del Consejo Superior de Deportes, Jos\u00e9 Manuel Rodr\u00edguez Uribes.<\/strong><\/li>\n<\/ul>\n<p>Sus Majestades los Reyes han presidido este mi\u00e9rcoles en el Palacio de El Pardo (Madrid) la ceremonia de entrega de los Premios Nacionales del Deporte, con los que el Gobierno de Espa\u00f1a reconoce anualmente a trav\u00e9s del Consejo Superior de Deportes (CSD) a las personas y entidades que m\u00e1s se han distinguido en la competici\u00f3n o en la promoci\u00f3n del deporte.<\/p>\n<p>Entregados en presencia de la ministra de Educaci\u00f3n, Formaci\u00f3n Profesional y Deportes, Milagros Tol\u00f3n, y del presidente del CSD, Jos\u00e9 Manuel Rodr\u00edguez Uribes, los Premios Nacionales del Deporte correspondientes a 2023 y 2024 encumbraron en su m\u00e1xima categor\u00eda a los futbolistas Rodrigo Hern\u00e1ndez \u2018Rodri\u2019 y Aitana Bonmat\u00ed y a los atletas \u00c1lvaro Mart\u00edn y Mar\u00eda P\u00e9rez, ganadores respectivamente de los Premios Rey Felipe y Reina Letizia como mejores deportistas espa\u00f1oles en categor\u00eda masculina y femenina.<\/p>\n<p><strong>Rodri <\/strong>logr\u00f3 en 2023 la Premier League, la Liga de Campeones y la Copa de Inglaterra con el Manchester City y conquist\u00f3 con la selecci\u00f3n espa\u00f1ola la Liga de Naciones. Estos t\u00edtulos le valieron la nominaci\u00f3n para el Bal\u00f3n de Oro, que consigui\u00f3 un a\u00f1o despu\u00e9s.<\/p>\n<p>Por su parte, <strong>Aitana Bonmat\u00ed <\/strong>consagr\u00f3 en 2023 su estatus como figura indiscutible a nivel internacional al conseguir la Copa del Mundo con la selecci\u00f3n. Con el FC Barcelona a\u00f1adi\u00f3 a su palmar\u00e9s la Liga de Campeones, la Liga F y la Copa de la Reina, adem\u00e1s de conseguir ese mismo a\u00f1o el primero de sus tres Balones de Oro.<\/p>\n<p><strong>\u00c1lvaro Mart\u00edn y Mar\u00eda P\u00e9rez,<\/strong> por su parte, hicieron historia en 2024 al conquistar juntos el oro ol\u00edmpico en el relevo mixto de los Juegos de Par\u00eds, en los que tambi\u00e9n lograron de manera individual un bronce y una plata, respectivamente, en la prueba de los 20 kil\u00f3metros marcha.<\/p>\n<p>El Premio Princesa Leonor, que reconoce al o a la mejor deportista menor de 18 a\u00f1os, ha reca\u00eddo en la edici\u00f3n de 2023 en la jugadora de baloncesto <strong>Iyana Mart\u00edn.<\/strong> La joven logr\u00f3 ese a\u00f1o la plata en el Mundial sub-19 de Hungr\u00eda -en el que tambi\u00e9n fue elegida MVP-, y consigui\u00f3 el bronce en el Europeo sub-18 de Turqu\u00eda.<\/p>\n<p>En su edici\u00f3n de 2024, este premio se ha concedido a la jugadora de baloncesto <strong>Awa Fam, <\/strong>quien consigui\u00f3 los t\u00edtulos de subcampeona del Eurobasket sub-18 y sub-20 con la selecci\u00f3n espa\u00f1ola, adem\u00e1s de ser elegida parte del quinteto ideal y MVP, respectivamente. <\/p>\n<p>El Premio Infanta Sof\u00eda, que pone en valor el impulso del deporte practicado por personas con discapacidad, ha reca\u00eddo en la edici\u00f3n de 2023 en el <strong>Comit\u00e9 Espa\u00f1ol de Representantes de Personas con Discapacidad (CERMI)<\/strong>, por su contribuci\u00f3n y apoyo a las pol\u00edticas p\u00fablicas de impulso a la inclusi\u00f3n. En especial, durante el proceso de elaboraci\u00f3n y desarrollo reglamentario de la nueva Ley del Deporte. <\/p>\n<p><strong>Ricardo Ten<\/strong> ha sido reconocido con este galard\u00f3n en la edici\u00f3n de 2024. Ese a\u00f1o logr\u00f3, en el marco de los Juegos Paral\u00edmpicos de Par\u00eds, tres medallas -un oro, una plata y un bronce-.que ya forman parte de un palmar\u00e9s sobresaliente.<\/p>\n<p>Campe\u00f3n del mundo j\u00fanior de snowboard cross (SBX) en Italia y plata en la Copa del Mundo de Veysonnaz (Suiza), <strong>\u00c1lvaro Romero<\/strong> ha conseguido el Premio Rey Juan Carlos, con el que se reconoce al o a la deportista revelaci\u00f3n de 2023.<\/p>\n<p>El futbolista <strong>Lamine Yamal<\/strong> ha sido merecedor de este mismo galard\u00f3n en la edici\u00f3n correspondiente a 2024, cuando se proclam\u00f3 campe\u00f3n de la Eurocopa con la selecci\u00f3n espa\u00f1ola -siendo el jugador m\u00e1s joven en conseguirlo-. Fue designado mejor jugador joven del torneo y logr\u00f3 tambi\u00e9n el Trofeo Kopa a mejor jugador joven de la FIFA. <\/p>\n<p>Un gesto tan humano como deportivo ha hecho al atleta <strong>Ricardo Rosado<\/strong> poseedor del Premio Reina Sof\u00eda, que destaca el juego limpio y los valores del deporte. En el a\u00f1o 2023, en el marat\u00f3n de M\u00e1laga y a pocos metros de la meta, el deportista espa\u00f1ol decidi\u00f3 ceder su quinto puesto al keniano Kimtai Kiprono, quien hab\u00eda liderado la carrera durante gran parte del recorrido y se encontraba en apuros, renunciando as\u00ed al premio econ\u00f3mico. <\/p>\n<p><strong>Paula Leit\u00f3n<\/strong> ha sido la ganadora de ese mismo premio en la edici\u00f3n correspondiente a 2024. Despu\u00e9s de ganar el oro ol\u00edmpico en los Juegos de Par\u00eds, la waterpolista sufri\u00f3 una campa\u00f1a de acoso en redes sociales a causa de su f\u00edsico. Respondi\u00f3 reivindicando la diversidad de cuerpos y luchando contra la gordofobia y los discursos de odio dentro y fuera del deporte. <\/p>\n<p>La atleta <strong>Marileidy Paulino <\/strong>ha conseguido el Trofeo Comunidad Iberoamericana, que reconoce al o a la mejor deportista o entidad de Iberoam\u00e9rica. Paulino se convirti\u00f3 en el Mundial de atletismo de Budapest 2023 en la primera dominicana en veinte a\u00f1os en conquistar el t\u00edtulo de campeona del mundo individual, al dominar la prueba de los 400 metros. <\/p>\n<p>En la edici\u00f3n correspondiente a 2024, este galard\u00f3n ha sido concedido a la gimnasta brasile\u00f1a <strong>Rebeca Rodrigues de Andrade<\/strong>, quien hizo historia en los Juegos Ol\u00edmpicos de Par\u00eds al conseguir cuatro medallas: el oro en suelo, la plata en concurso individual y en salto de potro y el bronce en concurso por equipos. <\/p>\n<p>El Trofeo Uni\u00f3n Europea, destinado al mejor deportista, equipo o entidad de otro pa\u00eds miembro de la UE, ha reca\u00eddo en el <strong>equipo europeo que conquist\u00f3 la Copa Solheim de golf de 2023<\/strong>. Esa edici\u00f3n, disputada en Andaluc\u00eda, tuvo como gran protagonista a la espa\u00f1ola Carlota Ciganda. Fue ella quien anot\u00f3 el punto decisivo frente a Estados Unidos.<\/p>\n<p><strong>Femke Bol<\/strong> ha sido la galardonada con este reconocimiento en la edici\u00f3n de 2024. Un a\u00f1o en el que la atleta neerlandesa acumul\u00f3 un impresionante palmar\u00e9s, con un oro, una plata y un bronce en los Juegos Ol\u00edmpicos de Par\u00eds 2024.<\/p>\n<p><strong>La selecci\u00f3n espa\u00f1ola femenina de f\u00fatbol<\/strong>, campeona del mundo en 2023, ha conseguido la Copa Bar\u00f3n de G\u00fcell, que premia al mejor equipo o selecci\u00f3n. Se reconoce, as\u00ed, a una generaci\u00f3n ya convertida en leyenda y referente, que conquist\u00f3 en Australia el primer t\u00edtulo mundial absoluto de la historia del f\u00fatbol femenino espa\u00f1ol. <\/p>\n<p>En la edici\u00f3n de 2024, este premio se ha concedido a la <strong>selecci\u00f3n espa\u00f1ola femenina de waterpolo<\/strong>, medallista de oro en los Juegos Ol\u00edmpicos de Par\u00eds, de plata en el Europeo de Eindhoven y de bronce en el Campeonato del Mundo de Doha.<\/p>\n<p>La Copa Stadium, que pone en valor a las personas o instituciones que m\u00e1s han contribuido al fomento del deporte base, ha reca\u00eddo en la edici\u00f3n de los Premios Nacionales del Deportes de 2023 en la figura de <strong>Antonio Sabugueiro<\/strong>, fundador y organizador de la San Silvestre Vallecana Internacional y Popular.<\/p>\n<p><strong>The Ricky Rubio Foundation<\/strong>, por su parte, ha sido la entidad galardonada con la Copa Stadium de 2024. Ese a\u00f1o present\u00f3 el proyecto LungFit, una iniciativa que busca integrar el ejercicio f\u00edsico dentro del tratamiento oncol\u00f3gico para mejorar la calidad de vida de los pacientes con c\u00e1ncer de pulm\u00f3n. Adem\u00e1s, la fundaci\u00f3n destaca por su apoyo a programas de baloncesto para ni\u00f1os de barrios vulnerables y por promocionar el deporte como herramienta de inclusi\u00f3n social.<\/p>\n<p><strong>El Ayuntamiento de Gand\u00eda<\/strong> ha sido reconocido con el Premio Consejo Superior de Deportes como la entidad local espa\u00f1ola que m\u00e1s ha contribuido a la promoci\u00f3n del deporte en 2023. Adem\u00e1s de dedicar m\u00e1s de 200.000 euros al apoyo de clubes de base y celebrar m\u00e1s de mil actividades deportivas durante ese a\u00f1o, ha sido un ejemplo de implementaci\u00f3n de los fondos NextGenerationEU con la creaci\u00f3n de espacios innovadores para deportes urbanos, como el skate park que ya es un referente nacional.<\/p>\n<p>Este mismo premio, correspondiente a 2024, se ha concedido al <strong>Ayuntamiento de Tarragona.<\/strong> Durante ese a\u00f1o, la capital tarraconense acogi\u00f3 m\u00e1s de medio centenar de eventos deportivos que reunieron a m\u00e1s de 36.000 deportistas y generaron un impacto econ\u00f3mico de casi 10 millones de euros. <\/p>\n<p><strong>La Facultad de CAFYD de la Universidad de Extremadura<\/strong> ha ganado el Trofeo Joaqu\u00edn Blume, que destaca a los centros de ense\u00f1anza que m\u00e1s han contribuido al impulso del deporte. La UEX fue la universidad espa\u00f1ola mejor posicionada en el Shanghai Ranking of Sport Science Schools of Departments en 2023, siendo la decimotercera mejor valorada del mundo. <\/p>\n<p>En la edici\u00f3n de 2024, la <strong>Universidad de Murcia (UMU) y Universidad Cat\u00f3lica de Murcia (UCAM)<\/strong> han conseguido ex aequo ese galard\u00f3n.<\/p>\n<p>La UMU ha lanzado el proyecto UMUSALUD, un programa de ejercicio saludable en el entorno laboral, del que ya se benefician m\u00e1s del 22% de los trabajadores de esta universidad p\u00fablica de Murcia, ciudad que conmemor\u00f3 en 2025 sus 1.200 a\u00f1os de historia.<\/p>\n<p>Entre los logros de la UCAM, por su parte, destacan el liderazgo en los Campeonatos de Espa\u00f1a Universitarios y una presencia relevante en la Liga Endesa de baloncesto y en deportes como el tenis de mesa y el f\u00fatbol. Adem\u00e1s, fue la universidad del mundo con mayor participaci\u00f3n en Par\u00eds 2024, con 65 deportistas becados, los cuales lograron cinco oros, cinco platas, siete bronces y 45 diplomas.<\/p>\n<p>Por su contribuci\u00f3n a la divulgaci\u00f3n de la actividad f\u00edsico-deportiva, el Premio Nacional a las Artes y las Ciencias Aplicadas al Deporte ha reca\u00eddo en su edici\u00f3n de 2023 en <strong>Pedro Chueca<\/strong>, fisioterapeuta de la selecci\u00f3n espa\u00f1ola de f\u00fatbol durante m\u00e1s de dos d\u00e9cadas. <\/p>\n<p>En la edici\u00f3n de 2024, el galard\u00f3n ha sido concedido al traumat\u00f3logo <strong>Pedro Luis Ripoll<\/strong>, fundador de la Sociedad Espa\u00f1ola de Cirug\u00eda Artrosc\u00f3pica, miembro de la Comisi\u00f3n M\u00e9dico-Cient\u00edfica de la Real Federaci\u00f3n Espa\u00f1ola de F\u00fatbol y director de los servicios m\u00e9dicos de clubes de f\u00fatbol como el Elche, Almer\u00eda o H\u00e9rcules. Es consultor habitual de clubes deportivos del m\u00e1ximo nivel internacional. <\/p>\n<p>Finalmente, <strong>Alejandro Abascal y Alberto Jofre<\/strong> han conseguido el Premio Nacional Francisco Fern\u00e1ndez Ochoa de 2023 y 2024, respectivamente, por toda una vida dedicada al deporte. <\/p>\n<p>Alejandro Abascal particip\u00f3 en los Juegos Ol\u00edmpicos de 1976, 1980 y 1984, logrando la primera medalla de oro del deporte espa\u00f1ol en Mosc\u00fa 1980 en flying dutchman (vela), as\u00ed como dos medallas en los Campeonatos del Mundo de 1978 y 1979. Su contribuci\u00f3n m\u00e1s destacada ha sido como director deportivo y t\u00e9cnico de la Real Federaci\u00f3n Espa\u00f1ola de Vela y del Centro Especializado de Alto Rendimiento de Vela Pr\u00edncipe Felipe, entre 1996 y 2015, cuando Espa\u00f1a vivi\u00f3 su mejor etapa en vela ol\u00edmpica.<\/p>\n<p>Alberto Jofre, por su parte, ha sido durante treinta a\u00f1os director gerente del Comit\u00e9 Paral\u00edmpico Espa\u00f1ol. Considerado el mayor experto en deporte paral\u00edmpico de nuestro pa\u00eds, bajo su direcci\u00f3n se han conseguido m\u00e1s de 840 medallas en distintos Juegos. Fue, adem\u00e1s, el promotor del Plan ADOP. Previamente, como nadador, compiti\u00f3 en los Juegos Paral\u00edmpicos de Nueva York 1984, en los que logr\u00f3 cuatro medallas y un r\u00e9cord mundial.<\/p>\n<p><strong>M\u00e1s de cuatro d\u00e9cadas de Premios Nacionales del Deporte<\/strong><\/p>\n<p>Constituidos en 1982, los Premios Nacionales del Deporte han reconocido durante las \u00faltimas cuatro d\u00e9cadas a deportistas como Blanca Fern\u00e1ndez Ochoa, Arantxa S\u00e1nchez Vicario, Gemma Mengual, Sandra S\u00e1nchez, Alexia Putellas o Susana Rodr\u00edguez, en categor\u00eda femenina, y a Miguel Indurain, Pau Gasol, Rafa Nadal, Marc M\u00e1rquez, Sa\u00fal Craviotto, Jon Rahm o Carlos Alcaraz, en categor\u00eda masculina.<\/p>\n<p>Estos premios distinguen a aquellos deportistas, asociaciones, entidades y personas que hayan destacado por el impulso y la promoci\u00f3n de la actividad f\u00edsica y el deporte.<\/p>\n<p>Son, junto a los galardones de la Real Orden del M\u00e9rito Deportivo (medallas, placas y Gran Cruz), los mayores reconocimientos del Estado en materia deportiva. Son concedidos por el Gobierno de Espa\u00f1a a trav\u00e9s del Consejo Superior de Deportes.<\/p>\n<p><strong>Im\u00e1genes para uso editorial disponibles en:<\/strong><\/p>\n<p><a href=\"https:\/\/www.casareal.es\/ES\/ArchivoMultimedia\/Paginas\/subhome_archivo_multimedia.aspx\" rel=\"nofollow noopener\" target=\"_blank\">https:\/\/www.casareal.es\/ES\/ArchivoMultimedia\/Paginas\/subhome_archivo_multimedia.aspx<\/a><\/p>\n<p><a href=\"https:\/\/www.flickr.com\/photos\/149228308@N03\/\" rel=\"nofollow noopener\" target=\"_blank\">https:\/\/www.flickr.com\/photos\/149228308@N03\/<\/a><\/p>\n","protected":false},"excerpt":{"rendered":"Los futbolistas Rodrigo Hern\u00e1ndez \u2018Rodri\u2019 y Aitana Bonmat\u00ed fueron los ganadores de los Premios Rey Felipe y Reina&hellip;\n","protected":false},"author":2,"featured_media":392585,"comment_status":"","ping_status":"","sticky":false,"template":"","format":"standard","meta":{"footnotes":""},"categories":[93],"tags":[6042,24103,8916,1130,168,25,24,85263,2178,17322,85265,16124,85262,23,167,85264],"class_list":["post-392584","post","type-post","status-publish","format-standard","has-post-thumbnail","category-deportes","tag-casa-real","tag-consejo-superior-de-deportes","tag-deporte-base","tag-deporte-femenino","tag-deportes","tag-es","tag-espana","tag-excelencia-deportiva","tag-igualdad","tag-inclusion","tag-medallistas-olimpicos","tag-paris-2024","tag-premios-nacionales-del-deporte","tag-spain","tag-sports","tag-talento-joven"],"share_on_mastodon":{"url":"https:\/\/pubeurope.com\/@es\/116055728715601485","error":""},"_links":{"self":[{"href":"https:\/\/www.europesays.com\/es\/wp-json\/wp\/v2\/posts\/392584","targetHints":{"allow":["GET"]}}],"collection":[{"href":"https:\/\/www.europesays.com\/es\/wp-json\/wp\/v2\/posts"}],"about":[{"href":"https:\/\/www.europesays.com\/es\/wp-json\/wp\/v2\/types\/post"}],"author":[{"embeddable":true,"href":"https:\/\/www.europesays.com\/es\/wp-json\/wp\/v2\/users\/2"}],"replies":[{"embeddable":true,"href":"https:\/\/www.europesays.com\/es\/wp-json\/wp\/v2\/comments?post=392584"}],"version-history":[{"count":0,"href":"https:\/\/www.europesays.com\/es\/wp-json\/wp\/v2\/posts\/392584\/revisions"}],"wp:featuredmedia":[{"embeddable":true,"href":"https:\/\/www.europesays.com\/es\/wp-json\/wp\/v2\/media\/392585"}],"wp:attachment":[{"href":"https:\/\/www.europesays.com\/es\/wp-json\/wp\/v2\/media?parent=392584"}],"wp:term":[{"taxonomy":"category","embeddable":true,"href":"https:\/\/www.europesays.com\/es\/wp-json\/wp\/v2\/categories?post=392584"},{"taxonomy":"post_tag","embeddable":true,"href":"https:\/\/www.europesays.com\/es\/wp-json\/wp\/v2\/tags?post=392584"}],"curies":[{"name":"wp","href":"https:\/\/api.w.org\/{rel}","templated":true}]}}